{"id":4529,"date":"2017-03-26T10:35:42","date_gmt":"2017-03-26T07:35:42","guid":{"rendered":"http:\/\/www.editiespecialapress.ro\/?p=4529"},"modified":"2017-03-26T10:35:42","modified_gmt":"2017-03-26T07:35:42","slug":"judecatoarea-francisca-vasile-de-la-i-c-c-j-a-primit-suma-de-300-000-de-euro-pentru-a-i-scapa-de-puscarie-pe-viorel-hrebenciuc-si-pe-altii-acuza-s-r-i-ul-de-stenograme-modificate-ei-neavand-asemen","status":"publish","type":"post","link":"https:\/\/www.editiespecialapress.ro\/newtest\/2017\/03\/26\/judecatoarea-francisca-vasile-de-la-i-c-c-j-a-primit-suma-de-300-000-de-euro-pentru-a-i-scapa-de-puscarie-pe-viorel-hrebenciuc-si-pe-altii-acuza-s-r-i-ul-de-stenograme-modificate-ei-neavand-asemen\/","title":{"rendered":"Judec\u0103toarea Francisca Vasile de la I.C.C.J. a primit suma de 300.000 de euro pentru a-i sc\u0103pa de pu\u0219c\u0103rie pe Viorel Hrebenciuc \u0219i pe al\u0163ii. Acuz\u0103 S.R.I.-ul de stenograme modificate, ei neav\u00e2nd asemenea fapte."},"content":{"rendered":"<figure id=\"attachment_4530\" aria-describedby=\"caption-attachment-4530\" style=\"width: 310px\" class=\"wp-caption alignleft\"><a href=\"http:\/\/www.editiespecialapress.ro\/wp\/wp-content\/uploads\/2017\/03\/Cea-mai-corupt\u0103-judec\u0103toare-din-I.C.C.J.-Francisca-Vasile.jpg\"><img loading=\"lazy\" decoding=\"async\" class=\" wp-image-4530\" src=\"http:\/\/www.editiespecialapress.ro\/wp\/wp-content\/uploads\/2017\/03\/Cea-mai-corupt\u0103-judec\u0103toare-din-I.C.C.J.-Francisca-Vasile-400x225.jpg\" alt=\"Cea mai corupt\u0103 judec\u0103toare din I.C.C.J., Francisca Vasile\" width=\"310\" height=\"179\" \/><\/a><figcaption id=\"caption-attachment-4530\" class=\"wp-caption-text\">Cea mai corupt\u0103 judec\u0103toare din I.C.C.J., Francisca Vasile<\/figcaption><\/figure>\n<p>Judec\u0103toarea Francisca Vasile a \u00eencasat 300.000 de euro de la cel mai bun prieten P.S.D.-ist, Viorel Hrebenciuc, dosarul fiind \u00eentors la D.N.A. pentru diversiunile din \u00eencheierea de \u0219edin\u0163\u0103 abuziv\u0103, acuz\u00e2nd S.R.I.-ul c\u0103 a modificat stenograme, S.R.I.-ul neefectu\u00e2nd niciodat\u0103 stenograme.<\/p>\n<p>Dragii no\u0219tri cititori, continu\u0103m \u00een aceast\u0103 edi\u0163ie cu cea mai mare corupt\u0103 judec\u0103toare de la I.C.C.J., Francisca Vasile, S.R.I.-ul acuzat \u00een mod abuziv de ea c\u0103 a f\u0103cut stenograme modificate, acest serviciu nu efectueaz\u0103 stenograme.<\/p>\n<p>Corupt\u0103 total, Francisca Vasile, judec\u0103tor al I.C.C.J., sec\u0163ia penal\u0103, a luat leg\u0103tura cu infractorul Viorel Hrebenciuc pentru a acuza S.R.I.-ul \u0219i D.N.A.-ul c\u0103 ar fi manipulat \u0219i modificat stenogramele \u00een baza c\u0103rora au fost aresta\u0163i prin\u0163ul Paltin Sturdza, Viorel Hrebenciuc \u0219i Ioan Adam.<\/p>\n<figure id=\"attachment_4531\" aria-describedby=\"caption-attachment-4531\" style=\"width: 225px\" class=\"wp-caption alignright\"><a href=\"http:\/\/www.editiespecialapress.ro\/wp\/wp-content\/uploads\/2017\/03\/De-frica-pu\u0219c\u0103riei-Viorel-Hrebenciuc-a-apelat-la-Francisca-i-a-\u00eenm\u00e2nat-cei-300.000-de-euro-pentru-a-l-ajuta-s\u0103-altereze-\u00eenregistr\u0103rile-audio-video.jpg\"><img loading=\"lazy\" decoding=\"async\" class=\"size-medium wp-image-4531\" src=\"http:\/\/www.editiespecialapress.ro\/wp\/wp-content\/uploads\/2017\/03\/De-frica-pu\u0219c\u0103riei-Viorel-Hrebenciuc-a-apelat-la-Francisca-i-a-\u00eenm\u00e2nat-cei-300.000-de-euro-pentru-a-l-ajuta-s\u0103-altereze-\u00eenregistr\u0103rile-audio-video-225x300.jpg\" alt=\"De frica pu\u0219c\u0103riei, Viorel Hrebenciuc a apelat la Francisca, i-a \u00eenm\u00e2nat cei 300.000 de euro pentru a-l ajuta s\u0103 altereze \u00eenregistr\u0103rile audio-video\" width=\"225\" height=\"300\" \/><\/a><figcaption id=\"caption-attachment-4531\" class=\"wp-caption-text\">De frica pu\u0219c\u0103riei, Viorel Hrebenciuc a apelat la Francisca, i-a \u00eenm\u00e2nat cei 300.000 de euro pentru a-l ajuta s\u0103 altereze \u00eenregistr\u0103rile audio-video<\/figcaption><\/figure>\n<p>\u00cen primul r\u00e2nd, S.R.I.-ul nu are voie \u0219i nu a efectuat servicii pentru transcrieri certificate, de acestea se ocup\u0103 societ\u0103\u0163i comerciale specializate \u00een transcrieri sau se mai pot face de c\u0103tre ofi\u0163erii de la Judiciar. Bestia de judec\u0103tor Francisca bate c\u00e2mpii \u00een \u00eencheierea abuziv\u0103. Banii lui Hrebenciuc i-au luat min\u0163ile. Bestia mai arat\u0103 \u00een \u00eencheiere c\u0103 dosarul prin care au fost aresta\u0163i fo\u0219tii parlamentari Viorel Hrebenciuc \u0219i Ioan Adam a fost f\u0103cut pe baza unor stenograme modificate de S.R.I. Dac\u0103 S.R.I.-ul nu are voie s\u0103 efectueze servicii pentru transcrieri, efectueaz\u0103 doar servicii de interceptat la care se \u00eentocmeau procese-verbale, predau \u00eenregistr\u0103rile poli\u0163i\u0219tilor de la Judiciar sau procurorilor.<\/p>\n<p>Cum poate acuza aceast\u0103 bestie de judec\u0103tor ofi\u0163erii sau S.R.I.-ul de transcrieri certificate? Numai o nebun\u0103 isteric\u0103 poate face a\u0219a ceva. Ea crede c\u0103 e de capul ei, face ce vrea \u0219i c\u00e2nd vrea Hrebenciuc, iar c\u00e2nd se \u00eent\u00e2lnesc ei pe ascuns hot\u0103r\u0103sc numai ilegalit\u0103\u0163i. Nebuna de Francisca mai scrie \u00een \u00eencheierea abuziv\u0103 c\u0103 sintagma folosit\u0103 de Paltin Sturdza \u201efaza a doua\u201d a devenit \u00een transcriere \u201e\u0219paga a doua\u201d. Cic\u0103 avoca\u0163ii infractorilor au identificat 1300 de alter\u0103ri \u00een intercept\u0103ri dup\u0103 ce au confruntat transcrierile din rechizitoriu cu \u00eenregistr\u0103rile f\u0103cute de prin\u0163. \u00cenregistr\u0103rile \u0219i film\u0103rile f\u0103cute de prin\u0163 cic\u0103 ar fi fost confiscate la perchezi\u0163ii. Unde s-a mai pomenit ca infractorul s\u0103 se \u00eenregistreze audio-video c\u00e2nd comite infrac\u0163iuni? Infractorii se feresc tot timpul s\u0103 nu apar\u0103 \u00een \u00eenregistr\u0103ri audio-video. Ce f\u0103c\u0103turi au g\u0103sit poli\u0163i\u0219tii de la Judiciar nu ne putem \u00eenchipui, dar ne g\u00e2ndim la o nesim\u0163ire din partea judec\u0103toarei nebune prin a aranja cu Viorel Hrebenciuc \u0219i cu avoca\u0163ii infractorilor s\u0103 altereze \u00eenregistr\u0103rile audio-video \u00een favoarea infractorilor, nicidecum \u00een favoarea D.N.A.<\/p>\n<p>&nbsp;<\/p>\n<figure id=\"attachment_4532\" aria-describedby=\"caption-attachment-4532\" style=\"width: 200px\" class=\"wp-caption alignleft\"><a href=\"http:\/\/www.editiespecialapress.ro\/wp\/wp-content\/uploads\/2017\/03\/Ioan-Adam-b\u0103iat-de-b\u0103iat-care-i-a-\u00eenm\u00e2nat-alte-sute-de-mii-de-euro-Francisc\u0103i.jpg\"><img loading=\"lazy\" decoding=\"async\" class=\" wp-image-4532\" src=\"http:\/\/www.editiespecialapress.ro\/wp\/wp-content\/uploads\/2017\/03\/Ioan-Adam-b\u0103iat-de-b\u0103iat-care-i-a-\u00eenm\u00e2nat-alte-sute-de-mii-de-euro-Francisc\u0103i-225x300.jpg\" alt=\"Ioan Adam, b\u0103iat de b\u0103iat care i-a \u00eenm\u00e2nat alte sute de mii de euro Francisc\u0103i\" width=\"200\" height=\"263\" \/><\/a><figcaption id=\"caption-attachment-4532\" class=\"wp-caption-text\">Ioan Adam, b\u0103iat de b\u0103iat care i-a \u00eenm\u00e2nat alte sute de mii de euro Francisc\u0103i<\/figcaption><\/figure>\n<p>Mai arat\u0103 judec\u0103toarea nebun\u0103: \u00eenlocuiri de cuvinte, omisiuni de replici, cuvinte, sintagme, introducere de cuvinte, de propozi\u0163ii \u00eentregi, amalgamarea interlocutorilor, a replicilor, modificarea sensului prin semne de punctua\u0163ie. Toate acestea ar fi fost constatate de judec\u0103torul de camer\u0103 preliminar\u0103 a Cur\u0163ii Supreme. Cine poate fi dec\u00e2t psihopata Vasile Francisca?! Aceast\u0103 judec\u0103toare face \u0219i pe experta, a luat locul altora. Ce fac cei 300.000 de euro ai lui Viorel Hrebenciuc?! Minuni dr\u0103ce\u0219ti! Cum e posibil ca \u0219i avoca\u0163ii pe timp de noapte s\u0103 intre \u00een institu\u0163ia numit\u0103 I.C.C.J. \u0219i s\u0103 falsifice \u00eenregistr\u0103rile audio-video pentru a nu mai da cu stenogramele efectuate de ofi\u0163erii de la Judiciar sau de al\u0163i exper\u0163i \u00een transcrieri, nicidecum S.R.I.-ul. Ce mult au interesat-o pe Francisca Vasile acest dosar \u0219i altele de unde \u00ee\u0219i ia chiar \u0219i milioane de euro! P.S.D.-i\u0219tii sunt la \u00een\u0103l\u0163ime, au to\u0163i intrare la ea \u0219i la alte corupte. Ce s-a obosit nebuna cu avoca\u0163ii \u0219i cu Viorel s\u0103 fac\u0103 tot felul de falsuri \u00een dosar pentru a-\u0219i sc\u0103pa prietenii cu dare de m\u00e2n\u0103! Unde are clien\u0163i gra\u0219i cu dare de m\u00e2n\u0103 se implic\u0103 \u00een activitate \u0219i noaptea. Curtea Suprem\u0103 a fost \u0219i este pentru ea o afacere profitabil\u0103. Lucreaz\u0103 ca la un S.R.L. Dementa a luat \u0219i dosarul acas\u0103 pentru a aranja mai bine alterarea probelor audio-video \u0219.a.m.d. Se chinuie de mai mult timp s\u0103-i scape de pu\u0219c\u0103rie pe infractorii P.S.D. Hoa\u0163a strig\u0103 \u201eHo\u0163ii!\u201d. Ho\u0163ii au alterat probele ca s\u0103 vin\u0103 procurorii s\u0103-i cerceteze pe ofi\u0163erii S.R.I. Ofi\u0163erii S.R.I. nu fac stenograme \u0219i nu au f\u0103cut niciodat\u0103, \u00eentruc\u00e2t nu le permite legea \u0219i nici procurorii nu au putut solicita niciodat\u0103 a\u0219a ceva.<\/p>\n<figure id=\"attachment_4533\" aria-describedby=\"caption-attachment-4533\" style=\"width: 400px\" class=\"wp-caption alignright\"><a href=\"http:\/\/www.editiespecialapress.ro\/wp\/wp-content\/uploads\/2017\/03\/Paltin-Gheorghe-Sturdza-alt-b\u0103iat-de-b\u0103iat-care-a-plusat-euro-sute-de-mii-Francisc\u0103i.jpg\"><img loading=\"lazy\" decoding=\"async\" class=\"size-medium wp-image-4533\" src=\"http:\/\/www.editiespecialapress.ro\/wp\/wp-content\/uploads\/2017\/03\/Paltin-Gheorghe-Sturdza-alt-b\u0103iat-de-b\u0103iat-care-a-plusat-euro-sute-de-mii-Francisc\u0103i-400x233.jpg\" alt=\"Paltin Gheorghe Sturdza, alt b\u0103iat de b\u0103iat care a plusat euro sute de mii Francisc\u0103i\" width=\"400\" height=\"233\" \/><\/a><figcaption id=\"caption-attachment-4533\" class=\"wp-caption-text\">Paltin Gheorghe Sturdza, alt b\u0103iat de b\u0103iat care a plusat euro sute de mii Francisc\u0103i<\/figcaption><\/figure>\n<p>Se mai vait\u0103 Francisca \u00een \u00eencheierea de \u0219edin\u0163\u0103 c\u0103 modific\u0103rile f\u0103cute au afectat grav ancheta, de parc\u0103 ea ar fi efectuat ancheta, nu ofi\u0163erii de la Judiciar \u0219i procurorii. Francisca se fisureaz\u0103 ca to\u0163i infractorii de duzin\u0103 \u0219i mai dezinformeaz\u0103 \u00een \u00eencheiere: \u201eAstfel, sus\u0163inerea c\u0103 sintagma &lt;&lt;\u0219paga a doua&gt;&gt; are acelea\u0219i consecin\u0163e \u0219i \u00een\u0163eles \u00een cadrul procesului penal ca \u0219i sintagma &lt;&lt;faza a doua&gt;&gt; este nefundamentat\u0103. Sintagma &lt;&lt;\u0219paga a doua&gt;&gt; nu numai c\u0103 are leg\u0103tur\u0103 cu obiectul material al infrac\u0163iunilor imputate peten\u0163ilor, dar are \u0219i aptitudinea de a constitui un probatoriu direct, util \u0219i eficient \u00een raport cu acuza\u0163ia, elemente ce lipsesc \u00een situa\u0163ia sintagmei &lt;&lt;faza a doua&gt;&gt;. (&#8230;) Greutatea acestor alter\u0103ri face inutil\u0103 examinarea altora similare.\u201d C\u00e2t de nebun\u0103 po\u0163i s\u0103 fii ca femeie s\u0103 te duci cu infractorii noaptea \u00een institu\u0163ia numit\u0103 Curte Suprem\u0103 \u0219i s\u0103 alterezi \u00eenregistr\u0103rile audio-video pentru a nu mai ap\u0103rea cuvintele infractorilor \u0219i pentru a putea face acuza\u0163ii c\u0103tre ofi\u0163erii S.R.I. \u0219i ofi\u0163erii de la Judiciar ai D.N.A.<\/p>\n<p>&nbsp;<\/p>\n<figure id=\"attachment_4534\" aria-describedby=\"caption-attachment-4534\" style=\"width: 221px\" class=\"wp-caption alignleft\"><a href=\"http:\/\/www.editiespecialapress.ro\/wp\/wp-content\/uploads\/2017\/03\/Dan-Costin-Bengescu-profesor-\u00een-a-da-\u0219p\u0103gi-judec\u0103rorilor.jpg\"><img loading=\"lazy\" decoding=\"async\" class=\" wp-image-4534\" src=\"http:\/\/www.editiespecialapress.ro\/wp\/wp-content\/uploads\/2017\/03\/Dan-Costin-Bengescu-profesor-\u00een-a-da-\u0219p\u0103gi-judec\u0103rorilor-289x300.jpg\" alt=\"Dan Costin Bengescu, profesor \u00een a da \u0219p\u0103gi judec\u0103torilor\" width=\"221\" height=\"229\" \/><\/a><figcaption id=\"caption-attachment-4534\" class=\"wp-caption-text\">Dan Costin Bengescu, profesor \u00een a da \u0219p\u0103gi judec\u0103torilor<\/figcaption><\/figure>\n<p>Unde a putut ajunge aceast\u0103 infractoare de judec\u0103toare cu infractorii ei avoca\u0163i ai infractorilor \u0219i cu nenea Viorel Hrebenciuc?! Ea nu \u0219tie c\u0103 mai sunt \u0219i al\u0163ii pe urmele lor, fac pe pro\u0219tii, dar o s\u0103 le prind\u0103 r\u0103u. Mintea lor alterat\u0103 viseaz\u0103 numai euro \u0219i nu monitoriz\u0103ri profesionale, legale. Au s-o trag\u0103 cum a tras-o \u0219i Musta\u0163\u0103 judec\u0103torul. Noi dac\u0103 \u00eei \u00eempiedic\u0103m s\u0103 mai comit\u0103 \u0219i alte infrac\u0163iuni la dosar \u0219i la alte dosare suntem r\u0103i! S\u0103 vad\u0103 ei ce r\u0103i ne vom face noi c\u00e2nd le vom face pl\u00e2ngere penal\u0103 \u0219i vom solicita \u00eenregistr\u0103rile video din incinta institu\u0163iei, unde vor ap\u0103rea to\u0163i infractorii \u00een frunte cu Francisca. O s\u0103 declare c\u0103 se plimbau noaptea prin Curtea Suprem\u0103, nu c\u0103 au urcat mai mul\u0163i \u00een biroul Francisc\u0103i Vasile. Se prepar\u0103 probele str\u00e2nse de procurori ca motoarele de curse, tot s\u0103 aib\u0103 avantaj nea Viorel Hrebenciuc \u0219i al\u0163ii din dosar. Se chinuie Francisca s\u0103 altereze probe \u0219i s\u0103 le invoce modificate ca la nebuni.<\/p>\n<figure id=\"attachment_4535\" aria-describedby=\"caption-attachment-4535\" style=\"width: 347px\" class=\"wp-caption alignright\"><a href=\"http:\/\/www.editiespecialapress.ro\/wp\/wp-content\/uploads\/2017\/03\/Palatul-de-afaceri-al-judec\u0103torilor-I.C.C.J..jpg\"><img loading=\"lazy\" decoding=\"async\" class=\" wp-image-4535\" src=\"http:\/\/www.editiespecialapress.ro\/wp\/wp-content\/uploads\/2017\/03\/Palatul-de-afaceri-al-judec\u0103torilor-I.C.C.J.-400x247.jpg\" alt=\"Palatul de afaceri al judec\u0103torilor I.C.C.J.\" width=\"347\" height=\"218\" \/><\/a><figcaption id=\"caption-attachment-4535\" class=\"wp-caption-text\">Palatul de afaceri al judec\u0103torilor I.C.C.J.<\/figcaption><\/figure>\n<p>Viorel Hrebenciuc, Ioan Adam, Paltin Gheorghe Sturdza \u0219i Dan Costin Bengescu au fost acuza\u0163i de constituirea unui grup infrac\u0163ional prin care urm\u0103reau s\u0103 ob\u0163in\u0103 venituri prin cump\u0103rare de influen\u0163\u0103 sau prin folosirea func\u0163iilor. Dosarul vizeaz\u0103 retrocedarea a 43.000 de hectare de p\u0103dure \u00een baza unor decizii ilegale ale unor judec\u0103tori cu implicarea unor parlamentari pentru ob\u0163inerea ilegal\u0103 a unor sume mari de bani. Grupul infrac\u0163ional ar fi folosit firme offshore pentru ascunderea banilor. P\u00e2n\u0103 la aceast\u0103 or\u0103 at\u00e2t a putut face judec\u0103toarea pentru infractori prieteni de-ai ei. Din informa\u0163iile noastre a reie\u0219it c\u0103 numai Viorel Hrebenciuc i-ar fi dat 300.000 de euro Francisc\u0103i, restul v\u0103 cam \u00eenchipui\u0163i c\u00e2t au plusat. Francisca se va autodistruge \u0219i va fi distrus\u0103 de un dosar profesional \u00eentocmit. Solicit\u0103m autosesizare din partea prim-procurorului D.N.A. Bucure\u0219ti, precum \u0219i a pre\u0219edintelui C.S.M.<\/p>\n<p><strong>Articol de Soare Ninel<\/strong><\/p>\n","protected":false},"excerpt":{"rendered":"<p>Judec\u0103toarea Francisca Vasile a \u00eencasat 300.000 de euro de la cel mai bun prieten P.S.D.-ist, Viorel Hrebenciuc, dosarul fiind \u00eentors la D.N.A. pentru diversiunile din \u00eencheierea de \u0219edin\u0163\u0103 abuziv\u0103, acuz\u00e2nd S.R.I.-ul c\u0103 a modificat stenograme, S.R.I.-ul neefectu\u00e2nd niciodat\u0103 stenograme. Dragii no\u0219tri cititori, continu\u0103m \u00een aceast\u0103 edi\u0163ie cu cea mai mare corupt\u0103 judec\u0103toare de la I.C.C.J., [&hellip;]<\/p>\n","protected":false},"author":2,"featured_media":4536,"comment_status":"closed","ping_status":"open","sticky":false,"template":"","format":"standard","meta":{"footnotes":""},"categories":[2],"tags":[509,265,510,511,512,513],"class_list":{"0":"post-4529","1":"post","2":"type-post","3":"status-publish","4":"format-standard","5":"has-post-thumbnail","7":"category-ancheta","8":"tag-dan-costin-bengescu","9":"tag-francisca-vasile","10":"tag-i-c-c-j","11":"tag-ioan-adam","12":"tag-paltin-sturdza","13":"tag-viorel-hrebenciuc"},"_links":{"self":[{"href":"https:\/\/www.editiespecialapress.ro\/newtest\/wp-json\/wp\/v2\/posts\/4529","targetHints":{"allow":["GET"]}}],"collection":[{"href":"https:\/\/www.editiespecialapress.ro\/newtest\/wp-json\/wp\/v2\/posts"}],"about":[{"href":"https:\/\/www.editiespecialapress.ro\/newtest\/wp-json\/wp\/v2\/types\/post"}],"author":[{"embeddable":true,"href":"https:\/\/www.editiespecialapress.ro\/newtest\/wp-json\/wp\/v2\/users\/2"}],"replies":[{"embeddable":true,"href":"https:\/\/www.editiespecialapress.ro\/newtest\/wp-json\/wp\/v2\/comments?post=4529"}],"version-history":[{"count":0,"href":"https:\/\/www.editiespecialapress.ro\/newtest\/wp-json\/wp\/v2\/posts\/4529\/revisions"}],"wp:featuredmedia":[{"embeddable":true,"href":"https:\/\/www.editiespecialapress.ro\/newtest\/wp-json\/"}],"wp:attachment":[{"href":"https:\/\/www.editiespecialapress.ro\/newtest\/wp-json\/wp\/v2\/media?parent=4529"}],"wp:term":[{"taxonomy":"category","embeddable":true,"href":"https:\/\/www.editiespecialapress.ro\/newtest\/wp-json\/wp\/v2\/categories?post=4529"},{"taxonomy":"post_tag","embeddable":true,"href":"https:\/\/www.editiespecialapress.ro\/newtest\/wp-json\/wp\/v2\/tags?post=4529"}],"curies":[{"name":"wp","href":"https:\/\/api.w.org\/{rel}","templated":true}]}}