{"id":4579,"date":"2017-04-12T13:54:27","date_gmt":"2017-04-12T10:54:27","guid":{"rendered":"http:\/\/www.editiespecialapress.ro\/?p=4579"},"modified":"2017-04-12T13:54:27","modified_gmt":"2017-04-12T10:54:27","slug":"paste-fericit-primaria-stolnici","status":"publish","type":"post","link":"https:\/\/www.editiespecialapress.ro\/newtest\/2017\/04\/12\/paste-fericit-primaria-stolnici\/","title":{"rendered":"Pa\u0219te fericit! &#8211; Prim\u0103ria Stolnici"},"content":{"rendered":"<p>V\u0103 dorim lini\u0219te \u0219i fericire \u00een aceste zile speciale, \u00eembog\u0103\u0163ite de aroma bucatelor tradi\u0163ionale \u015fi de parfumul florilor de primavar\u0103. Pa\u0219te fericit!<\/p>\n<p style=\"text-align: right;\"><strong>Prim\u0103ria Stolnici (AG), <\/strong><\/p>\n<p style=\"text-align: right;\"><strong>primar Pup\u0103z\u0103 Ro\u0219u Sevastian \u00eempreun\u0103 cu angaja\u021bii prim\u0103riei \u0219i consiliul local<\/strong><\/p>\n","protected":false},"excerpt":{"rendered":"<p>V\u0103 dorim lini\u0219te \u0219i fericire \u00een aceste zile speciale, \u00eembog\u0103\u0163ite de aroma bucatelor tradi\u0163ionale \u015fi de parfumul florilor de primavar\u0103. Pa\u0219te fericit! Prim\u0103ria Stolnici (AG), primar Pup\u0103z\u0103 Ro\u0219u Sevastian \u00eempreun\u0103 cu angaja\u021bii prim\u0103riei \u0219i consiliul local<\/p>\n","protected":false},"author":2,"featured_media":4580,"comment_status":"closed","ping_status":"open","sticky":false,"template":"","format":"standard","meta":{"footnotes":""},"categories":[4],"tags":[],"class_list":{"0":"post-4579","1":"post","2":"type-post","3":"status-publish","4":"format-standard","5":"has-post-thumbnail","7":"category-felicitari"},"_links":{"self":[{"href":"https:\/\/www.editiespecialapress.ro\/newtest\/wp-json\/wp\/v2\/posts\/4579","targetHints":{"allow":["GET"]}}],"collection":[{"href":"https:\/\/www.editiespecialapress.ro\/newtest\/wp-json\/wp\/v2\/posts"}],"about":[{"href":"https:\/\/www.editiespecialapress.ro\/newtest\/wp-json\/wp\/v2\/types\/post"}],"author":[{"embeddable":true,"href":"https:\/\/www.editiespecialapress.ro\/newtest\/wp-json\/wp\/v2\/users\/2"}],"replies":[{"embeddable":true,"href":"https:\/\/www.editiespecialapress.ro\/newtest\/wp-json\/wp\/v2\/comments?post=4579"}],"version-history":[{"count":0,"href":"https:\/\/www.editiespecialapress.ro\/newtest\/wp-json\/wp\/v2\/posts\/4579\/revisions"}],"wp:featuredmedia":[{"embeddable":true,"href":"https:\/\/www.editiespecialapress.ro\/newtest\/wp-json\/"}],"wp:attachment":[{"href":"https:\/\/www.editiespecialapress.ro\/newtest\/wp-json\/wp\/v2\/media?parent=4579"}],"wp:term":[{"taxonomy":"category","embeddable":true,"href":"https:\/\/www.editiespecialapress.ro\/newtest\/wp-json\/wp\/v2\/categories?post=4579"},{"taxonomy":"post_tag","embeddable":true,"href":"https:\/\/www.editiespecialapress.ro\/newtest\/wp-json\/wp\/v2\/tags?post=4579"}],"curies":[{"name":"wp","href":"https:\/\/api.w.org\/{rel}","templated":true}]}}