{"id":4642,"date":"2017-05-17T01:00:26","date_gmt":"2017-05-16T22:00:26","guid":{"rendered":"http:\/\/www.editiespecialapress.ro\/?p=4642"},"modified":"2017-05-17T01:00:26","modified_gmt":"2017-05-16T22:00:26","slug":"4642","status":"publish","type":"post","link":"https:\/\/www.editiespecialapress.ro\/newtest\/2017\/05\/17\/4642\/","title":{"rendered":"Comisarul Cump\u0103na\u0219u Liviu de la sec\u0163ia nr. 4 de mili\u0163ie Pite\u0219ti a favorizat \u0219i favorizeaz\u0103 un ex pre\u0219edinte fictiv, Pavel Nicolae, al Comunit\u0103\u0163ii Etniei Romilor \u2013 filiala Pite\u0219ti; directorul Constantin Zechil, inspector Gheorghe Zaharia \u0219i consilier juridic Iulia Iordache Bratu au \u00eenghi\u0163it \u0219p\u0103gi pentru avizarea conven\u0163iilor, sute de mii de euro."},"content":{"rendered":"<figure id=\"attachment_4644\" aria-describedby=\"caption-attachment-4644\" style=\"width: 178px\" class=\"wp-caption alignleft\"><a href=\"http:\/\/www.editiespecialapress.ro\/wp\/wp-content\/uploads\/2017\/05\/Ex-primarul-Pite\u0219tiului-Tudor-Pendiuc-a-furat-banii-UE-\u0219i-ai-Ministerului-Dezvolt\u0103rii-cu-un-pre\u0219edinte-de-asocia\u0163ie-fictiv-e1494960790790.jpg\"><img loading=\"lazy\" decoding=\"async\" class=\" wp-image-4644\" src=\"http:\/\/www.editiespecialapress.ro\/wp\/wp-content\/uploads\/2017\/05\/Ex-primarul-Pite\u0219tiului-Tudor-Pendiuc-a-furat-banii-UE-\u0219i-ai-Ministerului-Dezvolt\u0103rii-cu-un-pre\u0219edinte-de-asocia\u0163ie-fictiv-200x300.jpg\" alt=\"Ex primarul Pite\u0219tiului Tudor Pendiuc a furat banii UE \u0219i ai Ministerului Dezvolt\u0103rii cu un pre\u0219edinte de asocia\u0163ie fictiv\" width=\"178\" height=\"262\" \/><\/a><figcaption id=\"caption-attachment-4644\" class=\"wp-caption-text\">Ex primarul Pite\u0219tiului Tudor Pendiuc a furat banii UE \u0219i ai Ministerului Dezvolt\u0103rii cu un pre\u0219edinte de asocia\u0163ie fictiv<\/figcaption><\/figure>\n<p>Comisarul Cump\u0103na\u0219u Liviu l-a favorizat pe pre\u0219edintele fictiv al Comunit\u0103\u0163ii Etniei Romilor \u2013 filiala Pite\u0219ti\u00a0 timp de doi ani de zile \u00een dosarul nr. 8386\/P\/2015. Nicolae Pavel i-a dat \u0219p\u0103gi \u0219i diferite foloase necuvenite \u00een valoare de peste 20.000 de euro. Directorul Constantin Zechil, inspector de specialitate Gheorghe Zaharia \u0219i consilier juridic Iulia Iordache Bratu de la Serviciul de Exploatare a Patrimoniului Municipiului Pite\u0219ti au avizat sute de conven\u0163ii pentru \u0219p\u0103gi de 1000 de euro la o conven\u0163ie, panouri publicitare \u0219.a.m.d. \u00eenchiriate pentru mii de euro pe lun\u0103, \u0219paga se \u0219tie.<\/p>\n<p>Dragii no\u0219tri cititori, continu\u0103m \u00een aceast\u0103 edi\u0163ie cu un comisar corupt total de Nicolae Pavel, care a fost favorizat de cms Cump\u0103na\u0219u timp de doi ani de zile \u00een dosarul nr. 8386\/P\/2015; directorul Zechil \u0219i restul au luat \u0219p\u0103gi la greu pentru a aviza conven\u0163ii \u0219i pentru a \u00eenchiria panouri publicitare pe raza municipiului Pite\u0219ti, precum \u0219i pentru a \u00eenchiria pe \u0219pag\u0103 \u0219i alte bunuri din patrimoniul Prim\u0103riei Pite\u0219ti.<\/p>\n<figure id=\"attachment_4645\" aria-describedby=\"caption-attachment-4645\" style=\"width: 253px\" class=\"wp-caption alignright\"><a href=\"http:\/\/www.editiespecialapress.ro\/wp\/wp-content\/uploads\/2017\/05\/Primarul-Pite\u0219tiului-Cornel-Ionic\u0103-a-contribuit-\u0219i-el-la-furat-banul-UE-etc.-cu-Pavelic\u0103-fictivul-e1494960856941.jpg\"><img loading=\"lazy\" decoding=\"async\" class=\" wp-image-4645\" src=\"http:\/\/www.editiespecialapress.ro\/wp\/wp-content\/uploads\/2017\/05\/Primarul-Pite\u0219tiului-Cornel-Ionic\u0103-a-contribuit-\u0219i-el-la-furat-banul-UE-etc.-cu-Pavelic\u0103-fictivul-400x273.jpg\" alt=\"Primarul Pite\u0219tiului - Cornel Ionic\u0103 - a contribuit \u0219i el la furat banul UE etc. cu Pavelic\u0103 fictivul\" width=\"253\" height=\"175\" \/><\/a><figcaption id=\"caption-attachment-4645\" class=\"wp-caption-text\">Primarul Pite\u0219tiului &#8211; Cornel Ionic\u0103 &#8211; a contribuit \u0219i el la furat banul UE etc. cu Pavelic\u0103 fictivul<\/figcaption><\/figure>\n<p>Doamna Adam Mariana din Pite\u0219ti a f\u0103cut o conven\u0163ie cu ex pre\u0219edintele fictiv, Pavel Nicolae, pe atunci chipurile \u0219eful Comunit\u0103\u0163ii Etniei Romilor \u2013 filiala Pite\u0219ti, pentru a-i da \u00een folosin\u0163\u0103 o camer\u0103 din blocul Coremi din bulevardul Petrochimi\u0219tilor, Municipiul Pite\u0219ti. Dup\u0103 ce i-a aprobat fictivul pre\u0219edinte Nicolae Pavel conven\u0163ia, romul a \u00eenceput s\u0103-i cear\u0103 bani pentru realizarea unui balcon \u0219i pentru fondul de rulment. Nu mai punem c\u0103 \u00eei cerea femeii s\u0103 pl\u0103teasc\u0103 1 leu pe kw \u0219i \u00eentre\u0163inerea 300 de lei var\u0103, iarn\u0103, toamn\u0103, prim\u0103var\u0103 non-stop.<\/p>\n<p>Doamna Adam Mariana nu a vrut s\u0103-i dea bani pentru construirea balconului, \u0219tiind c\u0103 pre\u0219edintele fictiv \u00eei va \u00een\u0219ela at\u00e2t pe ea c\u00e2t \u0219i pe cele 100 de familii din blocul Coremi. Romul a \u00eenceput s\u0103 \u00eenjure \u0219i i-a trimis un proces-verbal cu nr. 314 din 10.08.2015, potrivit c\u0103ruia \u00eencep\u00e2nd cu data de 08.08.2015 conven\u0163ia-contract a expirat, contractul doamnei nu mai este valabil, Comunitatea Etniei Romilor nu mai aprob\u0103 prelungirea contractului pe o perioad\u0103 de 5 ani, din cauza comportamentului indecent, xenofob \u0219i rasist. Din aceste motive, spune el, doamna este somat\u0103 ca \u00een termen de 15 zile s\u0103 p\u0103r\u0103seasc\u0103 imobilul, mai precis camera nr. 15 parter \u00een care locuie\u0219te. Pre\u0219edintele fictiv a semnat procesul-verbal, a pus \u0219i \u0219tampila Comunit\u0103\u0163ii Etniei Romilor \u2013 filiala Pite\u0219ti.<\/p>\n<figure id=\"attachment_4646\" aria-describedby=\"caption-attachment-4646\" style=\"width: 172px\" class=\"wp-caption alignleft\"><a href=\"http:\/\/www.editiespecialapress.ro\/wp\/wp-content\/uploads\/2017\/05\/Nicolae-Stelic\u0103-fiul-lui-Pavelic\u0103-care-a-ac\u0163ionat-prompt-cu-tat\u0103l-la-tot-ce-\u00eenseamn\u0103-infrac\u0163iune.jpg\"><img loading=\"lazy\" decoding=\"async\" class=\" wp-image-4646\" src=\"http:\/\/www.editiespecialapress.ro\/wp\/wp-content\/uploads\/2017\/05\/Nicolae-Stelic\u0103-fiul-lui-Pavelic\u0103-care-a-ac\u0163ionat-prompt-cu-tat\u0103l-la-tot-ce-\u00eenseamn\u0103-infrac\u0163iune-225x300.jpg\" alt=\"Nicolae Stelic\u0103, fiul lui Pavelic\u0103, care a ac\u0163ionat prompt cu tat\u0103l la tot ce \u00eenseamn\u0103 infrac\u0163iune\" width=\"172\" height=\"226\" \/><\/a><figcaption id=\"caption-attachment-4646\" class=\"wp-caption-text\">Nicolae Stelic\u0103, fiul lui Pavelic\u0103, care a ac\u0163ionat prompt cu tat\u0103l la tot ce \u00eenseamn\u0103 infrac\u0163iune<\/figcaption><\/figure>\n<p>Acest Pavel Nicolae cu tupeu de rom a b\u0103tut \u0219i \u00eenl\u0103turat un pre\u0219edinte legal instituit, i-a luat cu japca \u0219tampilele asocia\u0163iei \u0219i a lucrat nemernicul de Pavel ca pre\u0219edinte fictiv timp de 15 ani de zile. A semnat sute, mii de conven\u0163ii \u2013 contracte \u00een fals, procese-verbale, chitan\u0163e de \u00eencasare sume pentru \u00eentre\u0163inere la 100 de familii, chitan\u0163e false pentru curent, ap\u0103 \u0219.a.m.d. Primarul Tudor Pendiuc, vice-primarul Cornel Ionic\u0103 \u0219i mul\u0163i din Prim\u0103ria Pite\u0219ti \u0219tiau c\u0103 Nicolae Pavel e un pre\u0219edinte fictiv la blocurile Coremi din bulevardul Petrochimi\u0219tilor. Ace\u0219tia au dat curs mai multor \u0219edin\u0163e la Prim\u0103rie, au solicitat bani, milioane de euro, fonduri europene, bani de la Ministerul Dezvolt\u0103rii \u0219.a.m.d. Tudor Pendiuc \u0219i vicele Cornel Ionic\u0103 au luat bani, s-au f\u0103cut c\u0103 vor moderniza blocurile Coremi, n-au f\u0103cut mai nimic, l-au folosit pe romul Pavel pentru a \u0219tampila \u0219i semna \u00een fals toate documentele, au sustras milioane de euro \u0219i le-au \u00eemp\u0103r\u0163it \u0163ig\u0103ne\u0219te. Pavel avea cea mai mare protec\u0163ie din partea primarului Tudor Pendiuc \u0219i a vicelui Cornel Ionic\u0103. Au fript-o infractorii 15 ani de zile numai cu falsuri \u0219i \u00een schimb \u0219i-au tras milioane de euro, bani UE \u0219i ai statului.<\/p>\n<p>S\u0103 revenim la ce i s-a \u00eent\u00e2mplat victimei Adam Mariana dup\u0103 eliberarea procesului-verbal de evacuare. Pavel Nicolae, Nicolae Stelic\u0103 \u0219i Radu Constantin au spart \u00een data de 25.10.2015 u\u0219a doamnei Adam Mariana. Nenoroci\u0163ii i-au luat 6500 de lei, bani din cas\u0103, care erau str\u00e2n\u0219i pentru nunta unui copil de-ai d\u00e2nsei, \u0219i cu tupeu de romi i-au pus \u0219i alt\u0103 yal\u0103. Romii s-au f\u0103cut st\u0103p\u00e2ni pe toate bunurile din cas\u0103 apar\u0163in\u00e2nd lui Adam Mariana.<\/p>\n<figure id=\"attachment_4647\" aria-describedby=\"caption-attachment-4647\" style=\"width: 206px\" class=\"wp-caption alignright\"><a href=\"http:\/\/www.editiespecialapress.ro\/wp\/wp-content\/uploads\/2017\/05\/Pavel-Nicolae-a-\u00een\u0219elat-b\u0103tut-t\u00e2lh\u0103rit-cet\u0103\u0163eni-locatari-timp-de-15-ani.jpg\"><img loading=\"lazy\" decoding=\"async\" class=\" wp-image-4647\" src=\"http:\/\/www.editiespecialapress.ro\/wp\/wp-content\/uploads\/2017\/05\/Pavel-Nicolae-a-\u00een\u0219elat-b\u0103tut-t\u00e2lh\u0103rit-cet\u0103\u0163eni-locatari-timp-de-15-ani.jpg\" alt=\"Pavel Nicolae a \u00een\u0219elat, b\u0103tut, t\u00e2lh\u0103rit cet\u0103\u0163eni locatari timp de 15 ani\" width=\"206\" height=\"231\" \/><\/a><figcaption id=\"caption-attachment-4647\" class=\"wp-caption-text\">Pavel Nicolae a \u00een\u0219elat, b\u0103tut, t\u00e2lh\u0103rit cet\u0103\u0163eni locatari timp de 15 ani<\/figcaption><\/figure>\n<p>C\u00e2nd a fost anun\u0163at\u0103 victima Adam Mariana c\u0103 i-au spart yala \u0219i au intrat \u00een cas\u0103 romii Pavel, fi-so \u0219i alt infractor, mili\u0163ienii de la sec\u0163ia nr. 4 Prundu, Pite\u0219ti nici m\u0103car nu au dorit s\u0103 vin\u0103 s\u0103 vad\u0103 ce s-a \u00eent\u00e2mplat. Victima a sunat la Poli\u0163ia Municipiului Pite\u0219ti \u0219i de abia atunci au venit criminali\u0219tii. C\u00e2nd luau criminali\u0219tii amprente de pe u\u0219\u0103, Pavel zicea: \u201eAm pus noi yal\u0103, nu v\u0103 d\u0103m voie s\u0103 mai intra\u0163i, e camera mea \u0219i tot ce e \u00een ea \u00eemi apar\u0163ine.\u201d Biata femeie \u00ee\u0219i cump\u0103rase totul nou c\u00e2nd s-a mutat, toate bunurile din cas\u0103 ridic\u00e2ndu-se la suma de 50.000 de lei. Nu i-a dat Pavel voie niciunui poli\u0163ist s\u0103 intre \u00een camer\u0103 pentru a-\u0219i lua Adam Maria m\u0103car cei 6500 de lei, banii copiilor pentru nunt\u0103. Credem c\u0103 \u0163iganii au luat banii prima dat\u0103 cum au intrat \u00een cas\u0103. Nenoroci\u0163ii au pus st\u0103p\u00e2nire pe toate bunurile femeii, le-au \u00eenc\u0103rcat \u00eentr-un camion \u0219i le-au dus la Floroian \u015etefan Viorel pentru a le valorifica.<\/p>\n<p>Adam Mariana a f\u0103cut pl\u00e2ngere penal\u0103 la sec\u0163ia nr. 4 de mili\u0163ie Prundu, Pite\u0219ti, la care organ de cercetare penal\u0103 a ap\u0103rut cms Cump\u0103na\u0219u Liviu. Acest mili\u0163ian corupt nu a luat victimei nicio declara\u0163ie de la \u00eenceputul cercet\u0103rii, s-a luat declara\u0163ie doar \u00een seara c\u00e2nd s-a produs spargerea. Au audiat 3 martori care au relatat spargerea, dar nu i-au l\u0103sat s\u0103 scrie ce bunuri au fost \u00een cas\u0103 \u0219i de ce valoare. De banii fura\u0163i nici nu i-au \u00eentrebat.<\/p>\n<p>Victima Adam Mariana a f\u0103cut cereri la sec\u0163ie, comisarul Cump\u0103na\u0219u nici nu a dorit s\u0103 aud\u0103 de reaudierea martorilor sau de venirea \u00een completare la declara\u0163ii, \u0219i ce s\u0103 mai ziceam de suplimentarea cu \u00eenc\u0103 2 martori?! S\u0103 dispun\u0103 expertiz\u0103 pentru bunurile furate nici g\u00e2nd. Afirma prin sec\u0163ie c\u0103 o parte din lucruri s-au degradat, ce s\u0103 fac\u0103 el dac\u0103 le-au \u0163inut \u0163iganii \u00een ploaie? Biata femeie ce s\u0103 mai recupereze dup\u0103 2 ani de zile?<\/p>\n<figure id=\"attachment_4648\" aria-describedby=\"caption-attachment-4648\" style=\"width: 321px\" class=\"wp-caption alignleft\"><a href=\"http:\/\/www.editiespecialapress.ro\/wp\/wp-content\/uploads\/2017\/05\/Victimele-lui-Pavel-\u00een-blocul-Coremi.jpg\"><img loading=\"lazy\" decoding=\"async\" class=\" wp-image-4648\" src=\"http:\/\/www.editiespecialapress.ro\/wp\/wp-content\/uploads\/2017\/05\/Victimele-lui-Pavel-\u00een-blocul-Coremi-400x201.jpg\" alt=\"Victimele lui Pavel \u00een blocul Coremi\" width=\"321\" height=\"166\" \/><\/a><figcaption id=\"caption-attachment-4648\" class=\"wp-caption-text\">Victimele lui Pavel \u00een blocul Coremi<\/figcaption><\/figure>\n<p>Cump\u0103na\u0219u, pe m\u00e2n\u0103 cu romii, a primit \u0219p\u0103gi de \u0219p\u0103gi s\u0103-i lase p\u00e2n\u0103 la aceast\u0103 or\u0103 \u00een libertate, \u00eei favorizeaz\u0103 pe infractori \u0219i la aceast\u0103 or\u0103. C\u00e2nd a fost \u00eentrebat de directorul Iulian Ratea: \u201eDe ce nu i-a\u0163i arestat pe romi \u0219i de ce nu le-a\u0163i luat declara\u0163ii la martori?\u201d, el a r\u0103spuns: \u201eAm f\u0103cut tot ce trebuia, au dosar pe rol, pute\u0163i s\u0103 m\u0103 duce\u0163i \u0219i la Procurorul General al Rom\u00e2niei.\u201d La generalul Aldea la Parchetul Cur\u0163ii de Apel Pite\u0219ti \u0219tia c\u0103 \u00eel va sc\u0103pa cu o \u0219pag\u0103 frumoas\u0103. Halal de comisar corupt, rom \u00eendobitocit nenorocit. Numai la \u0103sta s\u0103 apel\u0103m s\u0103 ne ajute, c\u0103 rezolv\u0103 totul numai dac\u0103 \u00eei dai \u0219p\u0103gu\u0163a, ca Pavel Nicolae. La aceast\u0103 sec\u0163ie nr. 4 sunt numai ofi\u0163eri corup\u0163i, la agen\u0163i nu se mai pune problema. Fapte din astea fac zilnic, la sute de persoane. \u00cencaseaz\u0103 \u0219p\u0103gi dup\u0103 gravitatea faptelor infractorilor. Dosarul l-a dat bolnavei psihic Radu Raluca, care a\u0219teapt\u0103 la r\u00e2ndul ei \u0219paga de la romi. C\u00e2nd a mers victima Adam Mariana la ea \u0219i a \u00eentrebat-o: \u201ePoate sta directorul publica\u0163iei Edi\u0163ie Special\u0103 Press, Iulian Ratea, de vorb\u0103 cu dumneavoastr\u0103?\u201d, i-a r\u0103spuns: \u201eNu primesc pe nimeni la mine.\u201d A dat din nou dovad\u0103 c\u0103 e s\u0103rit\u0103 de pe fix. A f\u0103cut ea mai multe infrac\u0163iuni fa\u0163\u0103 de directorul Ratea. A iertat-o atunci, dar acum, dac\u0103 nu-\u0219i face cercet\u0103rile meserie, o va lua de coad\u0103 \u0219i o va arunca \u00een pu\u0219c\u0103rie.<\/p>\n<figure id=\"attachment_4665\" aria-describedby=\"caption-attachment-4665\" style=\"width: 202px\" class=\"wp-caption alignleft\"><a href=\"http:\/\/www.editiespecialapress.ro\/wp\/wp-content\/uploads\/2017\/05\/Constantin-Zechil.jpg\"><img loading=\"lazy\" decoding=\"async\" class=\"wp-image-4665 \" src=\"http:\/\/www.editiespecialapress.ro\/wp\/wp-content\/uploads\/2017\/05\/Constantin-Zechil-300x300.jpg\" alt=\"Constantin Zechil\" width=\"202\" height=\"202\" \/><\/a><figcaption id=\"caption-attachment-4665\" class=\"wp-caption-text\">Constantin Zechil<\/figcaption><\/figure>\n<p>Cump\u0103na\u0219u l-a \u00eencadrat pe Pavel la infrac\u0163iunea abuz \u00een serviciu, violare de domiciliu \u0219i bunuri sechestrate. El \u0219tia c\u0103 Pavel este pre\u0219edinte fictiv, i-au fost respinse dou\u0103 ac\u0163iuni de c\u0103tre Judec\u0103toria Pite\u0219ti. Dac\u0103 nu-\u0163i aprob\u0103 un complet de judecat\u0103 ac\u0163iunea s\u0103 devii pre\u0219edinte al Comunit\u0103\u0163ii Etniei Romilor, lucrezi ca Pavel, cu \u0219tampilele altui pre\u0219edinte. Cump\u0103na\u0219u, prost din na\u0219tere \u0219i corupt, l-a \u00eencadrat la infrac\u0163iuni ce nu-l reprezint\u0103 pe Pavel. Dac\u0103 romul a semnat \u00een fals, trebuia s\u0103 r\u0103spund\u0103 pentru fals \u0219i uz de fals, \u00een\u0219el\u0103ciune \u00een form\u0103 continuat\u0103, spargere, furt, dare de mit\u0103 \u0219.a.m.d. De c\u00e2nd a venit o doamn\u0103 pre\u0219edint\u0103 nou\u0103, pus\u0103 fiind legal, pl\u0103tesc bie\u0163ii oameni \u00eentre\u0163inerea mic\u0103 \u0219i kw 40 de bani. Au sc\u0103pat sute de familii din cele 2 blocuri de escrocii t\u00e2lhari. A \u00een\u0219elat Pavel peste 100 de familii c\u0103 le face balcoane, acum le spune c\u0103 trebuia s\u0103 fac\u0103 o structur\u0103 la bloc. A \u00eencasat Pavel pentru balcoane peste 50.000 de lei, nu au f\u0103cut escrocii niciun balcon. Chitan\u0163e pentru balcoane le d\u0103dea o proiectant\u0103, Prav\u0103\u0163 Mariana; la aceast\u0103 or\u0103 nu se mai \u0219tie de bani \u0219i de escroaca proiectant\u0103. Mai cerea Pavel tax\u0103 pentru fondul de rulment, 70 de lei la fiecare familie.<\/p>\n<figure id=\"attachment_4666\" aria-describedby=\"caption-attachment-4666\" style=\"width: 226px\" class=\"wp-caption alignright\"><a href=\"http:\/\/www.editiespecialapress.ro\/wp\/wp-content\/uploads\/2017\/05\/Liviu-Cump\u0103na\u0219u.jpg\"><img loading=\"lazy\" decoding=\"async\" class=\" wp-image-4666\" src=\"http:\/\/www.editiespecialapress.ro\/wp\/wp-content\/uploads\/2017\/05\/Liviu-Cump\u0103na\u0219u-300x300.jpg\" alt=\"Liviu Cump\u0103na\u0219u\" width=\"226\" height=\"226\" \/><\/a><figcaption id=\"caption-attachment-4666\" class=\"wp-caption-text\">Liviu Cump\u0103na\u0219u<\/figcaption><\/figure>\n<p>Le lua Pavel la fraieri \u00eentre 5000 \u0219i 10.000 de lei \u0219pag\u0103 pentru a le \u00eenchiria camere \u0219i pentru a le face conven\u0163ia cu avizul de la directorul Zechil etc. \u00cemp\u0103r\u0163eau to\u0163i, au f\u0103cut bani din prosteal\u0103 to\u0163i. Pavel lucra cu fiul lui Stelic\u0103 pe m\u00e2n\u0103, mai b\u0103teau locatarii c\u00e2nd le venea boala pe ei, la mili\u0163ie sec\u0163ia nr. 4 blat cu to\u0163i, a\u0219a c\u0103 jungla a fost activ\u0103. Fiic\u0103-sa Nicolae Elena a construit o cas\u0103 \u00een spatele blocului \u0219i un cote\u0163 de porci, ambele f\u0103r\u0103 autoriza\u0163ie, doar rela\u0163ii \u0219i tovar\u0103\u0219i corup\u0163i are la Prim\u0103rie. El cu b\u0103iatul lui d\u0103deau bani cu cam\u0103t\u0103 celor din bloc. Le luau cam\u0103t\u0103 100%. La ei era un hobby s\u0103 sparg\u0103 camerele oamenilor \u0219i s\u0103 le ia bunurile. Nicolae Pavel \u0219i fiic\u0103-sa f\u0103ceau diplome false de 8 clase, percepeau pe ele bani frumo\u0219i. Toat\u0103 sec\u0163ia nr. 4 a fost corupt\u0103 de Pavelic\u0103 f\u0103r\u0103 fric\u0103 \u0219i \u00eei \u00eendeas\u0103 \u0219i la aceast\u0103 or\u0103 cu bani pentru a-i clasa sute de dosare ale victimelor b\u0103tute \u0219i furate de Pavelic\u0103. Cump\u0103na\u0219u i-a spus lui Adam Mariana c\u0103 e normal s\u0103 opreasc\u0103 curentul, pentru c\u0103 e blocul lui Pavel. Adam avea curentul \u0219i toate utilit\u0103\u0163ile pl\u0103tite la zi. Asta prim\u0103rie cu \u0163igani primari, asta asocia\u0163ie cu presedinte fictiv.<\/p>\n<p>Solicit\u0103m sesizarea din oficiu a prim-procurorului DNA Pite\u0219ti. Solicit\u0103m sesizarea din oficiu a procurorului de urm\u0103rire penal\u0103.<\/p>\n<p><strong>Articol de Criv\u0103\u0163 Aurel <\/strong><\/p>\n","protected":false},"excerpt":{"rendered":"<p>Comisarul Cump\u0103na\u0219u Liviu l-a favorizat pe pre\u0219edintele fictiv al Comunit\u0103\u0163ii Etniei Romilor \u2013 filiala Pite\u0219ti\u00a0 timp de doi ani de zile \u00een dosarul nr. 8386\/P\/2015. Nicolae Pavel i-a dat \u0219p\u0103gi \u0219i diferite foloase necuvenite \u00een valoare de peste 20.000 de euro. Directorul Constantin Zechil, inspector de specialitate Gheorghe Zaharia \u0219i consilier juridic Iulia Iordache Bratu [&hellip;]<\/p>\n","protected":false},"author":2,"featured_media":4643,"comment_status":"closed","ping_status":"open","sticky":false,"template":"","format":"standard","meta":{"footnotes":""},"categories":[2],"tags":[540,85,541,542,543,35],"class_list":{"0":"post-4642","1":"post","2":"type-post","3":"status-publish","4":"format-standard","5":"has-post-thumbnail","7":"category-ancheta","8":"tag-constantin-zechil","9":"tag-cornel-ionica","10":"tag-liviu-cumpanasu","11":"tag-nicolae-stelica","12":"tag-pavel-nicolae","13":"tag-tudor-pendiuc"},"_links":{"self":[{"href":"https:\/\/www.editiespecialapress.ro\/newtest\/wp-json\/wp\/v2\/posts\/4642","targetHints":{"allow":["GET"]}}],"collection":[{"href":"https:\/\/www.editiespecialapress.ro\/newtest\/wp-json\/wp\/v2\/posts"}],"about":[{"href":"https:\/\/www.editiespecialapress.ro\/newtest\/wp-json\/wp\/v2\/types\/post"}],"author":[{"embeddable":true,"href":"https:\/\/www.editiespecialapress.ro\/newtest\/wp-json\/wp\/v2\/users\/2"}],"replies":[{"embeddable":true,"href":"https:\/\/www.editiespecialapress.ro\/newtest\/wp-json\/wp\/v2\/comments?post=4642"}],"version-history":[{"count":0,"href":"https:\/\/www.editiespecialapress.ro\/newtest\/wp-json\/wp\/v2\/posts\/4642\/revisions"}],"wp:featuredmedia":[{"embeddable":true,"href":"https:\/\/www.editiespecialapress.ro\/newtest\/wp-json\/"}],"wp:attachment":[{"href":"https:\/\/www.editiespecialapress.ro\/newtest\/wp-json\/wp\/v2\/media?parent=4642"}],"wp:term":[{"taxonomy":"category","embeddable":true,"href":"https:\/\/www.editiespecialapress.ro\/newtest\/wp-json\/wp\/v2\/categories?post=4642"},{"taxonomy":"post_tag","embeddable":true,"href":"https:\/\/www.editiespecialapress.ro\/newtest\/wp-json\/wp\/v2\/tags?post=4642"}],"curies":[{"name":"wp","href":"https:\/\/api.w.org\/{rel}","templated":true}]}}