{"id":4748,"date":"2017-07-05T01:00:58","date_gmt":"2017-07-04T22:00:58","guid":{"rendered":"http:\/\/www.editiespecialapress.ro\/?p=4748"},"modified":"2017-07-05T01:00:58","modified_gmt":"2017-07-04T22:00:58","slug":"infractorii-dementi-sef-serviciu-rutier-arges-cms-marian-cms-anghel-mihai-director-directia-rutiera-chestor-florentin-bracea-director-adjunct-cms-valentin-iana-director-adjunct-cms","status":"publish","type":"post","link":"https:\/\/www.editiespecialapress.ro\/newtest\/2017\/07\/05\/infractorii-dementi-sef-serviciu-rutier-arges-cms-marian-cms-anghel-mihai-director-directia-rutiera-chestor-florentin-bracea-director-adjunct-cms-valentin-iana-director-adjunct-cms\/","title":{"rendered":"Infractorii demen\u021bi: \u0218ef Serviciu Rutier Arge\u0219, CMS Badea Marian, CMS Anghel Mihai &#8211; director Direc\u021bia Rutier\u0103, chestor Florentin Br\u0103cea &#8211; director adjunct, CMS Valentin Iana &#8211; director adjunct, CMS \u2013 George Grigore, ex-ministrul Gabriel Oprea \u0219i ex-ministrul Petre Tob\u0103, au anulat milioane de permise de conducere f\u0103r\u0103 hot\u0103r\u00e2ri judec\u0103tore\u0219ti definitive"},"content":{"rendered":"<p>Infractorii demen\u021bi to\u021bi cei prezenta\u021bi \u00een titlu, au anulat permise de conducere f\u0103r\u0103 ca hot\u0103r\u00e2rile judec\u0103tore\u0219ti definitive s\u0103 prevad\u0103 anularea permisului de conducere<\/p>\n<p>Dragii no\u0219tri cititori continu\u0103m \u00een aceast\u0103 edi\u021bie cu cei mai demen\u021bi infractori ai Direc\u021biei Rutiere, serviciul rutier Arge\u0219 \u0219i ai Ministerului de Interne, care \u00een nebunia lor au preluat locul completelor de judecat\u0103 pentru anularea permiselor de conducere.<\/p>\n<p>Guvernul Rom\u00e2niei din 2002 a emis O.U.G. 195\/2002 privind circula\u021bia pe drumurile publice\u00a0 la care nu a specificat clar \u00een ordonan\u021b\u0103 la art. 114, alin. (1), litera a) \u00een ce situa\u021bii pot fi anulate permisele de conducere. Din acest motiv to\u021bi infractorii, cei men\u021biona\u021bi \u00een titlu, au trecut direct la anul\u0103ri de permise de conducere f\u0103r\u0103 c\u0103 deciziile judec\u0103tore\u0219ti s\u0103 prevad\u0103 anularea permiselor.<\/p>\n<figure id=\"attachment_4751\" aria-describedby=\"caption-attachment-4751\" style=\"width: 150px\" class=\"wp-caption alignleft\"><a href=\"http:\/\/www.editiespecialapress.ro\/wp\/wp-content\/uploads\/2017\/07\/Chestorul-Florentin-Br\u0103cea-incompetent-abuziv--e1499195867592.jpg\"><img loading=\"lazy\" decoding=\"async\" class=\"size-thumbnail wp-image-4751\" src=\"http:\/\/www.editiespecialapress.ro\/wp\/wp-content\/uploads\/2017\/07\/Chestorul-Florentin-Br\u0103cea-incompetent-abuziv--150x150.jpg\" alt=\"Chestorul Florentin Br\u0103cea - incompetent abuziv\" width=\"150\" height=\"150\" \/><\/a><figcaption id=\"caption-attachment-4751\" class=\"wp-caption-text\">Chestorul Florentin Br\u0103cea &#8211; incompetent abuziv<\/figcaption><\/figure>\n<p>Comisarul \u0219ef Badea Marian actual \u0219ef al Serviciului Rutier Arge\u0219 \u00eempreun\u0103 cu sub-comisarul Anghel Mihai \u2013 \u0219ef birou eliber\u0103ri permise \u0219i certificate de \u00eenmatriculare anuleaz\u0103 permise, mii \u2013 zeci de mii pe an de la ei putere sau mai bine spus cu acordul \u0219efilor lor de la Direc\u021bia Rutier\u0103 Bucure\u0219ti, precum \u0219i cu acordul \u0219efilor de la I.G.P.R. \u00een complicitate cu ex-mini\u0219trii de Interne. Actualul Ministru de Interne nu a fost informat de nemerniciile pe care le fac cei din subordinea sa, a\u0219a c\u0103 infractorii \u00ee\u0219i fac de cap zi de zi. Cei de la SIPI Arge\u0219 \u00ee\u0219i primesc \u0219p\u0103gi \u0219i sunt cinsti\u021bi pe la restaurante de cei de la serviciul rutier Arge\u0219, nu au informat \u0219i nu informeaz\u0103 din anul 2002 situa\u021bia infrac\u021bional\u0103 pe care o fac zi de zi cei de la Serviciul Rutier Arge\u0219 precum \u0219i cei de la Direc\u021bia Rutier\u0103 Bucure\u0219ti. C\u00e2nd am mers la ei la birouri \u0219i i-am \u00eentrebat: \u201eDe ce anula\u021bi permisele cet\u0103\u021benilor (mii \u2013 zeci de mii\/an) f\u0103r\u0103 a avea o decizie judec\u0103toreasc\u0103?\u201d iar r\u0103spunsul: \u201enu mai este nevoie de decizie judec\u0103toreasc\u0103, noi hot\u0103r\u00e2m, aplic\u0103m legea nr. 195\/2002 art.114, alin (1) litera a)\u201d.<br \/>\nNoi le-am spus: \u201edac\u0103 nu v\u0103 pricepe\u021bi, merge\u021bi la juristul institu\u021biei, o s\u0103 v\u0103 \u00eenve\u021be s\u0103 \u00een\u021belege\u021bi o ordonan\u021b\u0103, articole de lege, alineate, liere, texte de lege\u201d etc. C\u0103po\u0219ii, Badea Marian \u0219i Anghel Mihai nu au ascultat sfatul nostru continu\u00e2nd \u0219i la aceast\u0103 or\u0103 cu infrac\u021biunile grave, p\u00e2n\u0103 vor fi aresta\u021bi. Fac pe \u201epro\u0219tii\u201d primindu-\u0219i \u0219paga de la zeci de instructori de la \u0219colile de \u0219oferi, sunt premia\u021bi de \u0219efii lor pentru taxe la bugetul M.A.I. C\u00e2t de nebun s\u0103 fi s\u0103 po\u021bi anula permise de conducere f\u0103r\u0103 s\u0103 ai decizii judec\u0103tore\u0219ti. Numai serviciul rutier Arge\u0219 poate fi, precum \u0219i al\u021bii din \u021bara asta la fel c\u0103 \u0219efii lor de la Capital\u0103, care stau \u0219i a\u0219teapt\u0103 \u0219paga de la ace\u0219ti harnici. Am \u00een\u021beles de la ei c\u0103 \u00een cazul \u00een care ai o pedeaps\u0103 cu suspendare \u0219i un termen de \u00eencercare de 2 ani nu ai voie s\u0103 conduci timp de doi ani p\u00e2n\u0103 la expirarea termenului de \u00eencercare. Ei nu mai \u021bin cont de decizii, cum primesc cet\u0103\u021benii condamn\u0103rile dispun imediat anularea permiselor de conducere.<\/p>\n<figure id=\"attachment_4755\" aria-describedby=\"caption-attachment-4755\" style=\"width: 150px\" class=\"wp-caption alignright\"><a href=\"http:\/\/www.editiespecialapress.ro\/wp\/wp-content\/uploads\/2017\/07\/Adjunctul-Directorului-Valentin-Iana-comisar-\u0219ef-de-doi-lei-\u00eembog\u0103\u021bit-ilicit-1-e1499196242248.jpg\"><img loading=\"lazy\" decoding=\"async\" class=\"size-thumbnail wp-image-4755\" src=\"http:\/\/www.editiespecialapress.ro\/wp\/wp-content\/uploads\/2017\/07\/Adjunctul-Directorului-Valentin-Iana-comisar-\u0219ef-de-doi-lei-\u00eembog\u0103\u021bit-ilicit-1-150x150.jpg\" alt=\"Adjunctul Directorului - Valentin Iana, comisar \u0219ef de doi lei \u00eembog\u0103\u021bit ilicit\" width=\"150\" height=\"150\" \/><\/a><figcaption id=\"caption-attachment-4755\" class=\"wp-caption-text\">Adjunctul Directorului &#8211; Valentin Iana, comisar \u0219ef de doi lei \u00eembog\u0103\u021bit ilicit<\/figcaption><\/figure>\n<p>Cei doi demen\u021bi, Badea Marian \u0219i Anghel Mihai, precum \u0219i to\u021bi ceilal\u021bi prezenta\u021bi \u00een acest articol au uitat c\u0103 \u00eei d\u0103 de gol art.116 alin (1) din legea 195\/2002.<br \/>\n\u201eArt.116 \u2013 Legea 195\/2002<br \/>\nAlin. (1) \u2013 Persoana al c\u0103rui permis de conducere a fost anulat ca urmare a r\u0103m\u00e2nerii definitive a unei hot\u0103r\u00e2ri judec\u0103tore\u0219ti de condamnare pentru una dintre faptele prev\u0103zute la art.114 alin. (1) \u0219i la art.115 alin. (1), se poate prezenta la examen pentru ob\u021binerea unui nou permis de conducere, pentru toate categoriile avute anterior\u201d.<\/p>\n<p>Acest articol indic\u0103 pro\u0219tilor c\u0103 ei, nu au competen\u021b\u0103 s\u0103 anuleze permisele de conducere ale cet\u0103\u021benilor Rom\u00e2niei precum \u0219i ale altor cet\u0103\u021beni str\u0103ini conform prevederilor art.115 alin. (1).<br \/>\nCompeten\u021ba pentru anularea permisului de conducere revine doar completelor de judecat\u0103 care au studii \u00een drept penal etc. Judec\u0103torii analizeaz\u0103 probele din dosare \u0219i \u00een func\u021bie de gravitatea a faptelor dispun anularea permiselor de conducere. Demen\u021bii Serviciului Rutier Arge\u0219 \u0219i al\u021bii de la alte servicii rutiere din \u021bar\u0103 \u0219i din capital\u0103 anuleaz\u0103 permisele de conducere (zeci, sute de mii pe an). Numai buni de arestat!. Bolnavi psihici, ei se refer\u0103 doar la art. 114, alin. (1), litera a) nu \u0219i la celelalte articole. Au citit la art. 114, alin. (1) lit. a) c\u0103 titularul permisului de conducere a fost condamnat printr-o hot\u0103r\u00e2re judec\u0103toreasc\u0103 r\u0103mas\u0103 definitiv\u0103 pentru o infrac\u021biune care a avut ca rezultat uciderea sau v\u0103t\u0103marea corporal\u0103 a unei persoane, s\u0103v\u00e2r\u0219it\u0103 ca urmare a nerespect\u0103rii regulilor de circula\u021bie. At\u00e2t de pro\u0219ti sunt \u201eau capetele p\u0103trate\u201d ace\u0219ti zi\u0219i ofi\u021beri ai Serviciului Rutier Arge\u0219, c\u00e2nd textul de lege arat\u0103 clar \u201epentru o infrac\u021biune care a avut ca rezultat uciderea sau v\u0103t\u0103marea corporal\u0103 a unei persoane\u201d.<\/p>\n<figure id=\"attachment_4752\" aria-describedby=\"caption-attachment-4752\" style=\"width: 150px\" class=\"wp-caption alignleft\"><a href=\"http:\/\/www.editiespecialapress.ro\/wp\/wp-content\/uploads\/2017\/07\/Comisarul-\u0219ef-al-Serviciului-Rutier-Arge\u0219-Badea-prost-de-la-na\u0219tere-incompetent-\u0219i-abuziv-de-c\u00e2nd-e-ofi\u021ber-.jpg\"><img loading=\"lazy\" decoding=\"async\" class=\"size-thumbnail wp-image-4752\" src=\"http:\/\/www.editiespecialapress.ro\/wp\/wp-content\/uploads\/2017\/07\/Comisarul-\u0219ef-al-Serviciului-Rutier-Arge\u0219-Badea-prost-de-la-na\u0219tere-incompetent-\u0219i-abuziv-de-c\u00e2nd-e-ofi\u021ber--150x150.jpg\" alt=\"Comisarul \u0219ef al Serviciului Rutier Arge\u0219 Badea, prost de la na\u0219tere, incompetent \u0219i abuziv de c\u00e2nd e ofi\u021ber\" width=\"150\" height=\"150\" \/><\/a><figcaption id=\"caption-attachment-4752\" class=\"wp-caption-text\">Comisarul \u0219ef al Serviciului Rutier Arge\u0219 Badea, prost de la na\u0219tere, incompetent \u0219i abuziv de c\u00e2nd e ofi\u021ber<\/figcaption><\/figure>\n<p>Ei nu s-au g\u00e2ndit c\u0103 dup\u0103 ucidere nu poate urm\u0103 dec\u00e2t o infrac\u021biune grav\u0103 \u2013 accident, sor\u0103 cu moartea, din acel motiv am spus, sau v\u0103t\u0103marea corporal\u0103 a unei persoane. Dac\u0103 lor le zicem mili\u021bieni sau poli\u021bi\u0219ti, ce vor \u00een\u021belege ei \u2013 tot pe O.U.G. 195\/2002, furt de competen\u021b\u0103, abuz \u00een form\u0103 calificat\u0103, distrugeri de dosare \u0219i documente etc. \u0218eful Direc\u021biei rutiere, chestor Florentin Br\u0103cea, adjunctul comisar \u0219ef Valentin Iana \u0219i alt adjunct al directorului George Grigore stau \u0219i a\u0219teapt\u0103 \u0219p\u0103gi de la to\u021bi \u0219efii de servicii rutiere din \u021bar\u0103, sunt mul\u021bumi\u021bi c\u0103 se mai \u0219i pl\u0103tesc taxe pentru a dob\u00e2ndi cet\u0103\u021benii permise de conducere. Fac un buget frumu\u0219el, sustrag bani cu fel \u0219i fel de manageri de cas\u0103, nu le ajunge bugetul dat de guverne, plus bugetul din amenzi abuzive. Se fac c\u0103 achizi\u021bioneaz\u0103 aparatur\u0103 electronic\u0103 pentru birouri \u0219i tot felul de camere video pentru autoturisme sau alte echipamente de proast\u0103 calitate, primesc comisioane de la manageri care \u00eei aprovizioneaz\u0103 cu echipamente.<br \/>\nA\u0219a s-a ajuns de au f\u0103cut averi de milioane de euro sau chiar zeci de milioane de euro. Pe b\u0103ie\u021bii de\u0219tep\u021bi nu i-a deranjat nimeni p\u00e2n\u0103 la aceast\u0103 or\u0103, le merge bine \u00eenc\u0103 de prin anul 2000 la to\u021bi ho\u021bii de servicii rutiere \u0219i la to\u021bi directorii, \u0219efi de direc\u021bie rutier\u0103 \u2013 Bucure\u0219ti.<\/p>\n<figure id=\"attachment_4754\" aria-describedby=\"caption-attachment-4754\" style=\"width: 150px\" class=\"wp-caption alignright\"><a href=\"http:\/\/www.editiespecialapress.ro\/wp\/wp-content\/uploads\/2017\/07\/Petre-Tob\u0103-ex-ministru-MAI-\u0219i-\u0219ef-al-IGPR-s-a-uitat-ca-vitelul-la-poarta-noua-inofensiv.jpg\"><img loading=\"lazy\" decoding=\"async\" class=\"wp-image-4754 size-thumbnail\" src=\"http:\/\/www.editiespecialapress.ro\/wp\/wp-content\/uploads\/2017\/07\/Petre-Tob\u0103-ex-ministru-MAI-\u0219i-\u0219ef-al-IGPR-s-a-uitat-ca-vitelul-la-poarta-noua-inofensiv-150x150.jpg\" alt=\"Petre Tob\u0103, ex-ministru MAI \u0219i \u0219ef al IGPR s-a uitat ca vitelul la poarta noua inofensiv\" width=\"150\" height=\"150\" \/><\/a><figcaption id=\"caption-attachment-4754\" class=\"wp-caption-text\">Petre Tob\u0103, ex-ministru MAI \u0219i \u0219ef al IGPR s-a uitat ca vitelul la poarta noua inofensiv<\/figcaption><\/figure>\n<p>\u0218i la IGPR se practic\u0103 \u0219i s-a practicat furtul de buget cam din anul 2000 \u0219i p\u00e2n\u0103 \u00een prezent. Societ\u0103\u021bi comerciale cu manageri de cas\u0103 dau \u0219i au dat comisioane frumu\u0219ele de p\u00e2n\u0103 la 25% la \u0219efii IGPR. Pun derbedei, manageri de cas\u0103 s\u0103 umfle pre\u021burile la echipamente, cer cu tupeu comision p\u00e2n\u0103 la 25% \u0219i a\u0219a s-a ajuns de au c\u00e2te 5 \u2013 6 case pe la copii, neveste, fra\u021bi sau surori. \u00cen conturile neamului \u0219i al familiei nu se mai pune problema de milioane de euro. D.I.P.I.-ul a cump\u0103rat aparatur\u0103 \u0219i echipamente de aproximativ 2 miliarde de euro.<\/p>\n<p>Au vrut s\u0103 devin\u0103 mai tari dec\u00e2t S.R.I. \u0219i S.I.E. \u0218efi de institu\u021bie au aranjat cu manageri s\u0103 umfle la greu facturile pentru echipamente fur\u00e2nd de la bugetul statului cam 80% din valoarea de 2 miliarde de euro investi\u021bie. S-au riscat cam tare, au crezut c\u0103 nu \u0219tie nimeni ce infrac\u021biuni grave comit \u0219i ce \u00eembog\u0103\u021bire rapid\u0103 s-a f\u0103cut la mai mul\u021bi \u0219efi ai institu\u021biei care au fost \u00een decursul a 15 ani de zile. Se cred \u0219i s-au crezut serviciu secret al MAI, am sesizat la ei dec\u00e2t infrac\u021biuni non-stop. Au fost ajuta\u021bi \u00een special de ex-premierul Victor Viorel Ponta \u0219i de al\u021bi premieri pentru a le da miliardele de euro din bugetul statului \u0219i a-i fura mai apoi cu managerii de cas\u0103.<\/p>\n<figure id=\"attachment_4750\" aria-describedby=\"caption-attachment-4750\" style=\"width: 202px\" class=\"wp-caption alignleft\"><a href=\"http:\/\/www.editiespecialapress.ro\/wp\/wp-content\/uploads\/2017\/07\/Aici-\u00ee\u0219i-desf\u0103\u0219oara-Badea-Marian-activitatea-infrac\u021bional\u0103.jpg\"><img loading=\"lazy\" decoding=\"async\" class=\"wp-image-4750 \" src=\"http:\/\/www.editiespecialapress.ro\/wp\/wp-content\/uploads\/2017\/07\/Aici-\u00ee\u0219i-desf\u0103\u0219oara-Badea-Marian-activitatea-infrac\u021bional\u0103-150x150.jpg\" alt=\"Aici \u00ee\u0219i desf\u0103\u0219oara Badea Marian activitatea infrac\u021bional\u0103\" width=\"202\" height=\"202\" \/><\/a><figcaption id=\"caption-attachment-4750\" class=\"wp-caption-text\">IPJ Arge\u0219 &#8211; aici \u00ee\u0219i desf\u0103\u0219oara Badea Marian activitatea infrac\u021bional\u0103<\/figcaption><\/figure>\n<p>Tot s\u0103 lucrezi la D.I.P.I., banii curg, arest\u0103rile vor veni. Solicit\u0103m sesizarea din oficiu a prim-procurorului DNA Bucure\u0219ti \u0219i a procurorului general al Parchetului de pe l\u00e2ng\u0103 I.C.C.J.<\/p>\n<p>Articol de Iulian Ratea<\/p>\n","protected":false},"excerpt":{"rendered":"<p>Infractorii demen\u021bi to\u021bi cei prezenta\u021bi \u00een titlu, au anulat permise de conducere f\u0103r\u0103 ca hot\u0103r\u00e2rile judec\u0103tore\u0219ti definitive s\u0103 prevad\u0103 anularea permisului de conducere Dragii no\u0219tri cititori continu\u0103m \u00een aceast\u0103 edi\u021bie cu cei mai demen\u021bi infractori ai Direc\u021biei Rutiere, serviciul rutier Arge\u0219 \u0219i ai Ministerului de Interne, care \u00een nebunia lor au preluat locul completelor de [&hellip;]<\/p>\n","protected":false},"author":2,"featured_media":4753,"comment_status":"closed","ping_status":"open","sticky":false,"template":"","format":"standard","meta":{"footnotes":""},"categories":[2],"tags":[596,203,597,241,598,205,599],"class_list":{"0":"post-4748","1":"post","2":"type-post","3":"status-publish","4":"format-standard","5":"has-post-thumbnail","7":"category-ancheta","8":"tag-anghel-mihai","9":"tag-badea-marian","10":"tag-florentin-bracea","11":"tag-ipj-arges","12":"tag-petre-toba","13":"tag-serviciul-rutier-arges","14":"tag-valentin-iana"},"_links":{"self":[{"href":"https:\/\/www.editiespecialapress.ro\/newtest\/wp-json\/wp\/v2\/posts\/4748","targetHints":{"allow":["GET"]}}],"collection":[{"href":"https:\/\/www.editiespecialapress.ro\/newtest\/wp-json\/wp\/v2\/posts"}],"about":[{"href":"https:\/\/www.editiespecialapress.ro\/newtest\/wp-json\/wp\/v2\/types\/post"}],"author":[{"embeddable":true,"href":"https:\/\/www.editiespecialapress.ro\/newtest\/wp-json\/wp\/v2\/users\/2"}],"replies":[{"embeddable":true,"href":"https:\/\/www.editiespecialapress.ro\/newtest\/wp-json\/wp\/v2\/comments?post=4748"}],"version-history":[{"count":0,"href":"https:\/\/www.editiespecialapress.ro\/newtest\/wp-json\/wp\/v2\/posts\/4748\/revisions"}],"wp:featuredmedia":[{"embeddable":true,"href":"https:\/\/www.editiespecialapress.ro\/newtest\/wp-json\/"}],"wp:attachment":[{"href":"https:\/\/www.editiespecialapress.ro\/newtest\/wp-json\/wp\/v2\/media?parent=4748"}],"wp:term":[{"taxonomy":"category","embeddable":true,"href":"https:\/\/www.editiespecialapress.ro\/newtest\/wp-json\/wp\/v2\/categories?post=4748"},{"taxonomy":"post_tag","embeddable":true,"href":"https:\/\/www.editiespecialapress.ro\/newtest\/wp-json\/wp\/v2\/tags?post=4748"}],"curies":[{"name":"wp","href":"https:\/\/api.w.org\/{rel}","templated":true}]}}