{"id":4761,"date":"2017-07-12T01:00:49","date_gmt":"2017-07-11T22:00:49","guid":{"rendered":"http:\/\/www.editiespecialapress.ro\/?p=4761"},"modified":"2017-07-12T01:00:49","modified_gmt":"2017-07-11T22:00:49","slug":"infractiuni-grave-din-partea-comisiilor-de-fond-funciar-a-primariei-merisani-arges-si-din-partea-a-zeci-de-magistrati-de-la-judecatoria-pitesti-tribunalul-arges-si-curtea-de-apel-pitesti","status":"publish","type":"post","link":"https:\/\/www.editiespecialapress.ro\/newtest\/2017\/07\/12\/infractiuni-grave-din-partea-comisiilor-de-fond-funciar-a-primariei-merisani-arges-si-din-partea-a-zeci-de-magistrati-de-la-judecatoria-pitesti-tribunalul-arges-si-curtea-de-apel-pitesti\/","title":{"rendered":"Infrac\u021biuni grave din partea comisiilor de fond funciar a Prim\u0103riei Meri\u0219ani \u2013 Arge\u0219 \u0219i din partea a zeci de magistra\u021bi de la Judec\u0103toria Pite\u0219ti, Tribunalul Arge\u0219 \u0219i Curtea de Apel Pite\u0219ti"},"content":{"rendered":"<p>Infrac\u021biuni grave din partea comisiilor de fond funciar, exprimat Gheorghe Marin, Rusul \u0218tefan \u2013 vice-primar, R\u0103dulescu Floarea \u2013 secretar, Enache Marin \u2013 inginer, inginer delegat din partea O.C.O.T.A. Arge\u0219 Dumitrescu Nicolae, to\u021bi membrii comisiei Meri\u0219ani din anul 1991 etc. Membrii comisiei funciare din 2000 \u2013 2017; primar Ionescu Marius Lungi, vice-primar C\u0103lin Dumitru Adrian, secretar Croitoru Larisa Florina, jurist \u0218erban Gabriel, inginer agricol Floarea Grigore Nuculi\u0163\u0103 \u0219i alt secretar dintre anii 2000 \u2013 2008, Gheorghe Gheorghi\u021ba<\/p>\n<figure id=\"attachment_4768\" aria-describedby=\"caption-attachment-4768\" style=\"width: 150px\" class=\"wp-caption alignleft\"><a href=\"http:\/\/www.editiespecialapress.ro\/wp\/wp-content\/uploads\/2017\/07\/Primar-Ionescu-Luigi-cel-mai-harnic-primar-care-a-rezolvat-tot-totul-pentru-ei.jpg\"><img loading=\"lazy\" decoding=\"async\" class=\"size-thumbnail wp-image-4768\" src=\"http:\/\/www.editiespecialapress.ro\/wp\/wp-content\/uploads\/2017\/07\/Primar-Ionescu-Luigi-cel-mai-harnic-primar-care-a-rezolvat-tot-totul-pentru-ei-150x150.jpg\" alt=\"Primar Ionescu Luigi - cel mai harnic primar care a rezolvat tot, totul pentru ei\" width=\"150\" height=\"150\" \/><\/a><figcaption id=\"caption-attachment-4768\" class=\"wp-caption-text\">Primar Ionescu Luigi &#8211; cel mai harnic primar care a rezolvat tot, totul pentru ei<\/figcaption><\/figure>\n<p>Dragii no\u0219tri cititori continu\u0103m \u00een aceast\u0103 edi\u021bie cu cei mai mari falsificatori de documente: adeverin\u021be, valid\u0103ri, puneri \u00een posesie \u0219i titluri de proprietate to\u021bi cei prezenta\u021bi, complici ai acestora \u0219i legalizarea falsurilor au fost sus\u021binute de zeci de magistra\u021bi din Pite\u0219ti prin sentin\u021be \u0219i decizii.<\/p>\n<p>Comisia de fond funciar din anul 1991 format\u0103 din : primar Gheorghe Marin, vice-primar Rusul \u0218tefan, secretar R\u0103dulescu Floarea, Enache Marin &#8211; inginer delegat din partea O.C.O.T.A. Arge\u0219 \u0219i Dumitrescu Nicolae \u2013 inginer, au \u00eenceput s\u0103 dispun\u0103 secretarului eliberarea unor adeverin\u021be fictive pe numele lui Ion T. Mih\u0103lcescu cu o suprafa\u021b\u0103 de teren de cca 900 m.p., \u00een intravilanul Comunei Meri\u0219ani. Acest Ion T. Melcescu \u0219i-a v\u00e2ndut terenul cu chitan\u021b\u0103 de m\u00e2n\u0103 la rude p\u00e2n\u0103 \u00een anul 1935 \u0219i din acest motiv el nu a mai ap\u0103rut \u00een registrele agricole nici \u00een ziua de azi.<\/p>\n<figure id=\"attachment_4765\" aria-describedby=\"caption-attachment-4765\" style=\"width: 150px\" class=\"wp-caption alignright\"><a href=\"http:\/\/www.editiespecialapress.ro\/wp\/wp-content\/uploads\/2017\/07\/Jurist-\u0218erban-Gabriel-\u00eenghite-euro-cre\u0219te-burta-dar-se-umfl\u0103-\u0219i-f\u0103lcile.png\"><img loading=\"lazy\" decoding=\"async\" class=\"wp-image-4765 size-thumbnail\" src=\"http:\/\/www.editiespecialapress.ro\/wp\/wp-content\/uploads\/2017\/07\/Jurist-\u0218erban-Gabriel-\u00eenghite-euro-cre\u0219te-burta-dar-se-umfl\u0103-\u0219i-f\u0103lcile-150x150.png\" alt=\"Jurist \u0218erban Gabriel - \u00eenghite euro cre\u0219te burta dar se umfl\u0103 \u0219i f\u0103lcile\" width=\"150\" height=\"150\" \/><\/a><figcaption id=\"caption-attachment-4765\" class=\"wp-caption-text\">Jurist \u0218erban Gabriel &#8211; \u00eenghite euro cre\u0219te burta dar se umfl\u0103 \u0219i f\u0103lcile<\/figcaption><\/figure>\n<p>C\u00e2nd ne-am deplasat la Prim\u0103ria Meri\u0219ani \u0219i am cerut s\u0103 \u00eel identifice pe Melcescu T Ion, inginerii au spus c\u0103 nu exist\u0103 \u00een registre, dar \u00een schimb i-a fost eliberat\u0103 o adeverin\u021b\u0103 fictiv\u0103 plus validare, plus punere \u00een posesie \u0219i titlu de proprietate, toate fictive: Aceast\u0103 comisie de fond funciar din 1991 ia luat de baz\u0103 lui Melcescu T. Ion un act de v\u00e2nzare-cump\u0103rare din anul 1929 care acesta nu mai avea nici o valoare \u00eentruc\u00e2t terenul a fost v\u00e2ndut pe chitan\u021b\u0103 de m\u00e2n\u0103. El nu a fost \u00eenregistrat cu acest teren niciodat\u0103 la Prim\u0103ria Meri\u0219ani. P\u0103rin\u021bii doamnei Ioni\u021b\u0103 Paraschiva apare \u00een registrele agricole din anul 1945. P\u0103rin\u021bii d\u00e2nsei au cump\u0103rat acest teren de la o rud\u0103 de-a lor \u00een anul 1945 cu o suprafa\u021b\u0103 de 3450 m.p.<\/p>\n<p>To\u021bi infractorii din comisia de fond funciar au \u00eenceput s\u0103-i emit\u0103 adeverin\u021b\u0103 fals\u0103, validare fals\u0103, punere \u00een posesie fals\u0103 \u0219i titlu de proprietate fals. Comisia a pus-o \u00een posesie \u0219i pe mama lui Ioni\u021b\u0103 Paraschiva \u201ec\u0103lare peste\u201d fictiv, dar c\u00e2nd \u0219i-au dat seama c\u0103 apar cu dou\u0103 puneri \u00een posesie, a chemat-o \u00een judecat\u0103 pe mama lui Ioni\u021b\u0103 Paraschiva s\u0103-i desfin\u021beze procesul verbal. Deja mama lui Ioni\u021b\u0103 \u00eei c\u00e2\u0219tigase la instan\u021bele de judecat\u0103, au f\u0103cut pe dracu \u00een patru \u0219i au ob\u021binut o decizie pentru desfin\u021barea procesului verbal de punere \u00een posesie judec\u00e2ndu-se 24 de ani, to\u021bi membrii comisiilor de fond funciar, p\u00e2n\u0103 la aceast\u0103 or\u0103 au fost \u0219i sunt cu mo\u0219tenitorul fictiv. La aceast\u0103 or\u0103, doamna Ioni\u021b\u0103 are titlu de proprietate \u0219i hot\u0103r\u00e2re de executare de punere \u00een posesie. Fictivului Melcescu T.Ion \u0219i bine\u00een\u021beles mo\u0219tenitorilor lui precum \u0219i cump\u0103r\u0103torilor Becu\u021b Constantin \u0219i Becu\u021b Vasilichia nu li s-a desfin\u021bat actele fictive nici la aceast\u0103 or\u0103, fiind sus\u021binu\u021bi de zeci de magistra\u021bi arge\u0219eni.<\/p>\n<figure id=\"attachment_4763\" aria-describedby=\"caption-attachment-4763\" style=\"width: 150px\" class=\"wp-caption alignleft\"><a href=\"http:\/\/www.editiespecialapress.ro\/wp\/wp-content\/uploads\/2017\/07\/Inginer-Folea-Grigore-Niculi\u021b\u0103-inginerul-care-taie-\u00een-registre-schimb\u0103-mo\u0219tenitorii-sau-reduce-m.p.-de-teren.png\"><img loading=\"lazy\" decoding=\"async\" class=\"size-thumbnail wp-image-4763\" src=\"http:\/\/www.editiespecialapress.ro\/wp\/wp-content\/uploads\/2017\/07\/Inginer-Folea-Grigore-Niculi\u021b\u0103-inginerul-care-taie-\u00een-registre-schimb\u0103-mo\u0219tenitorii-sau-reduce-m.p.-de-teren-150x150.png\" alt=\"Inginer Folea Grigore Niculi\u021b\u0103 - inginerul care taie \u00een registre, schimb\u0103 mo\u0219tenitorii sau reduce m.p. de teren\" width=\"150\" height=\"150\" \/><\/a><figcaption id=\"caption-attachment-4763\" class=\"wp-caption-text\">Inginer Folea Grigore Niculi\u021b\u0103 &#8211; inginerul care taie \u00een registre, schimb\u0103 mo\u0219tenitorii sau reduce m.p. de teren<\/figcaption><\/figure>\n<p>To\u021bi magistra\u021bii sunt complicii comisiilor de fond funciar, pentru legalizarea actelor false cu sentin\u021be \u0219i decizii. Doamna Ioni\u021b\u0103 e \u00een\u0219elat\u0103 \u0219i la aceast\u0103 or\u0103 de to\u021bi infractorii men\u021biona\u021bi, fictivul mo\u0219tenind terenul. Colac peste pup\u0103z\u0103, tot aceast\u0103 comisie de fond funciar din 1991 a dat lui Popescu Ion 1000 de m.p. teren care \u00eei apar\u021binea victimei Ioni\u021b\u0103. Lui Popescu \u00eei apare \u00een actele de la Prim\u0103rie 1900 m.p. \u2013 au \u0219ters nesim\u021bi\u021bii \u00een registre \u0219i au pus din stomac 2900 m.p. A furat-o pe victima Ioni\u021b\u0103 din nou cu 1000 de m.p. Acest teren e valoros, pozi\u021bionat la strada principal\u0103 cu toate utilit\u0103\u021bile. Au r\u00e2vnit infractorii la mo\u0219tenirea bietei femei care s-a judecat cu cei doi escroci \u0219i cu comisia de fond funciar 24 de ani, au \u021binut cu din\u021bii de cei 1900 de m.p. escrocii. Popescu Ion \u0219i-a f\u0103cut gard lu\u00e2ndu-i femeii tot terenul, st\u0103 lini\u0219tit \u0219i-a ob\u021binut decizii pentru men\u021binerea proceselor verbale fictive ca \u0219i Melcescu T.Ion. Comisiile de fond funciar le-au eliberat \u0219i titluri de proprietate.<\/p>\n<p>&nbsp;<\/p>\n<p>La aceast\u0103 or\u0103 toat\u0103 lumea are titluri, victima Ioni\u021b\u0103 nu de\u021bine terenul, \u00eentruc\u00e2t cei doi mo\u0219tenitori fictivi stau pe terenul lui Ioni\u021b\u0103 cu documente false, sentin\u021be false, decizii false. Toate acestea s-au \u00eent\u00e2mplat din cauza mitei pe care au luat-o to\u021bi cei din comisii \u0219i to\u021bi judec\u0103torii corup\u021bi. Biata femeie a f\u0103cut nenum\u0103rate cereri la comisiile de fond funciar, fiind scoas\u0103 afar\u0103 din Prim\u0103rie \u00eemping\u00e2nd-o \u0219i determin\u00e2nd-o s\u0103 cedeze la teren. C\u00e2nd ne-am deplasat la Prim\u0103ria Meri\u0219ani \u2013 Arge\u0219, primarul Ionescu Marius Luigi ne-a spus: \u201ee greu de rezolvat acest caz\u201d, de parc\u0103 noi am fi eliberat zeci de documente false. \u00cen sinea noastr\u0103 am zis \u201e\u0219i dumneavoastr\u0103, primare, vei merge cu ei to\u021bi la arest\u201d. I-am predat juristului \u0218erban Gabriel toate hot\u0103r\u00e2rile judec\u0103tore\u0219ti \u0219i mai multe documente care atest\u0103 situa\u021bia de fapt.<\/p>\n<figure id=\"attachment_4764\" aria-describedby=\"caption-attachment-4764\" style=\"width: 150px\" class=\"wp-caption alignright\"><a href=\"http:\/\/www.editiespecialapress.ro\/wp\/wp-content\/uploads\/2017\/07\/Judec\u0103toria-Pite\u0219ti-are-infractori-nesim\u021bi\u021bi-ca-cei-prezenta\u021bi.jpg\"><img loading=\"lazy\" decoding=\"async\" class=\"size-thumbnail wp-image-4764\" src=\"http:\/\/www.editiespecialapress.ro\/wp\/wp-content\/uploads\/2017\/07\/Judec\u0103toria-Pite\u0219ti-are-infractori-nesim\u021bi\u021bi-ca-cei-prezenta\u021bi-150x150.jpg\" alt=\"Judec\u0103toria Pite\u0219ti are infractori nesim\u021bi\u021bi ca cei prezenta\u021bi\" width=\"150\" height=\"150\" \/><\/a><figcaption id=\"caption-attachment-4764\" class=\"wp-caption-text\">Judec\u0103toria Pite\u0219ti are infractori nesim\u021bi\u021bi ca cei prezenta\u021bi<\/figcaption><\/figure>\n<p>I-am explicat c\u0103 ace\u0219ti doi mo\u0219tenitori fictivi nu apar cu teren \u00een registrele agricole, eliber\u00e2ndu-se puneri \u00een posesie false \u0219i \u00een continuare \u0219i alte documente. El ne-a transmis: \u201enu m\u0103 intereseaz\u0103 c\u0103 nu au ei terenuri \u0219i nu apar \u00een registre cu teren, eu m\u0103 ghidez dup\u0103 ce spun deciziile\u201d. I-am spus c\u0103 deciziile legalizeaz\u0103 falsurile eliberate de prim\u0103rie, el r\u0103spunz\u00e2nd c\u0103 nu \u00eel intereseaz\u0103, s\u0103 nu mai vorbim despre judec\u0103tori c\u0103 ei sunt cei care hot\u0103r\u0103sc cine are mo\u0219tenire \u0219i cine nu are. L-am anun\u021bat c\u0103 va fi citat de D.N.A. \u00eempreun\u0103 cu to\u021bi judec\u0103torii \u0219i vor face pu\u0219c\u0103rie to\u021bi. El \u0219i primarul Ionescu se fac vinova\u021bi de favorizarea f\u0103ptuitorilor, acoperirea tuturor infractorilor, nesesizarea organelor de cercetare penal\u0103, ne\u00eendeplinirea sarcinilor de serviciu, de\u0219i avea obliga\u021bia legal\u0103 s\u0103 formuleze ac\u021biune pentru desfiin\u021barea adeverin\u021belor fictive, valid\u0103ri fictive, procese verbale fictive, titluri de proprietate false, contracte de v\u00e2nzare-cump\u0103rare fictive \u0219.a.m.d. Au l\u0103sat \u00een continuare totul fals pentru a merge cu judec\u0103torii la arest \u0219i la A.N.P.<\/p>\n<p>&nbsp;<\/p>\n<p>Din informa\u021biile noastre, gr\u0103sanul jurist \u0218erban Gabriel \u0219i domnul primar Ionescu f\u0103r\u0103 fric\u0103 ar fi ciugulit c\u00e2teva sute de euro de la mo\u0219tenitorii fictivi. Nu e nici o problem\u0103, or s\u0103 o trag\u0103 tare de tot. \u0218i ace\u0219tia se bazeaz\u0103 pe prescrip\u021bia r\u0103spunderii penale.<\/p>\n<figure id=\"attachment_4767\" aria-describedby=\"caption-attachment-4767\" style=\"width: 150px\" class=\"wp-caption alignleft\"><a href=\"http:\/\/www.editiespecialapress.ro\/wp\/wp-content\/uploads\/2017\/07\/Tribunalul-Arges-are-cei-mai-mul\u021bi-infractori-judec\u0103tori.jpg\"><img loading=\"lazy\" decoding=\"async\" class=\"size-thumbnail wp-image-4767\" src=\"http:\/\/www.editiespecialapress.ro\/wp\/wp-content\/uploads\/2017\/07\/Tribunalul-Arges-are-cei-mai-mul\u021bi-infractori-judec\u0103tori-150x150.jpg\" alt=\"Tribunalul Arges are cei mai mul\u021bi infractori - judec\u0103tori\" width=\"150\" height=\"150\" \/><\/a><figcaption id=\"caption-attachment-4767\" class=\"wp-caption-text\">Tribunalul Arges are cei mai mul\u021bi infractori &#8211; judec\u0103tori<\/figcaption><\/figure>\n<p>&nbsp;<\/p>\n<p>Nu o s\u0103 profite de ea av\u00e2nd \u00een vedere documentele \u0219i deciziile false care opereaz\u0103 \u0219i la aceast\u0103 or\u0103, \u00een\u0219el\u00e2nd-o pe Ioni\u021b\u0103 Paraschiva de 24 de ani, prescrip\u021bia nu poate interveni dec\u00e2t dup\u0103 ce vor fi desfiin\u021bate documentele false. Aceste documente eliberate de infractori, sentin\u021bele plus deciziile eliberate de al\u021bi mafio\u021bi comit infrac\u021biuni non stop ca \u0219i celelalte documente fictive de la Prim\u0103rie. Cei ce le-au eliberat comit infrac\u021biuni \u0219i la aceast\u0103 or\u0103 \u0219i \u00een continuare a\u0219a c\u0103 prescrip\u021bia r\u0103spunderii penale nu va interveni.<\/p>\n<p>S\u0103 v\u0103 enumer\u0103m pe to\u021bi judec\u0103torii implica\u021bi: Ioana Stanca, Cornelia Inge Ene sec\u021bia civil\u0103 a Judec\u0103toriei Pite\u0219ti, Niculai Teodorovici, Mariana Stan de la Tribunalul Arge\u0219, Paulina Chimi\u0219liu, Irina T\u0103nase, Florica R\u0103u\u021b\u0103 sec\u021bia civil\u0103 a Cur\u021bii de Apel Pite\u0219ti, Manuela C\u0103lin-Eros, Elena Vasile de la Tribunalul Arge\u0219, Georgiana Nanu, Ion Rebeca, Corina Pincu Ifrim de la Curtea de Apel Pite\u0219ti, Andreea Tabacu, Aneta Du\u021b\u0103, Emanuela Mo\u0219neanu Com\u0103neci \u2013 Tribunalul Arge\u0219, Elena B\u0103rbulescu \u2013 Judec\u0103toria Pite\u0219ti, Mihaela Dumitrache Babal\u00e2c, Aurelia Danciu, Cellia Beack \u2013 Tribunalul Arge\u0219, Camelia P\u00e2rvu \u2013 judec\u0103toria Pite\u0219ti, Ruxandra Vi\u0219inoiu, Nifon Sachelarie, Manuela C\u0103lin Eros \u2013 Tribunalul Arge\u0219, Sonia Elena T\u00een\u021bu \u2013 Tribunal Arge\u0219, Paula Andrada Co\u021bovanu \u2013 Judec\u0103toria Pite\u0219ti, Floreni\u021ba Cior\u0103scu, Magdalena Molea \u2013 Tribunalul Arge\u0219 \u0219i Ana Denis Oprea \u2013 Judec\u0103toria Pite\u0219ti.<\/p>\n<figure id=\"attachment_4762\" aria-describedby=\"caption-attachment-4762\" style=\"width: 150px\" class=\"wp-caption alignright\"><a href=\"http:\/\/www.editiespecialapress.ro\/wp\/wp-content\/uploads\/2017\/07\/Curtea-de-Apel-Pite\u0219ti-are-judec\u0103tori-corup\u021bi-p\u00e2n\u0103-\u00een-m\u0103duva-oaselor.jpg\"><img loading=\"lazy\" decoding=\"async\" class=\"size-thumbnail wp-image-4762\" src=\"http:\/\/www.editiespecialapress.ro\/wp\/wp-content\/uploads\/2017\/07\/Curtea-de-Apel-Pite\u0219ti-are-judec\u0103tori-corup\u021bi-p\u00e2n\u0103-\u00een-m\u0103duva-oaselor-150x150.jpg\" alt=\"Curtea de Apel Pite\u0219ti are judec\u0103tori corup\u021bi p\u00e2n\u0103 \u00een m\u0103duva oaselor\" width=\"150\" height=\"150\" \/><\/a><figcaption id=\"caption-attachment-4762\" class=\"wp-caption-text\">Curtea de Apel Pite\u0219ti are judec\u0103tori corup\u021bi p\u00e2n\u0103 \u00een m\u0103duva oaselor<\/figcaption><\/figure>\n<p>At\u00e2t de gras e p\u0103m\u00e2ntul \u00eenc\u00e2t s-au implicat peste 30 de judec\u0103tori, dar mai gras a fost euro \u0219i dolarul de au eliberat at\u00e2tea sentin\u021be \u0219i decizii fictive dup\u0103 documentele false ale prim\u0103riei.<\/p>\n<p>Poate auzim care cumva c\u0103 se vor v\u0103ieta de complicitate la aceste documente false sau c\u0103 nu \u0219i-au tras m\u0103car c\u00e2teva sute de euro sau de dolari la sentin\u021be \u0219i decizii. Dac\u0103 le-a pl\u0103cut s\u0103 \u00eempropriet\u0103reasc\u0103 mo\u0219tenitori fictivi acum au s\u0103 trag\u0103 cu v\u00e2rf \u0219i \u00eendesat!<\/p>\n<p>&nbsp;<\/p>\n<p><em>Articol de Iulian Ratea<\/em><\/p>\n","protected":false},"excerpt":{"rendered":"<p>Infrac\u021biuni grave din partea comisiilor de fond funciar, exprimat Gheorghe Marin, Rusul \u0218tefan \u2013 vice-primar, R\u0103dulescu Floarea \u2013 secretar, Enache Marin \u2013 inginer, inginer delegat din partea O.C.O.T.A. Arge\u0219 Dumitrescu Nicolae, to\u021bi membrii comisiei Meri\u0219ani din anul 1991 etc. Membrii comisiei funciare din 2000 \u2013 2017; primar Ionescu Marius Lungi, vice-primar C\u0103lin Dumitru Adrian, secretar [&hellip;]<\/p>\n","protected":false},"author":2,"featured_media":4770,"comment_status":"closed","ping_status":"open","sticky":false,"template":"","format":"standard","meta":{"footnotes":""},"categories":[2],"tags":[600,601,602,603,604,605],"class_list":{"0":"post-4761","1":"post","2":"type-post","3":"status-publish","4":"format-standard","5":"has-post-thumbnail","7":"category-ancheta","8":"tag-gheorghe-marin","9":"tag-inginer-folea-grigore-niculita","10":"tag-jurist-serban-gabriel","11":"tag-primar-ionescu-luigi","12":"tag-primaria-merisani-arges","13":"tag-rusul-stefan"},"_links":{"self":[{"href":"https:\/\/www.editiespecialapress.ro\/newtest\/wp-json\/wp\/v2\/posts\/4761","targetHints":{"allow":["GET"]}}],"collection":[{"href":"https:\/\/www.editiespecialapress.ro\/newtest\/wp-json\/wp\/v2\/posts"}],"about":[{"href":"https:\/\/www.editiespecialapress.ro\/newtest\/wp-json\/wp\/v2\/types\/post"}],"author":[{"embeddable":true,"href":"https:\/\/www.editiespecialapress.ro\/newtest\/wp-json\/wp\/v2\/users\/2"}],"replies":[{"embeddable":true,"href":"https:\/\/www.editiespecialapress.ro\/newtest\/wp-json\/wp\/v2\/comments?post=4761"}],"version-history":[{"count":0,"href":"https:\/\/www.editiespecialapress.ro\/newtest\/wp-json\/wp\/v2\/posts\/4761\/revisions"}],"wp:featuredmedia":[{"embeddable":true,"href":"https:\/\/www.editiespecialapress.ro\/newtest\/wp-json\/"}],"wp:attachment":[{"href":"https:\/\/www.editiespecialapress.ro\/newtest\/wp-json\/wp\/v2\/media?parent=4761"}],"wp:term":[{"taxonomy":"category","embeddable":true,"href":"https:\/\/www.editiespecialapress.ro\/newtest\/wp-json\/wp\/v2\/categories?post=4761"},{"taxonomy":"post_tag","embeddable":true,"href":"https:\/\/www.editiespecialapress.ro\/newtest\/wp-json\/wp\/v2\/tags?post=4761"}],"curies":[{"name":"wp","href":"https:\/\/api.w.org\/{rel}","templated":true}]}}