{"id":4777,"date":"2017-07-14T21:43:13","date_gmt":"2017-07-14T18:43:13","guid":{"rendered":"http:\/\/www.editiespecialapress.ro\/?p=4777"},"modified":"2017-07-14T21:43:13","modified_gmt":"2017-07-14T18:43:13","slug":"la-multi-ani-de-sfantul-ilie-editie-speciala-press","status":"publish","type":"post","link":"https:\/\/www.editiespecialapress.ro\/newtest\/2017\/07\/14\/la-multi-ani-de-sfantul-ilie-editie-speciala-press\/","title":{"rendered":"La mul\u0163i ani de Sf\u00e2ntul Ilie! \u2013 Edi\u021bie Special\u0103 Press"},"content":{"rendered":"<p>Fie ca toate \u00eemplinirile frumoase, s\u0103n\u0103tatea si spiritul acestei zile sa v\u0103 \u00eenso\u021beasc\u0103 pretutindeni. V\u0103 dorim o zi de Sf. Ilie cat mai frumoas\u0103! La mul\u021bi ani!<\/p>\n<p style=\"text-align: right;\"><strong>Edi\u021bie Special\u0103 Press, <\/strong><\/p>\n<p style=\"text-align: right;\"><strong>director general Iulian Ratea \u00eempreun\u0103 cu \u00eentreaga redac\u021bie<\/strong><\/p>\n","protected":false},"excerpt":{"rendered":"<p>Fie ca toate \u00eemplinirile frumoase, s\u0103n\u0103tatea si spiritul acestei zile sa v\u0103 \u00eenso\u021beasc\u0103 pretutindeni. V\u0103 dorim o zi de Sf. Ilie cat mai frumoas\u0103! La mul\u021bi ani! Edi\u021bie Special\u0103 Press, director general Iulian Ratea \u00eempreun\u0103 cu \u00eentreaga redac\u021bie<\/p>\n","protected":false},"author":2,"featured_media":4783,"comment_status":"closed","ping_status":"open","sticky":false,"template":"","format":"standard","meta":{"footnotes":""},"categories":[4],"tags":[],"class_list":{"0":"post-4777","1":"post","2":"type-post","3":"status-publish","4":"format-standard","5":"has-post-thumbnail","7":"category-felicitari"},"_links":{"self":[{"href":"https:\/\/www.editiespecialapress.ro\/newtest\/wp-json\/wp\/v2\/posts\/4777","targetHints":{"allow":["GET"]}}],"collection":[{"href":"https:\/\/www.editiespecialapress.ro\/newtest\/wp-json\/wp\/v2\/posts"}],"about":[{"href":"https:\/\/www.editiespecialapress.ro\/newtest\/wp-json\/wp\/v2\/types\/post"}],"author":[{"embeddable":true,"href":"https:\/\/www.editiespecialapress.ro\/newtest\/wp-json\/wp\/v2\/users\/2"}],"replies":[{"embeddable":true,"href":"https:\/\/www.editiespecialapress.ro\/newtest\/wp-json\/wp\/v2\/comments?post=4777"}],"version-history":[{"count":0,"href":"https:\/\/www.editiespecialapress.ro\/newtest\/wp-json\/wp\/v2\/posts\/4777\/revisions"}],"wp:featuredmedia":[{"embeddable":true,"href":"https:\/\/www.editiespecialapress.ro\/newtest\/wp-json\/"}],"wp:attachment":[{"href":"https:\/\/www.editiespecialapress.ro\/newtest\/wp-json\/wp\/v2\/media?parent=4777"}],"wp:term":[{"taxonomy":"category","embeddable":true,"href":"https:\/\/www.editiespecialapress.ro\/newtest\/wp-json\/wp\/v2\/categories?post=4777"},{"taxonomy":"post_tag","embeddable":true,"href":"https:\/\/www.editiespecialapress.ro\/newtest\/wp-json\/wp\/v2\/tags?post=4777"}],"curies":[{"name":"wp","href":"https:\/\/api.w.org\/{rel}","templated":true}]}}