{"id":4778,"date":"2017-07-14T21:39:57","date_gmt":"2017-07-14T18:39:57","guid":{"rendered":"http:\/\/www.editiespecialapress.ro\/?p=4778"},"modified":"2017-07-14T21:39:57","modified_gmt":"2017-07-14T18:39:57","slug":"la-multi-ani-de-sfantul-ilie-primaria-poiana-lacului","status":"publish","type":"post","link":"https:\/\/www.editiespecialapress.ro\/newtest\/2017\/07\/14\/la-multi-ani-de-sfantul-ilie-primaria-poiana-lacului\/","title":{"rendered":"La mul\u0163i ani de Sf\u00e2ntul Ilie! \u2013 Prim\u0103ria Poiana Lacului"},"content":{"rendered":"<p>V\u0103 dorim tuturor celor care purta\u0163i numele de Ilie s\u0103 ave\u0163i parte de s\u0103n\u0103tate, \u00eempliniri \u0219i realiz\u0103ri. V\u0103 ur\u0103m un sincer La mul\u0163i ani!<\/p>\n<p style=\"text-align: right;\"><strong>Prim\u0103ria Poiana Lacului (AG), <\/strong><\/p>\n<p style=\"text-align: right;\"><strong>primar Dumitrache Ion \u00eempreun\u0103 cu angaja\u021bii prim\u0103riei \u0219i consiliul local<\/strong><\/p>\n","protected":false},"excerpt":{"rendered":"<p>V\u0103 dorim tuturor celor care purta\u0163i numele de Ilie s\u0103 ave\u0163i parte de s\u0103n\u0103tate, \u00eempliniri \u0219i realiz\u0103ri. V\u0103 ur\u0103m un sincer La mul\u0163i ani! Prim\u0103ria Poiana Lacului (AG), primar Dumitrache Ion \u00eempreun\u0103 cu angaja\u021bii prim\u0103riei \u0219i consiliul local<\/p>\n","protected":false},"author":2,"featured_media":4779,"comment_status":"closed","ping_status":"open","sticky":false,"template":"","format":"standard","meta":{"footnotes":""},"categories":[4],"tags":[],"class_list":{"0":"post-4778","1":"post","2":"type-post","3":"status-publish","4":"format-standard","5":"has-post-thumbnail","7":"category-felicitari"},"_links":{"self":[{"href":"https:\/\/www.editiespecialapress.ro\/newtest\/wp-json\/wp\/v2\/posts\/4778","targetHints":{"allow":["GET"]}}],"collection":[{"href":"https:\/\/www.editiespecialapress.ro\/newtest\/wp-json\/wp\/v2\/posts"}],"about":[{"href":"https:\/\/www.editiespecialapress.ro\/newtest\/wp-json\/wp\/v2\/types\/post"}],"author":[{"embeddable":true,"href":"https:\/\/www.editiespecialapress.ro\/newtest\/wp-json\/wp\/v2\/users\/2"}],"replies":[{"embeddable":true,"href":"https:\/\/www.editiespecialapress.ro\/newtest\/wp-json\/wp\/v2\/comments?post=4778"}],"version-history":[{"count":0,"href":"https:\/\/www.editiespecialapress.ro\/newtest\/wp-json\/wp\/v2\/posts\/4778\/revisions"}],"wp:featuredmedia":[{"embeddable":true,"href":"https:\/\/www.editiespecialapress.ro\/newtest\/wp-json\/"}],"wp:attachment":[{"href":"https:\/\/www.editiespecialapress.ro\/newtest\/wp-json\/wp\/v2\/media?parent=4778"}],"wp:term":[{"taxonomy":"category","embeddable":true,"href":"https:\/\/www.editiespecialapress.ro\/newtest\/wp-json\/wp\/v2\/categories?post=4778"},{"taxonomy":"post_tag","embeddable":true,"href":"https:\/\/www.editiespecialapress.ro\/newtest\/wp-json\/wp\/v2\/tags?post=4778"}],"curies":[{"name":"wp","href":"https:\/\/api.w.org\/{rel}","templated":true}]}}