{"id":4826,"date":"2017-08-09T01:00:58","date_gmt":"2017-08-08T22:00:58","guid":{"rendered":"http:\/\/www.editiespecialapress.ro\/?p=4826"},"modified":"2017-08-09T01:00:58","modified_gmt":"2017-08-08T22:00:58","slug":"infractorii-deaconu-laurentiu-gheorghe-zis-larry-si-mitu-florin-din-comuna-poiana-lacului-judetul-arges-precum-si-agent-principal-de-politie-stefan-octavian-de-la-politia-municipiului-pitesti","status":"publish","type":"post","link":"https:\/\/www.editiespecialapress.ro\/newtest\/2017\/08\/09\/infractorii-deaconu-laurentiu-gheorghe-zis-larry-si-mitu-florin-din-comuna-poiana-lacului-judetul-arges-precum-si-agent-principal-de-politie-stefan-octavian-de-la-politia-municipiului-pitesti\/","title":{"rendered":"Infractorii Deaconu Lauren\u021biu Gheorghe zis Larry \u0219i Mitu Florin din Comuna Poiana Lacului, jude\u021bul Arge\u0219 precum \u0219i agent principal de poli\u021bie \u0218tefan Octavian de la Poli\u021bia Municipiului Pite\u0219ti \u2013 Biroul Rutier, au \u00eenscenat un accident rutier victim\u0103 fiind Mateescu Valerica"},"content":{"rendered":"<p>F\u0103ptuitorii Deaconu Lauren\u021biu, Mitu Florin \u0219i agentul principal \u0218tefan Octavian au \u00eenscenat un accident pe raza Comunei Poiana Lacului, sat S\u0103mara, jude\u021bul Arge\u0219, totul organizat cu ajutorul Poli\u021biei Rutiere Pite\u0219ti<\/p>\n<p>Dragii no\u0219tri cititori, continu\u0103m \u00een aceast\u0103 edi\u021bie cu trei f\u0103ptuitori care au premeditat \u00eenscenarea unui accident rutier pe raza Comunei Poiana Lacului, jude\u021bul Arge\u0219.<\/p>\n<p>\u00cen data de 24.06.2016, victima Mateescu Valerica se deplasa cu autoturismul personal pe o strad\u0103 din satul S\u0103mara Comuna Poiana Lacului c\u00e2nd la un moment dat l-a v\u0103zut c\u0103zut jos cu bicicleta pe Matei Nicolae. D\u00e2nsa a oprit autoturismul pentru a-l ajuta s\u0103 se ridice pe numitul Matei Nicolae, imediat venind \u0219i Deaconu Lauren\u021biu, f\u0103c\u00e2ndu-se c\u0103 \u00eel ajut\u0103 s\u0103 se ridice \u00een timp ce o \u00eenjura \u0219i amenin\u021ba pe doamna Mateescu Valerica.<\/p>\n<figure id=\"attachment_4840\" aria-describedby=\"caption-attachment-4840\" style=\"width: 224px\" class=\"wp-caption alignleft\"><a href=\"http:\/\/www.editiespecialapress.ro\/wp\/wp-content\/uploads\/2017\/08\/\u00censcenare-e\u0219uat\u0103-Deaconu-va-fi-cercetat-1.jpg\"><img loading=\"lazy\" decoding=\"async\" class=\" wp-image-4840\" src=\"http:\/\/www.editiespecialapress.ro\/wp\/wp-content\/uploads\/2017\/08\/\u00censcenare-e\u0219uat\u0103-Deaconu-va-fi-cercetat-1-150x150.jpg\" alt=\"\" width=\"224\" height=\"224\" \/><\/a><figcaption id=\"caption-attachment-4840\" class=\"wp-caption-text\">\u00censcenare e\u0219uat\u0103, Deaconu va fi cercetat<\/figcaption><\/figure>\n<p>Matei Nicolae a plecat cu bicicleta iar doamna Mateescu Valerica a \u00eenceput s\u0103 mearg\u0103 spre autoturismul s\u0103u \u00een timp ce numitul Deaconu Lauren\u021biu continua cu \u00eenjur\u0103turile \u0219i amenin\u021b\u0103rile. Ajung\u00e2nd la autoturismul s\u0103u \u0219i urc\u00e2ndu-se la volan, a \u00eencercat s\u0103 dea c\u00e2\u021biva metri \u00een spate pentru a putea \u00eentoarce autoturismul \u0219i de a se deplasa la domiciliul s\u0103u. Deaconu Lauren\u021biu \u021bipa c\u00e2t putea: \u201ece faci cucoan\u0103? Dai peste mine, vrei s\u0103 m\u0103 omori?\u201d. Doamna Mateescu i-a spus s\u0103 nu mai stea \u00een spatele autoturismului \u0219i s\u0103 ia m\u00e2inile dup\u0103 capot\u0103. Deaconu o amenin\u021ba \u0219i o \u00eenjura \u00een continuu. La un moment dat, acest individ s-a dus spre d\u00e2nsa \u00eencerc\u00e2nd s\u0103 o str\u00e2ng\u0103 de g\u00e2t, ea reu\u0219ind s\u0103 porneasc\u0103 autoturismul \u0219i s\u0103 mearg\u0103 drept \u00een fa\u021b\u0103 de fric\u0103 f\u0103r\u0103 a mai \u00eentoarce autoturismul, sun\u00e2ndu-l pe fiul s\u0103u pentru a anun\u021ba poli\u021bia. Fiul d\u00e2nsei, Mateescu Drago\u0219 a sunat la poli\u021bie, deplas\u00e2ndu-se la fa\u021ba locului agent principal \u0218tefan Octavian \u0219i un alt coleg. Ace\u0219tia se cuno\u0219teau cu Deaconu Lauren\u021biu \u00eentruc\u00e2t \u00eel sc\u0103paser\u0103 de un accident rutier pe raza Comunei Mo\u0219oaia, jude\u021bul Arge\u0219.<\/p>\n<p>Din toate informa\u021biile pe care le-am ob\u021binut a rezultat faptul c\u0103 Deaconu le-ar fi dat mii de euro \u0219pag\u0103 poli\u021bi\u0219tilor \u0219i ar fi folosit ca martor fictiv pe Mitu Florin, socrul lui. A\u0219a a sc\u0103pat de pu\u0219c\u0103rie Deaconu Lauren\u021biu de\u0219i era \u00een stare de ebrietate avansat\u0103 \u0219.a.m.d.<\/p>\n<p>La fa\u021ba locului acestui chipurile \u201eaccident\u201d, s-au mai deplasat \u0219i agen\u021bii de la serviciul criminalistic\u0103, pentru a lua amprente de pe capota spate a autoturismului unde ar fi pus m\u00e2inile Deaconu. Era normal s\u0103 se afle pe capota din spate amprentele lui Deaconu \u00eentruc\u00e2t chiar el lovea cu palmele \u0219i amenin\u021ba p\u00e2n\u0103 a fugit biata femeie. Deaconu Lauren\u021biu era \u00eentr-o stare de ebrietate avansat\u0103, i s-a pus \u0219i fiola, la care a reie\u0219it c\u0103 avea o alcoolemie de 0.60%, \u00een fa\u021ba prietenilor lui poli\u021bi\u0219tii de la serviciul rutier. Adev\u0103rul era c\u0103 Deaconu era beat r\u0103u de tot, \u00eenjura \u0219i amenin\u021ba pe doamna Mateescu, de parc\u0103 \u00eei omor\u00e2se p\u0103rin\u021bii. El avea ur\u0103 pe fiul lui Mateescu Valerica, din cauza invidiei c\u0103 el de\u021bine un autoturism mai bun dec\u00e2t al lui, b\u0103iatul av\u00e2nd studii superioare \u0219i locuind \u00een Pite\u0219ti \u0219.a.m.d. Le-a f\u0103cut o sesizare la protec\u021bia animalelor deoarece \u021bineau \u00een soare 4-5 vaci, nu le d\u0103deau s\u0103 m\u0103n\u00e2nce \u0219i nici s\u0103 bea ap\u0103. Au venit cei de la protec\u021bia animalelor oblig\u00e2ndu-i s\u0103 construiasc\u0103 un ad\u0103post pentru a putea supravie\u021bui vacile. \u0218i Deaconu \u0219i socrul lui Mitu Florin sunt tare \u00eenver\u0219una\u021bi pe familia Mateescu, c\u0103z\u00e2nd necazul pe biata femeie \u0219i \u00eenscen\u00e2ndu-i un accident.<\/p>\n<figure id=\"attachment_4830\" aria-describedby=\"caption-attachment-4830\" style=\"width: 221px\" class=\"wp-caption alignright\"><a href=\"http:\/\/www.editiespecialapress.ro\/wp\/wp-content\/uploads\/2017\/08\/Mitu-Florin-martor-mincinos-dovedit.png\"><img loading=\"lazy\" decoding=\"async\" class=\" wp-image-4830\" src=\"http:\/\/www.editiespecialapress.ro\/wp\/wp-content\/uploads\/2017\/08\/Mitu-Florin-martor-mincinos-dovedit-150x150.png\" alt=\"\" width=\"221\" height=\"221\" \/><\/a><figcaption id=\"caption-attachment-4830\" class=\"wp-caption-text\">Mitu Florin &#8211; martor mincinos dovedit<\/figcaption><\/figure>\n<p>C\u00e2nd a ajuns b\u0103iatul doamnei Mateescu la chipurile locul \u201eaccidentului\u201d a dat de domnii poli\u021bi\u0219ti. A \u00eencercat s\u0103 le explice c\u00e2te ceva, poli\u021bi\u0219tii \u021bipau \u0219i \u00eel amenin\u021bau c\u0103-l amendeaz\u0103. El \u0219i \u00eenc\u0103 doi prieteni de-ai lui au sesizat c\u0103 Deaconu e murdar de var pe tricou chiar unde arat\u0103 c\u0103 l-ar fi lovit doamna Mateescu cu autoturismul. Ace\u0219ti trei martori, i-au spus lui Deaconu: \u201ede ce te-ai frecat de perete s\u0103-\u021bi faci r\u0103ni?Pentru a-\u021bi lua certificat medico-legal?\u201d. El a r\u0103spuns: \u201etrebuia s\u0103 m\u0103 arunc de pe st\u00e2lp pentru a-mi lua un certificat medico-legal cu peste 90 de zile\u201d.<\/p>\n<p>Cei trei martori s-au prins de \u00eenscenarea f\u0103cut\u0103 de Deaconu, socrul s\u0103u \u0219i agen\u021bii de la serviciul rutier Pite\u0219ti. La sesizarea lui Mateescu Drago\u0219, a fost sanc\u021bionat contraven\u021bional Deaconu Gheorghe Lauren\u021biu, conform prevederilor art.2, pct.1 din legea 61\/1991 R. Agen\u021bii de poli\u021bie au chemat ambulan\u021ba, Deaconu a fost dus la Spitalul Jude\u021bean Pite\u0219ti, dup\u0103 care i-a fost eliberat un certificat medico-legal de 3 zile cu \u00eengrijiri medicale. \u0218i aceste trei zile de \u00eengrijiri medicale i-au fost date pentru frecarea cu spatele de zid. Agentul \u0218tefan Octavian a solicitat la I.M.L. Arge\u0219 s\u0103 se stabileasc\u0103 dac\u0103 urmele de pe spate au fost provocate de autoturism. Medicii de la I.M.L. Arge\u0219 au spus c\u0103 e posibil ca urmele de pe spate s\u0103 fie de la accident. Ei nu au fost informa\u021bi de noi despre \u00eenscenarea acestui accident dar o s\u0103 o facem chiar \u00een aceast\u0103 s\u0103pt\u0103m\u00e2n\u0103. La acest dosar, Deaconu Lauren\u021biu a pus din nou martor ocular pe socrul s\u0103u, Mitu Florin care acesta nu a v\u0103zut nimic \u00eentruc\u00e2t \u00een momentul acela el se afla \u00een buc\u0103t\u0103rie cu Matei Nicolae cel care c\u0103zuse cu bicicleta la poarta lor.<\/p>\n<figure id=\"attachment_4828\" aria-describedby=\"caption-attachment-4828\" style=\"width: 211px\" class=\"wp-caption alignleft\"><a href=\"http:\/\/www.editiespecialapress.ro\/wp\/wp-content\/uploads\/2017\/08\/Gard-Mitu-Florin-gardul-care-mascheaz\u0103-vederea-\u00een-strad\u0103-chipurile-accident.png\"><img loading=\"lazy\" decoding=\"async\" class=\" wp-image-4828\" src=\"http:\/\/www.editiespecialapress.ro\/wp\/wp-content\/uploads\/2017\/08\/Gard-Mitu-Florin-gardul-care-mascheaz\u0103-vederea-\u00een-strad\u0103-chipurile-accident-150x150.png\" alt=\"\" width=\"211\" height=\"211\" \/><\/a><figcaption id=\"caption-attachment-4828\" class=\"wp-caption-text\">Gard Mitu Florin &#8211; gardul care mascheaz\u0103 vederea \u00een strad\u0103, chipurile accident<\/figcaption><\/figure>\n<p>Mitu Florin era foarte beat \u00een acea zi la fel \u0219i Matei Nicolae, aveau dat volumul de la sta\u021bie la maximum cu boxe mari \u0219i nu se auzea mai nimic din cauza muzicii. Vizibilitatea \u00een strad\u0103 era foarte redus\u0103 \u00eentruc\u00e2t are un gard \u00eenalt, dar \u00een schimb martorul mincinos Mitu Florin ne-a relatat c\u0103 el a auzit o bubuitur\u0103 din cas\u0103 \u0219i a ie\u0219it afar\u0103 s\u0103 vad\u0103 ce s-a \u00eent\u00e2mplat. La prima \u00eenregistrare audio-video ne-a relatat urm\u0103toarele: \u201eGinerimio Deaconu a \u021bipat: \u201estai cucoan\u0103, dai peste mine, m\u0103 omori?\u201d. \u0218i a plecat doamna Vali \u00een tromb\u0103\u201d. A uitat s\u0103 mai spun\u0103 minciunile c\u0103 l-a t\u0103v\u0103lit pe jos pe gineriso. La circa 2 minute a \u00eenceput s\u0103 \u021bipe \u2013 \u201euite a\u0219a a f\u0103cut, l-a t\u0103v\u0103lit pe jos \u0219i se \u021binea de spate\u201d. A declarat la poli\u021bie una iar nou\u0103 ne-a spus adev\u0103rul \u00een prim\u0103 faz\u0103 la \u00eentreb\u0103ri iar dup\u0103 circa 2 minute \u0219i-a adus aminte c\u0103 a spus adev\u0103rul \u0219i poate aduce o condamnare, s-a sucit \u0219i a \u00eenceput s\u0103 se t\u0103v\u0103leasc\u0103 pe jos d\u00e2ndu-se cu fundul de p\u0103m\u00e2nt. La un moment dat a \u00eenceput Mitu Florin s\u0103 strige: \u201euita\u021bi \u0219tiu to\u021bi vecinii\u201d, noi l-am \u00eentrebat repede care sunt acei vecini iar el a ar\u0103tat spre casa doamnei consilier Mariana Neac\u0219u. Am chemat-o pe doamna consilier Neac\u0219u \u0219i am \u00eentrebat-o: \u201ea-\u021bi v\u0103zut cum l-a lovit doamna Mateescu pe Deaconu?\u201d, d\u00e2nsa a r\u0103spuns: \u201eeu nu \u0219tiu nimic, nu eram aici, n-am v\u0103zut nimic\u201d spun\u00e2ndu-i lui Mitu: \u201etu \u00eemi pui mie vorbe \u00een gur\u0103!\u201d. Mitu mai ar\u0103ta spre un deal: \u201euite \u0219tiu vecinii, sunt mul\u021bi care au v\u0103zut\u201d.<\/p>\n<figure id=\"attachment_4831\" aria-describedby=\"caption-attachment-4831\" style=\"width: 222px\" class=\"wp-caption alignright\"><a href=\"http:\/\/www.editiespecialapress.ro\/wp\/wp-content\/uploads\/2017\/08\/Neacsu-Mariana-for\u021bat\u0103-de-Mitu-s\u0103-declare-ce-nu-a-v\u0103zut.png\"><img loading=\"lazy\" decoding=\"async\" class=\" wp-image-4831\" src=\"http:\/\/www.editiespecialapress.ro\/wp\/wp-content\/uploads\/2017\/08\/Neacsu-Mariana-for\u021bat\u0103-de-Mitu-s\u0103-declare-ce-nu-a-v\u0103zut-150x150.png\" alt=\"\" width=\"222\" height=\"222\" \/><\/a><figcaption id=\"caption-attachment-4831\" class=\"wp-caption-text\">Neacsu Mariana for\u021bat\u0103 de Mitu s\u0103 declare ce nu a v\u0103zut<\/figcaption><\/figure>\n<p>Dup\u0103 c\u00e2te am observat Mitu Florin st\u0103 mai tot timpul pilit, se ceart\u0103 cu toat\u0103 lumea, are nevoie de un tratament la cap. Acest infractor a declarat de trei ori \u00een trei feluri diferite, la noi de dou\u0103 ori iar la poli\u021bie o dat\u0103. Toate declara\u021biile lui nu reflect\u0103 adev\u0103rul, din contr\u0103 trebuie cercetat pentru m\u0103rturie mincinoas\u0103 \u0219i ginerele s\u0103u pentru \u00eenscenarea accidentului. A solicitat avocatul lui Mateescu o expertiz\u0103 tehnic\u0103 judiciar\u0103 \u0219i domnul poli\u021bist \u0218tefan Octavian a respins cererea. Cum e posibil s\u0103 respingi o cerere pentru a se efectua o expertiz\u0103 tehnic\u0103 judiciar\u0103 auto \u0219i de a se stabili cu exactitate cine a fost de vin\u0103. Oricum el este implicat \u00een \u00eenscenarea accidentului, \u0219tie tot adev\u0103rul \u0219i am \u00een\u021beles c\u0103 ar fi primit c\u00e2teva sute de euro de la Deaconu pentru a o teroriza pe doamna Mateescu. C\u00e2nd l-am abordat cu \u00eentreb\u0103ri, a r\u0103spuns sec: \u201enu vreau s\u0103 stau de vorb\u0103, m\u0103 gr\u0103besc, m\u0103 a\u0219teapt\u0103 avocatul \u00een birou, nu am timp, nu am nimic de spus\u201d. O s\u0103 aib\u0103 ce s\u0103 spun\u0103 acest agent la al\u021bi poli\u021bi\u0219ti \u0219i procurori. Vom \u00eenainta toate \u00eenregistr\u0103rile audio-video familiei Mateescu pentru a le depune la Prim Procuror \u0219i de a se lua toate m\u0103surile legale ce se impun. C\u00e2nd agen\u021bii nu vor s\u0103 ia declara\u021bii la martori vom interveni, le vom da declara\u021biile martorilor mincino\u0219i \u0219i pe cele ale celor adev\u0103ra\u021bi, audio-video.<\/p>\n<figure id=\"attachment_4841\" aria-describedby=\"caption-attachment-4841\" style=\"width: 243px\" class=\"wp-caption aligncenter\"><a href=\"http:\/\/www.editiespecialapress.ro\/wp\/wp-content\/uploads\/2017\/08\/Poli\u021bia-Municipiului-Pite\u0219ti-Agen\u021bii-de-la-Serviciul-Rutier-comit-infrac\u021biuni-non-stop-1.jpg\"><img loading=\"lazy\" decoding=\"async\" class=\" wp-image-4841\" src=\"http:\/\/www.editiespecialapress.ro\/wp\/wp-content\/uploads\/2017\/08\/Poli\u021bia-Municipiului-Pite\u0219ti-Agen\u021bii-de-la-Serviciul-Rutier-comit-infrac\u021biuni-non-stop-1-150x150.jpg\" alt=\"\" width=\"243\" height=\"243\" \/><\/a><figcaption id=\"caption-attachment-4841\" class=\"wp-caption-text\">Poli\u021bia Municipiului Pite\u0219ti &#8211; Agen\u021bii de la Serviciul Rutier comit infrac\u021biuni non-stop<\/figcaption><\/figure>\n<p>S\u0103 se lase de \u0219mecherii \u0219i de \u00eenscen\u0103ri de accidente pentru to\u021bi infractorii, le recomand\u0103m, s\u0103 uite de sumele de euro pe care Deaconu le-a promis des la fiecare venire \u00een \u021bar\u0103.<\/p>\n<p>&nbsp;<\/p>\n<p><em>Articol de Iulian Ratea\u00a0\u00a0 <\/em><\/p>\n<p><em>\u00a0<\/em><\/p>\n","protected":false},"excerpt":{"rendered":"<p>F\u0103ptuitorii Deaconu Lauren\u021biu, Mitu Florin \u0219i agentul principal \u0218tefan Octavian au \u00eenscenat un accident pe raza Comunei Poiana Lacului, sat S\u0103mara, jude\u021bul Arge\u0219, totul organizat cu ajutorul Poli\u021biei Rutiere Pite\u0219ti Dragii no\u0219tri cititori, continu\u0103m \u00een aceast\u0103 edi\u021bie cu trei f\u0103ptuitori care au premeditat \u00eenscenarea unui accident rutier pe raza Comunei Poiana Lacului, jude\u021bul Arge\u0219. \u00cen [&hellip;]<\/p>\n","protected":false},"author":2,"featured_media":4839,"comment_status":"closed","ping_status":"open","sticky":false,"template":"","format":"standard","meta":{"footnotes":""},"categories":[2],"tags":[623,624,625,626,627,628,629],"class_list":{"0":"post-4826","1":"post","2":"type-post","3":"status-publish","4":"format-standard","5":"has-post-thumbnail","7":"category-ancheta","8":"tag-agentul-principal-stefan-octavian","9":"tag-deaconu-laurentiu","10":"tag-mateescu-valerica","11":"tag-matei-nicolae","12":"tag-mitu-florin","13":"tag-neacsu-mariana","14":"tag-politia-municipiului-pitesti"},"_links":{"self":[{"href":"https:\/\/www.editiespecialapress.ro\/newtest\/wp-json\/wp\/v2\/posts\/4826","targetHints":{"allow":["GET"]}}],"collection":[{"href":"https:\/\/www.editiespecialapress.ro\/newtest\/wp-json\/wp\/v2\/posts"}],"about":[{"href":"https:\/\/www.editiespecialapress.ro\/newtest\/wp-json\/wp\/v2\/types\/post"}],"author":[{"embeddable":true,"href":"https:\/\/www.editiespecialapress.ro\/newtest\/wp-json\/wp\/v2\/users\/2"}],"replies":[{"embeddable":true,"href":"https:\/\/www.editiespecialapress.ro\/newtest\/wp-json\/wp\/v2\/comments?post=4826"}],"version-history":[{"count":0,"href":"https:\/\/www.editiespecialapress.ro\/newtest\/wp-json\/wp\/v2\/posts\/4826\/revisions"}],"wp:featuredmedia":[{"embeddable":true,"href":"https:\/\/www.editiespecialapress.ro\/newtest\/wp-json\/"}],"wp:attachment":[{"href":"https:\/\/www.editiespecialapress.ro\/newtest\/wp-json\/wp\/v2\/media?parent=4826"}],"wp:term":[{"taxonomy":"category","embeddable":true,"href":"https:\/\/www.editiespecialapress.ro\/newtest\/wp-json\/wp\/v2\/categories?post=4826"},{"taxonomy":"post_tag","embeddable":true,"href":"https:\/\/www.editiespecialapress.ro\/newtest\/wp-json\/wp\/v2\/tags?post=4826"}],"curies":[{"name":"wp","href":"https:\/\/api.w.org\/{rel}","templated":true}]}}