{"id":4858,"date":"2017-08-10T00:28:23","date_gmt":"2017-08-09T21:28:23","guid":{"rendered":"http:\/\/www.editiespecialapress.ro\/?p=4858"},"modified":"2017-08-10T00:28:23","modified_gmt":"2017-08-09T21:28:23","slug":"la-multi-ani-de-sfanta-maria-primaria-poiana-lacului-2","status":"publish","type":"post","link":"https:\/\/www.editiespecialapress.ro\/newtest\/2017\/08\/10\/la-multi-ani-de-sfanta-maria-primaria-poiana-lacului-2\/","title":{"rendered":"La mul\u021bi ani de Sf\u00e2nta Maria! &#8211; Prim\u0103ria Poiana Lacului"},"content":{"rendered":"<div class=\"\">\n<p>La mul\u0163i ani, Fecioara Maria s\u0103 v\u0103 c\u0103l\u0103uzeasc\u0103 mereu \u015fi s\u0103 v\u0103 ajute s\u0103 \u00eenvinge\u021bi orice obstacol din via\u0163a voastr\u0103. V\u0103 ur\u0103m s\u0103 ave\u021bi o zi a numelui la fel de luminoas\u0103 precum aripile unui fluture, la fel de fericit\u0103 precum c\u00e2ntecul privighetoarei \u015fi la fel de frumoas\u0103 precum o gr\u0103din\u0103 plin\u0103 cu flori.<\/p>\n<p style=\"text-align: right;\"><strong> Prim\u0103ria Poiana Lacului (AG), <\/strong><\/p>\n<p style=\"text-align: right;\"><strong> Primar Dumitrache Ion \u00eempreun\u0103 cu angaja\u021bii prim\u0103riei \u0219i Consiliul Local<\/strong><\/p>\n<p>&nbsp;<\/p>\n<\/div>\n","protected":false},"excerpt":{"rendered":"<p>La mul\u0163i ani, Fecioara Maria s\u0103 v\u0103 c\u0103l\u0103uzeasc\u0103 mereu \u015fi s\u0103 v\u0103 ajute s\u0103 \u00eenvinge\u021bi orice obstacol din via\u0163a voastr\u0103. V\u0103 ur\u0103m s\u0103 ave\u021bi o zi a numelui la fel de luminoas\u0103 precum aripile unui fluture, la fel de fericit\u0103 precum c\u00e2ntecul privighetoarei \u015fi la fel de frumoas\u0103 precum o gr\u0103din\u0103 plin\u0103 cu flori. Prim\u0103ria [&hellip;]<\/p>\n","protected":false},"author":2,"featured_media":4852,"comment_status":"closed","ping_status":"open","sticky":false,"template":"","format":"standard","meta":{"footnotes":""},"categories":[4],"tags":[],"class_list":{"0":"post-4858","1":"post","2":"type-post","3":"status-publish","4":"format-standard","5":"has-post-thumbnail","7":"category-felicitari"},"_links":{"self":[{"href":"https:\/\/www.editiespecialapress.ro\/newtest\/wp-json\/wp\/v2\/posts\/4858","targetHints":{"allow":["GET"]}}],"collection":[{"href":"https:\/\/www.editiespecialapress.ro\/newtest\/wp-json\/wp\/v2\/posts"}],"about":[{"href":"https:\/\/www.editiespecialapress.ro\/newtest\/wp-json\/wp\/v2\/types\/post"}],"author":[{"embeddable":true,"href":"https:\/\/www.editiespecialapress.ro\/newtest\/wp-json\/wp\/v2\/users\/2"}],"replies":[{"embeddable":true,"href":"https:\/\/www.editiespecialapress.ro\/newtest\/wp-json\/wp\/v2\/comments?post=4858"}],"version-history":[{"count":0,"href":"https:\/\/www.editiespecialapress.ro\/newtest\/wp-json\/wp\/v2\/posts\/4858\/revisions"}],"wp:featuredmedia":[{"embeddable":true,"href":"https:\/\/www.editiespecialapress.ro\/newtest\/wp-json\/"}],"wp:attachment":[{"href":"https:\/\/www.editiespecialapress.ro\/newtest\/wp-json\/wp\/v2\/media?parent=4858"}],"wp:term":[{"taxonomy":"category","embeddable":true,"href":"https:\/\/www.editiespecialapress.ro\/newtest\/wp-json\/wp\/v2\/categories?post=4858"},{"taxonomy":"post_tag","embeddable":true,"href":"https:\/\/www.editiespecialapress.ro\/newtest\/wp-json\/wp\/v2\/tags?post=4858"}],"curies":[{"name":"wp","href":"https:\/\/api.w.org\/{rel}","templated":true}]}}