{"id":4861,"date":"2017-08-10T00:35:11","date_gmt":"2017-08-09T21:35:11","guid":{"rendered":"http:\/\/www.editiespecialapress.ro\/?p=4861"},"modified":"2017-08-10T00:35:11","modified_gmt":"2017-08-09T21:35:11","slug":"la-multi-ani-de-sfanta-maria-primaria-vedea","status":"publish","type":"post","link":"https:\/\/www.editiespecialapress.ro\/newtest\/2017\/08\/10\/la-multi-ani-de-sfanta-maria-primaria-vedea\/","title":{"rendered":"La mul\u021bi ani de Sf\u00e2nta Maria! &#8211; Prim\u0103ria Vedea"},"content":{"rendered":"<div class=\"\">Fie ca toate \u00eent\u00e2mpl\u0103rile frumoase \u015fi spiritul acestei zile s\u0103 va \u00eenso\u0163easc\u0103 pretutindeni. V\u0103 dorim o zi de Sf\u00e2nta Maria c\u00e2t mai frumoas\u0103! \u00cengerii s\u0103 v\u0103 c\u0103l\u0103uzeasc\u0103 pa\u015fii \u015fi Sf\u00e2nta Fecioar\u0103 s\u0103 v\u0103 lumineze drumul \u00een via\u0163\u0103. La mul\u021bi ani!<\/p>\n<p style=\"text-align: right;\"><strong> Prim\u0103ria Vedea (AG), <\/strong><\/p>\n<p style=\"text-align: right;\"><strong> Primar Dochinoiu Nicolae \u00eempreun\u0103 cu angaja\u021bii prim\u0103riei \u0219i Consiliul Local<\/strong><\/p>\n<p>&nbsp;<\/p>\n<\/div>\n","protected":false},"excerpt":{"rendered":"<p>Fie ca toate \u00eent\u00e2mpl\u0103rile frumoase \u015fi spiritul acestei zile s\u0103 va \u00eenso\u0163easc\u0103 pretutindeni. V\u0103 dorim o zi de Sf\u00e2nta Maria c\u00e2t mai frumoas\u0103! \u00cengerii s\u0103 v\u0103 c\u0103l\u0103uzeasc\u0103 pa\u015fii \u015fi Sf\u00e2nta Fecioar\u0103 s\u0103 v\u0103 lumineze drumul \u00een via\u0163\u0103. La mul\u021bi ani! Prim\u0103ria Vedea (AG), Primar Dochinoiu Nicolae \u00eempreun\u0103 cu angaja\u021bii prim\u0103riei \u0219i Consiliul Local &nbsp;<\/p>\n","protected":false},"author":2,"featured_media":4851,"comment_status":"closed","ping_status":"open","sticky":false,"template":"","format":"standard","meta":{"footnotes":""},"categories":[4],"tags":[],"class_list":{"0":"post-4861","1":"post","2":"type-post","3":"status-publish","4":"format-standard","5":"has-post-thumbnail","7":"category-felicitari"},"_links":{"self":[{"href":"https:\/\/www.editiespecialapress.ro\/newtest\/wp-json\/wp\/v2\/posts\/4861","targetHints":{"allow":["GET"]}}],"collection":[{"href":"https:\/\/www.editiespecialapress.ro\/newtest\/wp-json\/wp\/v2\/posts"}],"about":[{"href":"https:\/\/www.editiespecialapress.ro\/newtest\/wp-json\/wp\/v2\/types\/post"}],"author":[{"embeddable":true,"href":"https:\/\/www.editiespecialapress.ro\/newtest\/wp-json\/wp\/v2\/users\/2"}],"replies":[{"embeddable":true,"href":"https:\/\/www.editiespecialapress.ro\/newtest\/wp-json\/wp\/v2\/comments?post=4861"}],"version-history":[{"count":0,"href":"https:\/\/www.editiespecialapress.ro\/newtest\/wp-json\/wp\/v2\/posts\/4861\/revisions"}],"wp:featuredmedia":[{"embeddable":true,"href":"https:\/\/www.editiespecialapress.ro\/newtest\/wp-json\/"}],"wp:attachment":[{"href":"https:\/\/www.editiespecialapress.ro\/newtest\/wp-json\/wp\/v2\/media?parent=4861"}],"wp:term":[{"taxonomy":"category","embeddable":true,"href":"https:\/\/www.editiespecialapress.ro\/newtest\/wp-json\/wp\/v2\/categories?post=4861"},{"taxonomy":"post_tag","embeddable":true,"href":"https:\/\/www.editiespecialapress.ro\/newtest\/wp-json\/wp\/v2\/tags?post=4861"}],"curies":[{"name":"wp","href":"https:\/\/api.w.org\/{rel}","templated":true}]}}