{"id":4863,"date":"2017-08-10T00:40:53","date_gmt":"2017-08-09T21:40:53","guid":{"rendered":"http:\/\/www.editiespecialapress.ro\/?p=4863"},"modified":"2017-08-10T00:40:53","modified_gmt":"2017-08-09T21:40:53","slug":"la-multi-ani-de-sfanta-maria-primaria-suici","status":"publish","type":"post","link":"https:\/\/www.editiespecialapress.ro\/newtest\/2017\/08\/10\/la-multi-ani-de-sfanta-maria-primaria-suici\/","title":{"rendered":"La mul\u021bi ani de Sf\u00e2nta Maria! &#8211; Prim\u0103ria \u0218uici"},"content":{"rendered":"<div class=\"\">Fie ca din aceast\u0103 zi sf\u00e2nt\u0103, \u00een drumul lin al vie\u021bii tale s\u0103 r\u0103sar\u0103 mereu c\u00e2te-o raz\u0103 de soare care s\u0103 v\u0103 aduc\u0103 fericire \u0219i bucurie. S\u0103 ave\u021bi o zi frumoas\u0103 \u0219i s\u0103 v\u0103 bucura\u021bi de numele pe care \u00eel purta\u021bi. S\u0103 fi\u021bi mereu ferici\u021bi, iubi\u021bi si bucuro\u0219i. La mul\u021bi ani de Sfanta Maria!<\/p>\n<p style=\"text-align: right;\"><strong> Prim\u0103ria \u0218uici (AG), <\/strong><\/p>\n<p style=\"text-align: right;\"><strong> Primar Constantin Iatagan \u00eempreun\u0103 cu angaja\u021bii prim\u0103riei \u0219i Consiliul Local<\/strong><\/p>\n<p>&nbsp;<\/p>\n<\/div>\n","protected":false},"excerpt":{"rendered":"<p>Fie ca din aceast\u0103 zi sf\u00e2nt\u0103, \u00een drumul lin al vie\u021bii tale s\u0103 r\u0103sar\u0103 mereu c\u00e2te-o raz\u0103 de soare care s\u0103 v\u0103 aduc\u0103 fericire \u0219i bucurie. S\u0103 ave\u021bi o zi frumoas\u0103 \u0219i s\u0103 v\u0103 bucura\u021bi de numele pe care \u00eel purta\u021bi. S\u0103 fi\u021bi mereu ferici\u021bi, iubi\u021bi si bucuro\u0219i. La mul\u021bi ani de Sfanta Maria! Prim\u0103ria [&hellip;]<\/p>\n","protected":false},"author":2,"featured_media":4850,"comment_status":"closed","ping_status":"open","sticky":false,"template":"","format":"standard","meta":{"footnotes":""},"categories":[4],"tags":[],"class_list":{"0":"post-4863","1":"post","2":"type-post","3":"status-publish","4":"format-standard","5":"has-post-thumbnail","7":"category-felicitari"},"_links":{"self":[{"href":"https:\/\/www.editiespecialapress.ro\/newtest\/wp-json\/wp\/v2\/posts\/4863","targetHints":{"allow":["GET"]}}],"collection":[{"href":"https:\/\/www.editiespecialapress.ro\/newtest\/wp-json\/wp\/v2\/posts"}],"about":[{"href":"https:\/\/www.editiespecialapress.ro\/newtest\/wp-json\/wp\/v2\/types\/post"}],"author":[{"embeddable":true,"href":"https:\/\/www.editiespecialapress.ro\/newtest\/wp-json\/wp\/v2\/users\/2"}],"replies":[{"embeddable":true,"href":"https:\/\/www.editiespecialapress.ro\/newtest\/wp-json\/wp\/v2\/comments?post=4863"}],"version-history":[{"count":0,"href":"https:\/\/www.editiespecialapress.ro\/newtest\/wp-json\/wp\/v2\/posts\/4863\/revisions"}],"wp:featuredmedia":[{"embeddable":true,"href":"https:\/\/www.editiespecialapress.ro\/newtest\/wp-json\/"}],"wp:attachment":[{"href":"https:\/\/www.editiespecialapress.ro\/newtest\/wp-json\/wp\/v2\/media?parent=4863"}],"wp:term":[{"taxonomy":"category","embeddable":true,"href":"https:\/\/www.editiespecialapress.ro\/newtest\/wp-json\/wp\/v2\/categories?post=4863"},{"taxonomy":"post_tag","embeddable":true,"href":"https:\/\/www.editiespecialapress.ro\/newtest\/wp-json\/wp\/v2\/tags?post=4863"}],"curies":[{"name":"wp","href":"https:\/\/api.w.org\/{rel}","templated":true}]}}