{"id":4931,"date":"2017-09-06T01:00:49","date_gmt":"2017-09-05T22:00:49","guid":{"rendered":"http:\/\/www.editiespecialapress.ro\/?p=4931"},"modified":"2017-09-06T01:00:49","modified_gmt":"2017-09-05T22:00:49","slug":"infractori-judecatori-care-trebuie-sa-raspunda-pentru-fapte-penale-de-represiune-nedreapta-abuz-in-serviciu-incalcarea-conventiei-pentru-apararea-drepturilor-omului-infractiuni-contra-umanitatii-et","status":"publish","type":"post","link":"https:\/\/www.editiespecialapress.ro\/newtest\/2017\/09\/06\/infractori-judecatori-care-trebuie-sa-raspunda-pentru-fapte-penale-de-represiune-nedreapta-abuz-in-serviciu-incalcarea-conventiei-pentru-apararea-drepturilor-omului-infractiuni-contra-umanitatii-et\/","title":{"rendered":"Infractori judec\u0103tori care trebuie s\u0103 r\u0103spund\u0103 pentru fapte penale de represiune nedreapt\u0103, abuz \u00een serviciu, \u00eenc\u0103lcarea Conven\u021biei pentru ap\u0103rarea Drepturilor Omului, infrac\u021biuni contra umanit\u0103\u021bii etc."},"content":{"rendered":"<p>Infractori judec\u0103tori Diaconu Gheorghe, Marius Andreescu, S\u0103ndulescu Gabriel, Anda Mihaela Pluteanu, Teodora Gheorghe Sorescu, Elena Minodora Rusu, Dumitru Diaconu, Ana Maria Coculescu, Diaconu Raluca Simionescu, to\u021bi de la Curtea de Apel Pite\u0219ti, Gheorghe Neac\u0219u, Irina Laz\u0103r, Ion Fund\u0103tureanu \u0219i Marius Dumitrescu de la Tribunalul Arge\u0219, Baciu Elisabeta Rosita, Vlad Valentin, Tuglui Corina \u0219i Ceau\u0219escu Carmen de la Judec\u0103toria R\u00e2mnicu V\u00e2lcea<\/p>\n<figure id=\"attachment_4933\" aria-describedby=\"caption-attachment-4933\" style=\"width: 230px\" class=\"wp-caption alignleft\"><a href=\"http:\/\/www.editiespecialapress.ro\/wp\/wp-content\/uploads\/2017\/09\/Curtea-de-Apel-Pite\u0219ti-Judec\u0103torii-Cur\u021bii-de-Apel-Pite\u0219ti-omoar\u0103-sute-de-victime-pe-an.jpg\"><img loading=\"lazy\" decoding=\"async\" class=\" wp-image-4933\" src=\"http:\/\/www.editiespecialapress.ro\/wp\/wp-content\/uploads\/2017\/09\/Curtea-de-Apel-Pite\u0219ti-Judec\u0103torii-Cur\u021bii-de-Apel-Pite\u0219ti-omoar\u0103-sute-de-victime-pe-an-150x150.jpg\" alt=\"\" width=\"230\" height=\"230\" \/><\/a><figcaption id=\"caption-attachment-4933\" class=\"wp-caption-text\">Curtea de Apel Pite\u0219ti &#8211; Judec\u0103torii Cur\u021bii de Apel Pite\u0219ti omoar\u0103 sute de victime pe an<\/figcaption><\/figure>\n<p>Dragii no\u0219trii cititori continu\u0103m \u00een aceast\u0103 edi\u021bie cu cei mai mari infractori ai Justi\u021biei Rom\u00e2ne &#8211;\u00a0 to\u021bi cei prezenta\u021bi mai sus. Aceste c\u00e2rpe mizerabile ale societ\u0103\u021bii rom\u00e2ne de judec\u0103tori, condamn\u0103 cet\u0103\u021benii Arge\u0219ului \u0219i ai V\u00e2lcei cu tupeu de judec\u0103tori comuni\u0219ti \u00eenc\u0103 de la prima zi de angajare \u00een Justi\u021bia Rom\u00e2n\u0103. La ace\u0219ti infractori le vin dosarele de la anumite Parchete Arge\u0219 \u0219i V\u00e2lcea, unde deja procurorii abuzivi au comis abuzul \u00een timpul serviciului, represiunea nedreapt\u0103 \u0219i \u00eenc\u0103lcarea Conven\u021biei pentru ap\u0103rarea Drepturilor Omului, prin rechizitoriile emise. C\u00e2rpele societ\u0103\u021bii de judec\u0103tori comuni\u0219ti to\u021bi cei prezenta\u021bi, au trecut \u0219i trec la judecarea dosarelor cu rechizitorii abuzive, fapte de represiune nedreapt\u0103 \u0219i cu \u00eenc\u0103lcarea Conven\u021biei pentru ap\u0103rarea Drepturilor Omului. Pentru a-\u0219i ap\u0103ra tovar\u0103\u0219ii procurori, nu mai \u021bin cont de lipsa probelor la dosare, falsificare de probe sau plant\u0103ri de probe care se v\u0103d cu ochiul liber, precum \u0219i acuz\u0103ri nefondate sau ne\u00eentrunirea elementelor constitutive ale infrac\u021biunilor. Nu mai punem c\u0103 lipsesc laturile obiective ale infrac\u021biunilor din mintea lor bolnav\u0103 \u0219i folosesc doar latura subiectiv\u0103 la chipurile infrac\u021biuni. A\u0219a dau ace\u0219ti infractori condamn\u0103ri grele la cet\u0103\u021benii care sunt victime, folosind tupeul comunist \u00een sentin\u021be \u0219i decizii.<\/p>\n<figure id=\"attachment_4934\" aria-describedby=\"caption-attachment-4934\" style=\"width: 231px\" class=\"wp-caption alignright\"><a href=\"http:\/\/www.editiespecialapress.ro\/wp\/wp-content\/uploads\/2017\/09\/Diaconu-Gheorghe-cel-mai-mare-asasin.jpg\"><img loading=\"lazy\" decoding=\"async\" class=\" wp-image-4934\" src=\"http:\/\/www.editiespecialapress.ro\/wp\/wp-content\/uploads\/2017\/09\/Diaconu-Gheorghe-cel-mai-mare-asasin-150x150.jpg\" alt=\"\" width=\"231\" height=\"231\" \/><\/a><figcaption id=\"caption-attachment-4934\" class=\"wp-caption-text\">Diaconu Gheorghe &#8211; cel mai mare asasin<\/figcaption><\/figure>\n<p>\u00cen decizii \u0219i sentin\u021be scriu numai minciuni, le \u00eens\u0103ileaz\u0103 precum judec\u0103torii comuni\u0219ti pentru a nu le mai dezlega nimeni. Oricum chiar dac\u0103 victimele ajung la \u00cenalta Curte de Casa\u021bie \u0219i Justi\u021bie, acolo dau de al\u021bi judec\u0103tori comuni\u0219ti, prieteni cu to\u021bi ace\u0219tia de la Pite\u0219ti \u0219i V\u00e2lcea. Avem informa\u021bii \u0219i probe certe, \u00een acest sens c\u0103 ei se sun\u0103 \u00eentre ei, chefuiesc \u00eempreun\u0103, \u00ee\u0219i fac vizite unii la al\u021bii, sunt ca fra\u021bii, ce judec\u0103\u021bi corecte \u0219i impar\u021biale sau procese echitabile s\u0103 aibe cet\u0103\u021benii care sunt victime. Fac am\u0103r\u00e2\u021bii pu\u0219c\u0103rie p\u00e2n\u0103 decedeaz\u0103 sau care mai apuc\u0103 s\u0103 se elibereze deja sunt cop\u021bi de boal\u0103 din condi\u021biile inumane din ANP \u0219i aresturi. Nu mai punem c\u0103 sunt b\u0103tute victimele la greu de mili\u021bieni, masca\u021bi \u0219.a.m.d. A\u0219a s-a ajuns de mor \u00een ANP victime zilnic. To\u021bi ace\u0219ti judec\u0103tori comuni\u0219ti trebuiesc cerceta\u021bi pentru infrac\u021biunile de: Represiune Nedreapt\u0103 non-stop, abuz \u00een serviciu \u00een form\u0103 calificat\u0103, constituirea unui grup infrac\u021bional organizat, infrac\u021biuni contra umanit\u0103\u021bii, \u00eenc\u0103lcarea Conven\u021biei pentru ap\u0103rarea Drepturilor Omului \u0219.a.m.d. Se dezl\u0103n\u021buiesc infractori \u00een robe cu asemenea fapte penale grave, nimeni nu i-a cercetat sau chiar dac\u0103 au f\u0103cut victimele pl\u00e2ngeri \u00eempotriva lor au fost clasate de cei mai nenoroci\u021bi procurori ai Parchetului de pe l\u00e2ng\u0103 Curtea de Apel Pite\u0219ti \u00een frunte cu Generalul Aldea. \u0218i la sec\u021bia de Urm\u0103rire Penal\u0103 \u0219i Criminalistic\u0103 din cadrul Parchetului General au clasat cauzele la victime prin asasinul Prim Procuror \u0218ef sec\u021bie Iacob Marius cu toat\u0103 gloata de procurori asasini, acum claseaz\u0103 toate cauzele victimelor procurorul \u0218ef de sec\u021bie Varga Romulus Dan cu toate gloabele de procurori asasini.<\/p>\n<p>De\u0219i art. 283 alin. (1) \u0219i alin. (2) N.C.P. ne indic\u0103 urm\u0103toarele:<\/p>\n<p>\u201eRepresiunea nedreapt\u0103 alin. (1) Fapta de a pune \u00een mi\u0219care ac\u021biunea penal\u0103 de a lua o m\u0103sur\u0103 preventiv\u0103 neprivat\u0103 de libertate ori de a trimite \u00een judecat\u0103 o persoan\u0103, \u0219tiind c\u0103 este nevinovat\u0103, se pedepse\u0219te cu \u00eenchisoare de la 3 luni la 3 ani \u0219i interzicerea exercit\u0103rii dreptului de a ocupa o func\u021bie public\u0103.<\/p>\n<p>alin. (2) Re\u021binerea sau arestarea ori condamnarea unei persoane \u0219tiind c\u0103 este nevinovat\u0103, se pedepse\u0219te cu \u00eenchisoare de la 3 la 10 ani \u0219i interzicerea exercit\u0103rii de a ocupa o func\u021bie public\u0103\u201d.<\/p>\n<figure id=\"attachment_4937\" aria-describedby=\"caption-attachment-4937\" style=\"width: 237px\" class=\"wp-caption alignleft\"><a href=\"http:\/\/www.editiespecialapress.ro\/wp\/wp-content\/uploads\/2017\/09\/S\u0103ndulescu-Gabriel-cel-mai-mare-asasin-rrom-jegos.jpg\"><img loading=\"lazy\" decoding=\"async\" class=\" wp-image-4937\" src=\"http:\/\/www.editiespecialapress.ro\/wp\/wp-content\/uploads\/2017\/09\/S\u0103ndulescu-Gabriel-cel-mai-mare-asasin-rrom-jegos-150x150.jpg\" alt=\"\" width=\"237\" height=\"237\" \/><\/a><figcaption id=\"caption-attachment-4937\" class=\"wp-caption-text\">S\u0103ndulescu Gabriel &#8211; cel mai mare asasin rrom jegos<\/figcaption><\/figure>\n<p>Acest art. 283 alin. (1) \u0219i alin. (2) N.C.P. pedepse\u0219te faptele penale ale judec\u0103torilor \u0219i procurorilor dac\u0103 trimite \u00een judecat\u0103 o persoan\u0103 sau o condamn\u0103 f\u0103r\u0103 probe sau cu \u00eenc\u0103lcarea Conven\u021biei pentru ap\u0103rarea Drepturilor Omului la care face referire art.17 CEDO.<\/p>\n<p>Art. 17 \u2013 Interzicerea abuzului de drept<\/p>\n<p>Nici o dispozi\u021bie din prezenta conven\u021bie nu poate fi interpretat\u0103 ca implic\u00e2nd pentru un Stat, un grup, sau un individ, un drept oarecare de a desf\u0103\u0219ura o activitate sau de a \u00eendeplini un act ce urm\u0103re\u0219te distrugerea drepturilor sau a libert\u0103\u021bilor recunoscute de prezenta conven\u021bie sau de a aduce limit\u0103ri mai ample acestor drepturi \u0219i libert\u0103\u021bi dec\u00e2t acelea prev\u0103zute de aceast\u0103 conven\u021bie. Acest art. 17 CEDO se refer\u0103 la \u00eendeplinirea unui act, sentin\u021b\u0103, decizie \u0219i tot ce exist\u0103 act emis de func\u021bionarii publici cum sunt \u0219i judec\u0103torii criminali \u00een robe.<\/p>\n<p>Art. 7 CEDO \u2013 Nici o pedeaps\u0103 f\u0103r\u0103 lege<\/p>\n<p>Nimeni nu poate fi condamnat pentru o ac\u021biune sau o omisiune care \u00een momentul \u00een care a fost s\u0103v\u00e2r\u0219it\u0103, nu constituia o infrac\u021biune, potrivit dreptului na\u021bional \u0219i interna\u021bional. De asemenea nu poate fi o pedeaps\u0103 mai sever\u0103 dec\u00e2t aceea care este aplicabil\u0103 \u00een momentul s\u0103v\u00e2r\u0219irii infrac\u021biunii. Ace\u0219ti judec\u0103tori comuni\u0219ti din Arge\u0219 \u0219i V\u00e2lcea \u0219tiu c\u0103 victimele cam 80% din care le trec prin m\u00e2n\u0103 sunt nevinovate, cu rea credin\u021b\u0103 \u0219i pe blat cu procurorii dau pedepse foarte mari \u00een loc s\u0103 le dea achitarea. Din acest motiv se fac vinova\u021bi \u0219i ei \u0219i procurorii de infrac\u021biuni contra umanit\u0103\u021bii, fapt\u0103 prev\u0103zut\u0103 \u0219i condamnat\u0103 de art. 439 alin. (1) N.C.P.<\/p>\n<p>Alin. (1) \u201eS\u0103v\u00e2r\u0219irea \u00een cadrul unui atac generalizat sau sistematic, lansarea \u00eempotriva unei popula\u021bii civile, a uneia dintre urm\u0103toarele fapte:<\/p>\n<ol>\n<li>a) uciderea unor persoane<\/li>\n<li>b) supunerea unei popula\u021bii sau p\u0103r\u021bi a acesteia, \u00een scopul de a o distruge \u00een tot sau \u00een parte la condi\u021bii de via\u021b\u0103 menite s\u0103 determine distrugerea fizic\u0103, total\u0103 sau par\u021bial\u0103 a acesteia.<\/li>\n<li>i) \u00eentemni\u021barea sau alt\u0103 form\u0103 de privare grav\u0103 de libertate cu \u00eenc\u0103lcarea regulilor generale de drept interna\u021bional.<\/li>\n<li>k) alte asemenea fapte inumane ce cauzeaz\u0103 suferin\u021be mari sau v\u0103t\u0103m\u0103ri ale integrit\u0103\u021bii fizice sau psihice.<\/li>\n<\/ol>\n<p>Aceste fapte se pedepsesc cu deten\u021biunea pe via\u021b\u0103 sau cu \u00eenchisoare de la 15 &#8211; 25 ani \u0219i interzicerea exercit\u0103rii unor drepturi.<\/p>\n<figure id=\"attachment_4936\" aria-describedby=\"caption-attachment-4936\" style=\"width: 237px\" class=\"wp-caption alignright\"><a href=\"http:\/\/www.editiespecialapress.ro\/wp\/wp-content\/uploads\/2017\/09\/Judec\u0103toria-R\u00e2mnicu.-V\u00e2lcea-are-cei-mai-mul\u021bi-asasini-\u00een-robe.jpg\"><img loading=\"lazy\" decoding=\"async\" class=\" wp-image-4936\" src=\"http:\/\/www.editiespecialapress.ro\/wp\/wp-content\/uploads\/2017\/09\/Judec\u0103toria-R\u00e2mnicu.-V\u00e2lcea-are-cei-mai-mul\u021bi-asasini-\u00een-robe-150x150.jpg\" alt=\"\" width=\"237\" height=\"237\" \/><\/a><figcaption id=\"caption-attachment-4936\" class=\"wp-caption-text\">Judec\u0103toria R\u00e2mnicu. V\u00e2lcea &#8211; are cei mai mul\u021bi asasini \u00een robe<\/figcaption><\/figure>\n<p>Acest art. 439 alin. (1) lit. a), lit. b), lit. i) \u0219i lit. k) N.C.P. ne arat\u0103 distrugerea unei popula\u021bii prin diferite m\u0103suri abuzive s\u0103v\u00e2r\u0219ite de func\u021bionari publici precum magistra\u021bii, Guvernul, Camera Deputa\u021bilor, Parlamentul \u0219i tot ceea ce \u00eenseamn\u0103 func\u021bionari publici care pot \u0219i au puterea de a distruge \u00een mas\u0103 cet\u0103\u021benii Rom\u00e2niei; distrugere fizic\u0103, distrugere psihic\u0103 etc. C\u00e2nd te condamn\u0103 ace\u0219ti judec\u0103tori comuni\u0219ti f\u0103r\u0103 probe, doar pentru a le face pl\u0103cerile prietenilor procurori \u0219i ajungi \u00een cele mai mizerabile \u0219i infecte aresturi \u0219i pu\u0219c\u0103rii, unde te \u0219i \u00eemboln\u0103ve\u0219ti de diferite boli grave de la care multe victime au decedat sau dac\u0103 nu, au rezistat deten\u021biei inumane \u0219i mizerabile, s-au eliberat dar au murit la c\u00e2\u021biva ani \u00een libertare. Pu\u0219c\u0103ria\u0219ii adev\u0103ra\u021bi sau cei care au milioane de euro sau sute de milioane de euro o duc bine, restul vai mama lor ce p\u0103\u021besc. Acolo e ca \u00een jungl\u0103, care bate bine \u0219i e cu mili\u021bienii pe bune sau are bani mul\u021bi o duce foarte bine, restul sunt b\u0103tu\u021bi, umili\u021bi \u0219i omor\u00e2\u021bi ori de al\u021bi pu\u0219c\u0103ria\u0219i ori de mili\u021bieni.<\/p>\n<figure id=\"attachment_4938\" aria-describedby=\"caption-attachment-4938\" style=\"width: 220px\" class=\"wp-caption alignleft\"><a href=\"http:\/\/www.editiespecialapress.ro\/wp\/wp-content\/uploads\/2017\/09\/Untitled.png\"><img loading=\"lazy\" decoding=\"async\" class=\"wp-image-4938\" src=\"http:\/\/www.editiespecialapress.ro\/wp\/wp-content\/uploads\/2017\/09\/Untitled-150x127.png\" alt=\"\" width=\"220\" height=\"188\" \/><\/a><figcaption id=\"caption-attachment-4938\" class=\"wp-caption-text\">Anda Mihaela Pluteanu \u0219i Elena Minodora Rusu omoar\u0103 f\u0103r\u0103 mil\u0103 victime cu sentin\u021be \u0219i decizii<\/figcaption><\/figure>\n<p>Judec\u0103torii comuni\u0219ti \u0219i procurorii asemenea lor fac toate acestea pentru a-i omor\u00ee pe bietele victime \u0219i de a se r\u0103zbuna pe ele \u00eentruc\u00e2t nu au probe. Victimele nu au avut ce s\u0103 recunoasc\u0103 \u00een timpul cercet\u0103rilor, mili\u021bienii \u0219i asasinii procurori for\u021beaz\u0103 nota cu rechizitorii abuzive \u0219i a\u0219a se ajunge la omor \u00een mas\u0103. Trebuie obligatoriu s\u0103 r\u0103spund\u0103 pentru crimele s\u0103v\u00e2r\u0219ite ace\u0219ti judec\u0103tori comuni\u0219ti \u0219i pentru distrugerea fizic\u0103 \u0219i psihic\u0103 a victimelor. La aceast\u0103 or\u0103 nu sunt cerceta\u021bi pentru asemenea fapte grave \u0219i continu\u0103 r\u00e2z\u00e2nd, cu condamn\u0103ri abuzive iar cet\u0103\u021benii se \u00eemboln\u0103vesc \u0219i mor.<\/p>\n<p>Solicit\u0103m autosesizare din partea CEDO, HAGA, ONU pentru condamnarea acestor judec\u0103tori comuni\u0219ti.<\/p>\n<p><em>Articol de Aurel Postolache<\/em><\/p>\n<p>&nbsp;<\/p>\n<p>&nbsp;<\/p>\n<p>&nbsp;<\/p>\n","protected":false},"excerpt":{"rendered":"<p>Infractori judec\u0103tori Diaconu Gheorghe, Marius Andreescu, S\u0103ndulescu Gabriel, Anda Mihaela Pluteanu, Teodora Gheorghe Sorescu, Elena Minodora Rusu, Dumitru Diaconu, Ana Maria Coculescu, Diaconu Raluca Simionescu, to\u021bi de la Curtea de Apel Pite\u0219ti, Gheorghe Neac\u0219u, Irina Laz\u0103r, Ion Fund\u0103tureanu \u0219i Marius Dumitrescu de la Tribunalul Arge\u0219, Baciu Elisabeta Rosita, Vlad Valentin, Tuglui Corina \u0219i Ceau\u0219escu Carmen [&hellip;]<\/p>\n","protected":false},"author":2,"featured_media":4935,"comment_status":"closed","ping_status":"open","sticky":false,"template":"","format":"standard","meta":{"footnotes":""},"categories":[2],"tags":[26,7,646,27,647,367,648],"class_list":{"0":"post-4931","1":"post","2":"type-post","3":"status-publish","4":"format-standard","5":"has-post-thumbnail","7":"category-ancheta","8":"tag-anda-mihaela-pluteanu","9":"tag-curtea-de-apel-pitesti","10":"tag-diaconu-gheorghe","11":"tag-elena-minodora-rusu","12":"tag-gheorghe-teodora-sorescu","13":"tag-judecatoria-ramnicu-valcea","14":"tag-sandulescu-gabriel"},"_links":{"self":[{"href":"https:\/\/www.editiespecialapress.ro\/newtest\/wp-json\/wp\/v2\/posts\/4931","targetHints":{"allow":["GET"]}}],"collection":[{"href":"https:\/\/www.editiespecialapress.ro\/newtest\/wp-json\/wp\/v2\/posts"}],"about":[{"href":"https:\/\/www.editiespecialapress.ro\/newtest\/wp-json\/wp\/v2\/types\/post"}],"author":[{"embeddable":true,"href":"https:\/\/www.editiespecialapress.ro\/newtest\/wp-json\/wp\/v2\/users\/2"}],"replies":[{"embeddable":true,"href":"https:\/\/www.editiespecialapress.ro\/newtest\/wp-json\/wp\/v2\/comments?post=4931"}],"version-history":[{"count":0,"href":"https:\/\/www.editiespecialapress.ro\/newtest\/wp-json\/wp\/v2\/posts\/4931\/revisions"}],"wp:featuredmedia":[{"embeddable":true,"href":"https:\/\/www.editiespecialapress.ro\/newtest\/wp-json\/"}],"wp:attachment":[{"href":"https:\/\/www.editiespecialapress.ro\/newtest\/wp-json\/wp\/v2\/media?parent=4931"}],"wp:term":[{"taxonomy":"category","embeddable":true,"href":"https:\/\/www.editiespecialapress.ro\/newtest\/wp-json\/wp\/v2\/categories?post=4931"},{"taxonomy":"post_tag","embeddable":true,"href":"https:\/\/www.editiespecialapress.ro\/newtest\/wp-json\/wp\/v2\/tags?post=4931"}],"curies":[{"name":"wp","href":"https:\/\/api.w.org\/{rel}","templated":true}]}}