{"id":4943,"date":"2017-09-07T14:13:14","date_gmt":"2017-09-07T11:13:14","guid":{"rendered":"http:\/\/www.editiespecialapress.ro\/?p=4943"},"modified":"2017-09-07T14:13:14","modified_gmt":"2017-09-07T11:13:14","slug":"la-multi-ani-de-sfanta-maria-primaria-curtea-de-arges","status":"publish","type":"post","link":"https:\/\/www.editiespecialapress.ro\/newtest\/2017\/09\/07\/la-multi-ani-de-sfanta-maria-primaria-curtea-de-arges\/","title":{"rendered":"La mul\u021bi ani de Sf\u00e2nta Maria! &#8211; Prim\u0103ria Curtea de Arge\u0219"},"content":{"rendered":"<p>La mul\u021bi ani \u0219i mult noroc \u00een aceast\u0103 zi special\u0103. V\u0103 dorim s\u0103 vi se \u00eendeplineasc\u0103 toate dorin\u021bele, s\u0103n\u0103tate \u0219i numai bucurii. Este o zi c\u00e2nd sufletul \u00eenvinge orice urm\u0103 de triste\u021be, c\u00e2nd tot ce a fost greu vi se va p\u0103rea u\u0219or. La mul\u021bi ani Maria, Marin \u0219i tuturor s\u0103rb\u0103tori\u021bilor ce poart\u0103 acest nume frumos!<\/p>\n<p><strong>\u00a0 \u00a0 \u00a0 \u00a0 \u00a0 \u00a0 \u00a0 \u00a0 \u00a0 \u00a0 \u00a0 \u00a0 \u00a0 \u00a0 \u00a0 \u00a0 \u00a0 \u00a0 \u00a0 \u00a0 \u00a0 \u00a0 \u00a0 \u00a0 \u00a0 \u00a0 \u00a0 \u00a0 \u00a0 \u00a0 \u00a0 \u00a0 \u00a0 \u00a0 \u00a0 \u00a0 \u00a0 \u00a0 \u00a0 \u00a0 \u00a0 \u00a0 \u00a0 \u00a0 \u00a0 \u00a0 \u00a0 \u00a0 \u00a0 \u00a0 \u00a0 \u00a0 \u00a0 \u00a0 \u00a0 \u00a0\u00a0\u00a0\u00a0\u00a0\u00a0 Prim\u0103ria Curtea de Arge\u0219 (AG),<\/strong><\/p>\n<p><strong>\u00a0 \u00a0 \u00a0 \u00a0 \u00a0 \u00a0 \u00a0 \u00a0 \u00a0 \u00a0 \u00a0 \u00a0 \u00a0 \u00a0\u00a0\u00a0\u00a0\u00a0\u00a0 Primar Pan\u021burescu Constantin \u00eempreun\u0103 cu angaja\u021bii prim\u0103riei \u0219i Consiliul Local<\/strong><\/p>\n","protected":false},"excerpt":{"rendered":"<p>La mul\u021bi ani \u0219i mult noroc \u00een aceast\u0103 zi special\u0103. V\u0103 dorim s\u0103 vi se \u00eendeplineasc\u0103 toate dorin\u021bele, s\u0103n\u0103tate \u0219i numai bucurii. Este o zi c\u00e2nd sufletul \u00eenvinge orice urm\u0103 de triste\u021be, c\u00e2nd tot ce a fost greu vi se va p\u0103rea u\u0219or. La mul\u021bi ani Maria, Marin \u0219i tuturor s\u0103rb\u0103tori\u021bilor ce poart\u0103 acest nume [&hellip;]<\/p>\n","protected":false},"author":2,"featured_media":4944,"comment_status":"closed","ping_status":"open","sticky":false,"template":"","format":"standard","meta":{"footnotes":""},"categories":[4],"tags":[],"class_list":{"0":"post-4943","1":"post","2":"type-post","3":"status-publish","4":"format-standard","5":"has-post-thumbnail","7":"category-felicitari"},"_links":{"self":[{"href":"https:\/\/www.editiespecialapress.ro\/newtest\/wp-json\/wp\/v2\/posts\/4943","targetHints":{"allow":["GET"]}}],"collection":[{"href":"https:\/\/www.editiespecialapress.ro\/newtest\/wp-json\/wp\/v2\/posts"}],"about":[{"href":"https:\/\/www.editiespecialapress.ro\/newtest\/wp-json\/wp\/v2\/types\/post"}],"author":[{"embeddable":true,"href":"https:\/\/www.editiespecialapress.ro\/newtest\/wp-json\/wp\/v2\/users\/2"}],"replies":[{"embeddable":true,"href":"https:\/\/www.editiespecialapress.ro\/newtest\/wp-json\/wp\/v2\/comments?post=4943"}],"version-history":[{"count":0,"href":"https:\/\/www.editiespecialapress.ro\/newtest\/wp-json\/wp\/v2\/posts\/4943\/revisions"}],"wp:featuredmedia":[{"embeddable":true,"href":"https:\/\/www.editiespecialapress.ro\/newtest\/wp-json\/"}],"wp:attachment":[{"href":"https:\/\/www.editiespecialapress.ro\/newtest\/wp-json\/wp\/v2\/media?parent=4943"}],"wp:term":[{"taxonomy":"category","embeddable":true,"href":"https:\/\/www.editiespecialapress.ro\/newtest\/wp-json\/wp\/v2\/categories?post=4943"},{"taxonomy":"post_tag","embeddable":true,"href":"https:\/\/www.editiespecialapress.ro\/newtest\/wp-json\/wp\/v2\/tags?post=4943"}],"curies":[{"name":"wp","href":"https:\/\/api.w.org\/{rel}","templated":true}]}}