{"id":4998,"date":"2017-10-11T01:00:06","date_gmt":"2017-10-10T22:00:06","guid":{"rendered":"http:\/\/www.editiespecialapress.ro\/?p=4998"},"modified":"2017-10-11T01:00:06","modified_gmt":"2017-10-10T22:00:06","slug":"primarii-care-au-furat-patrimoniul-primariei-generale-a-capitalei-crin-halaicu-viorel-lis-traian-basescu-adriean-videanu-sorin-oprescu-gabriela-vranceanu-firea-si-toate-comisiile-de-la-directia","status":"publish","type":"post","link":"https:\/\/www.editiespecialapress.ro\/newtest\/2017\/10\/11\/primarii-care-au-furat-patrimoniul-primariei-generale-a-capitalei-crin-halaicu-viorel-lis-traian-basescu-adriean-videanu-sorin-oprescu-gabriela-vranceanu-firea-si-toate-comisiile-de-la-directia\/","title":{"rendered":"Primarii care au furat patrimoniul Prim\u0103riei generale a Capitalei: Crin Halaicu, Viorel Lis, Traian B\u0103sescu, Adriean Videanu, Sorin Oprescu, Gabriela Vr\u00e2nceanu Firea \u0219i toate comisiile de la Direc\u021bia Patrimoniului"},"content":{"rendered":"<p>Primarii care au furat patrimoniul Prim\u0103riei generale a Capitalei sunt: to\u021bi cei men\u021biona\u021bi \u00een titlu, \u0219i-au tras miliarde de euro sau chiar zeci de miliarde de euro.<\/p>\n<p>Dragii no\u0219tri cititori, continu\u0103m \u00een aceast\u0103 edi\u021bie cu infractorii care au furat patrimoniul Prim\u0103riei generale a Capitalei \u0219i au devenit multi miliardari \u00een euro, \u00een mandatele de primari. Ex primarul Crin Halaicu a fost primar \u00eentre anii 1992 \u2013 1996, la care s-a apucat de furat masiv din patrimoniul Prim\u0103riei Capitalei. Acest PNL-ist nenorocit \u0219i-a chemat tovar\u0103\u0219ii cu societ\u0103\u021bi comerciale, prietenii \u0219.a.m.d. \u0219i a \u00eenceput s\u0103 v\u00e2nd\u0103 spa\u021biile comerciale de la parterele blocurilor, f\u0103r\u0103 a dispune sau a face public licita\u021bii. Dac\u0103 te ui\u021bi \u00een documente te apuc\u0103 r\u00e2sul pe ce pre\u021buri au v\u00e2ndut spa\u021biile comerciale, adic\u0103 patrimoniul Prim\u0103riei generale a Capitalei. Acest escroc de primar general Crin Halaicu a mai servit cu spa\u021bii comerciale (patrimoniul prim\u0103riei) tovar\u0103\u0219ii din partidele PNL-PSD unde a trecut \u00een documente pre\u021buri de mizerie. A mai v\u00e2ndut apartamente, garsoniere mii pe pre\u021buri de nimic f\u0103r\u0103 a face vreo licita\u021bie public\u0103. \u0218i-a tras terenuri din patrimoniul prim\u0103riei \u0219i de la mo\u0219tenitorii de drept, a furat banii din impozite prin Direc\u021bia General\u0103 Economic\u0103 la greu circa 4 ani de zile. A plecat jegul de primar general multi miliardar \u00een dolari la acel timp. A eliberat documente false la fiecare tranzac\u021bie, nu i se va prescrie nici o fapt\u0103 de fals intelectual, abuz \u00een serviciu \u00een form\u0103 calificat\u0103, delapidare, constituirea unui grup infrac\u021bional organizat, sp\u0103lare de bani \u0219i la aceast\u0103 or\u0103 etc. Prescrip\u021bia r\u0103spunderii penale nu a intervenit \u0219i nu va interveni din cauza falsului intelectual, falsul intelectual e \u00een picioare \u0219i toate infrac\u021biunile se \u021bin \u00een lan\u021b de el. Avoca\u021bii care \u00eei vor ap\u0103ra pe ace\u0219ti nenoroci\u021bi de primari se vor face de r\u00e2s dac\u0103 vor \u00eencerca s\u0103 invoce prescrip\u021bia r\u0103spunderii penale.<\/p>\n<figure id=\"attachment_5004\" aria-describedby=\"caption-attachment-5004\" style=\"width: 251px\" class=\"wp-caption alignleft\"><a href=\"http:\/\/www.editiespecialapress.ro\/wp\/wp-content\/uploads\/2017\/10\/Viorel-Lis-cioara-gulerat\u0103-miliardar-\u00een-dolari-Oana-st\u0103p\u00e2ne\u0219te.jpg\"><img loading=\"lazy\" decoding=\"async\" class=\" wp-image-5004\" src=\"http:\/\/www.editiespecialapress.ro\/wp\/wp-content\/uploads\/2017\/10\/Viorel-Lis-cioara-gulerat\u0103-miliardar-\u00een-dolari-Oana-st\u0103p\u00e2ne\u0219te-150x150.jpg\" alt=\"\" width=\"251\" height=\"251\" \/><\/a><figcaption id=\"caption-attachment-5004\" class=\"wp-caption-text\">Viorel Lis &#8211; cioara gulerat\u0103 miliardar \u00een dolari, Oana st\u0103p\u00e2ne\u0219te<\/figcaption><\/figure>\n<p>Ex primarul general al Prim\u0103riei Capitalei, Viorel Lis, \u0219i-a tras zeci de case \u00een Bucure\u0219ti, ia chirie circa 100.000 de euro\/lun\u0103, joac\u0103 banii din chirii la \u201ep\u0103c\u0103nele\u201d, \u00eei mai cheltuie \u0219i so\u021bioara Oana pe diferite obiecte \u0219i bun\u0103t\u0103\u021buri. Aceast\u0103 cioar\u0103 gulerat\u0103 din comuna M\u0103lureni, jude\u021bul Arge\u0219 a lucrat ca inginer proiectant, avea un salariu normal, dar de c\u00e2nd a devenit primar a \u00eenceput PN\u021aCD-istul s\u0103-\u0219i cheme to\u021bi tovar\u0103\u0219ii la furt din patrimoniul Prim\u0103riei. \u00cei veneau clien\u021bi la Prim\u0103rie ca la f\u00e2nt\u00e2na de leac, el nu a refuzat pe nimeni, le-a dat pe nimic la to\u021bi PN\u021aCD-i\u0219tii dar \u00een schimb le atr\u0103gea aten\u021bia p\u00e2n\u0103 s\u0103-i pun\u0103 \u00een posesie cu terenuri sau s\u0103 le v\u00e2nd\u0103 terenuri din patrimoniul Prim\u0103riei: \u201eveni\u021bi \u00eembr\u0103ca\u021bi la mine, nu cu m\u00e2inile goale! a\u0219a se fac afacerile\u201d. Vorbele lui goale dar pline de dar au ajuns la noi c\u00e2nd f\u0103cea tranzac\u021bii. Fiind volumul mare de lucru la noi, abia acum o s\u0103 ne ocup\u0103m de to\u021bi \u00eempreun\u0103 cu organele de cercetare penal\u0103. La Prim\u0103rie se vindeau terenuri, spa\u021bii din patrimoniul Prim\u0103riei, apartamente, garsoniere, totul la pre\u021b de nimic, \u0219paga la cioara gulerat\u0103 era foarte mare iar licita\u021bii nu s-au f\u0103cut niciodat\u0103 pe nici un bun din patrimoniul Prim\u0103riei; a\u0219a au ajuns din s\u0103raci sau mode\u0219ti, multi miliardari \u00een dolari la acel timp, acum se l\u0103f\u0103ie \u00een euro. Patrimoniul Prim\u0103riei Capitalei a fost foarte valoros, numai spa\u021biile de la parter de la toate blocurile din Bucure\u0219ti, v\u0103 \u00eenchipui\u021bi c\u00e2t erau de scumpe.<\/p>\n<figure id=\"attachment_4999\" aria-describedby=\"caption-attachment-4999\" style=\"width: 251px\" class=\"wp-caption alignright\"><a href=\"http:\/\/www.editiespecialapress.ro\/wp\/wp-content\/uploads\/2017\/10\/Adriean-Videanu-achitat-\u00een-toate-dosarele-la-acesta-garant\u0103m-c\u0103-nu.jpeg\"><img loading=\"lazy\" decoding=\"async\" class=\" wp-image-4999\" src=\"http:\/\/www.editiespecialapress.ro\/wp\/wp-content\/uploads\/2017\/10\/Adriean-Videanu-achitat-\u00een-toate-dosarele-la-acesta-garant\u0103m-c\u0103-nu-150x150.jpeg\" alt=\"\" width=\"251\" height=\"251\" \/><\/a><figcaption id=\"caption-attachment-4999\" class=\"wp-caption-text\">Adriean Videanu &#8211; achitat \u00een toate dosarele, la acesta garant\u0103m c\u0103 nu<\/figcaption><\/figure>\n<p>\u00cen toat\u0103 capitala au fost \u00een patrimoniul Prim\u0103riei, milioane de spa\u021bii pe care le-au pr\u0103duit to\u021bi primarii \u0219i cu cei de la Direc\u021bia Patrimoniului pe toate timpurile PNL, PSD, PN\u021aCD, PD. Au mai furat nenoroci\u021bii \u0219i mo\u0219tenirile cet\u0103\u021benilor, case, terenuri etc. Nea Viorel Lis se distreaz\u0103 din plin, dar nu \u0219tie ce-l a\u0219teapt\u0103, to\u021bi spun pe la prieteni c\u0103, degeaba ne public\u0103 \u0103ia c\u0103 a intervenit prescrip\u021bia r\u0103spunderii penale, la fapte. Ei \u00ee\u0219i recunosc faptele, se bazeaz\u0103 pe prescrip\u021biile la fapte, nu e a\u0219a! prescrip\u021bia nu opereaz\u0103 la falsul intelectual pe care l-au folosit \u00een tranzac\u021biile cu zeci de mii de terenuri, spa\u021bii etc. Falsul intelectual \u0219i toate faptele penale grave se \u021bin lan\u021b de falsul intelectual care opereaz\u0103 \u0219i la aceast\u0103 or\u0103, la infrac\u021biuni de sp\u0103lare de bani \u0219.a.m.d. Vor fi cerceta\u021bi \u0219i condamna\u021bi to\u021bi primarii din 1992 \u2013 2017.<\/p>\n<figure id=\"attachment_5003\" aria-describedby=\"caption-attachment-5003\" style=\"width: 250px\" class=\"wp-caption alignleft\"><a href=\"http:\/\/www.editiespecialapress.ro\/wp\/wp-content\/uploads\/2017\/10\/Traian-B\u0103sescu-cel-mai-mare-ho\u021b-de-patrimoniu-al-Prim\u0103riei.jpg\"><img loading=\"lazy\" decoding=\"async\" class=\"wp-image-5003\" src=\"http:\/\/www.editiespecialapress.ro\/wp\/wp-content\/uploads\/2017\/10\/Traian-B\u0103sescu-cel-mai-mare-ho\u021b-de-patrimoniu-al-Prim\u0103riei-150x150.jpg\" alt=\"\" width=\"250\" height=\"250\" \/><\/a><figcaption id=\"caption-attachment-5003\" class=\"wp-caption-text\">Traian B\u0103sescu &#8211; cel mai mare ho\u021b de patrimoniu al Prim\u0103riei<\/figcaption><\/figure>\n<p>&nbsp;<\/p>\n<p>T\u0103tarul B\u0103sescu Traian, campion la v\u00e2nzarea patrimoniului Prim\u0103riei Capitalei, \u0103sta \u0219i-a chemat italieni, nem\u021bi, arabi \u0219i tot felul de eretici prieteni de-ai lui pentru ai \u00eempropriet\u0103rii cu spa\u021bii comerciale, terenuri, garsoniere, apartamente \u0219i s\u0103-\u0219i \u00eembog\u0103\u021beasc\u0103 \u0219i societ\u0103\u021bile comerciale ale prietenilor lui. Acest t\u0103tar, cum a pus m\u00e2na pe func\u021bie, a \u0219i trecut la infrac\u021biuni de fals intelectual, abuz \u00een serviciu \u00een form\u0103 calificat\u0103, sp\u0103lare de bani \u0219.a.m.d. R\u00e2dea ca un nebun \u00een birou c\u00e2nd \u00eei veneau clien\u021bii la patrimoniu, bani dolari nu se mai pune problema. A emis peste 250.000 de documente prin fals intelectual \u00een 4 ani de primar. Aceste falsuri intelectuale opereaz\u0103 \u0219i la aceast\u0103 or\u0103, spal\u0103 banii prietenii lui, are comision frumos lunar a\u0219a ca fost primar. \u0218i-a b\u0103tut joc nenorocitul, de flota rom\u00e2n\u0103 \u0219i dup\u0103 aceia de jum\u0103tate din patrimoniul Prim\u0103riei generale a Capitalei. A \u00eempropriet\u0103rit mul\u021bi arabi cu terenuri, spa\u021bii comerciale din patrimoniul prim\u0103riei, a deposedat mo\u0219tenitorii de drept de terenuri \u0219i case \u00eempropriet\u0103rind zeci de mii de mo\u0219tenitori fictivi prin a le elibera adeverin\u021be false, puneri \u00een posesie false, titluri de proprietate false. \u0218i-a tras \u0219p\u0103gi de sute de milioane de dolari numai de la mo\u0219tenitorii fictivi. De la patrimoniul Prim\u0103riei \u0219i-a tras miliarde de dolari pe care \u00eei \u021bine \u00een conturi la arabi, \u00een Italia, Elve\u021bia \u0219.a.m.d. \u0218i-a pus oameni de \u00eencredere din neam, nepoate \u0219.a.m.d. pentru a-i rula banii din \u0219p\u0103gi \u0219i de a-i sp\u0103la cum se cuvine. Acest dement de primar general a crezut \u0219i crede ca ceilal\u021bi primari c\u0103 a intervenit termenul de prescrip\u021bie la fapte, se \u00een\u0219eal\u0103, cine are \u0219tiin\u021b\u0103 \u00een drept \u0219tie c\u0103 faptele de fals intelectual nu se prescriu dac\u0103 falsurile opereaz\u0103 \u0219i acum adic\u0103 falsurile produc chirii sau proprietarii mo\u0219tenesc spa\u021bii, terenuri prin acte false emise de infractorul B\u0103sescu \u0219i le folosesc la sp\u0103l\u0103ri de bani non-stop.<\/p>\n<figure id=\"attachment_5002\" aria-describedby=\"caption-attachment-5002\" style=\"width: 250px\" class=\"wp-caption alignleft\"><a href=\"http:\/\/www.editiespecialapress.ro\/wp\/wp-content\/uploads\/2017\/10\/Sorin-Oprescu-b\u0103iat-de-b\u0103iat-cu-clinici-pe-cap-spal\u0103-apreteaz\u0103-\u0219i-calc\u0103-la-euro.jpg\"><img loading=\"lazy\" decoding=\"async\" class=\" wp-image-5002\" src=\"http:\/\/www.editiespecialapress.ro\/wp\/wp-content\/uploads\/2017\/10\/Sorin-Oprescu-b\u0103iat-de-b\u0103iat-cu-clinici-pe-cap-spal\u0103-apreteaz\u0103-\u0219i-calc\u0103-la-euro-150x150.jpg\" alt=\"\" width=\"250\" height=\"250\" \/><\/a><figcaption id=\"caption-attachment-5002\" class=\"wp-caption-text\">Sorin Oprescu &#8211; b\u0103iat de b\u0103iat cu clinici pe cap, spal\u0103, apreteaz\u0103 \u0219i calc\u0103 la euro<\/figcaption><\/figure>\n<p>Traian T\u0103tarul are un concurs de infrac\u021biuni \u00eenc\u0103 din anul 2000 \u2013 de c\u00e2nd a c\u0103p\u0103tat func\u021bia de primar, nu s-au prescris faptele \u0219i nu se vor prescrie p\u00e2n\u0103 nu-\u0219i va isp\u0103\u0219i pedeapsa. Acest nenorocit de ex primar general poate fi cercetat \u0219i pentru luare de mit\u0103 non-stop \u00eentruc\u00e2t toate faptele duc spre mit\u0103, falsurile nu le putea elibera f\u0103r\u0103 \u0219pag\u0103, legea general\u0103 specific\u0103 dac\u0103 probele duc spre mit\u0103 atunci poate fi condamnat \u0219i pentru luare de mit\u0103 \u0219i mai ales c\u0103 falsurile eliberate de el se \u021bin lan\u021b de toate infrac\u021biunile comise. Apartamentele \u0219i garsonierele mii au fost v\u00e2ndute ca \u0219i patrimoniu f\u0103r\u0103 licita\u021bii, le-au dat pe sub m\u00e2n\u0103 ca pe valut\u0103 pe timpul comunismului. Are t\u0103tarul de B\u0103sescu miliarde sau chiar zeci de miliarde de dolari la arabi \u00een conturi, \u00een Europa la fel. El prime\u0219te comisioane \u0219i acum de la diferi\u021bi oameni de afaceri pe care i-a \u00eempropriet\u0103rit din patrimoniul Prim\u0103riei, sunt recunosc\u0103tori \u0219i la aceast\u0103 or\u0103, au o \u00een\u021belegere veche s\u0103 pluseze lunar o parte din rulaje. Traiane, Traiane de ce \u021bi-a fost fric\u0103, de aia nu scapi! Se vait\u0103 de servicii, c\u0103 l-au distrus, pe viitor de cine te mai vai\u021bi? Tot de ei \u0219i de Kovesi! Ai sc\u0103pat la Flot\u0103 dar din astea nu mai scapi, cu toate milogelile tale la procurorii DNA. Nea Sorin Oprescu \u0219i Adriean Videanu au fript-o tot ca \u0219i ceilal\u021bi, a\u0219tia ruleaz\u0103 \u0219p\u0103gile prin afaceri, mai le-a dat \u0219i copiilor lor s\u0103-i ruleze a\u0219a s-au \u00eembog\u0103\u021bit nemernicii din furtul patrimoniului Prim\u0103riei. Nu i-a \u00eentrebat nimeni de s\u0103n\u0103tate p\u00e2n\u0103 la aceast\u0103 or\u0103, or s\u0103 se plictiseasc\u0103 c\u00e2te declara\u021bii lungi de 10, 12 ore or s\u0103 dea la DNA. Sper\u0103m ca de aceast\u0103 dat\u0103 s\u0103 fie one\u0219ti to\u021bi primarii ho\u021bi de patrimoniu.<\/p>\n<figure id=\"attachment_5001\" aria-describedby=\"caption-attachment-5001\" style=\"width: 251px\" class=\"wp-caption alignright\"><a href=\"http:\/\/www.editiespecialapress.ro\/wp\/wp-content\/uploads\/2017\/10\/Gabriela-Vr\u00e2nceanu-Firea-are-grij\u0103-mare-de-impozite-\u0219i-de-manageri-la-fel.jpg\"><img loading=\"lazy\" decoding=\"async\" class=\" wp-image-5001\" src=\"http:\/\/www.editiespecialapress.ro\/wp\/wp-content\/uploads\/2017\/10\/Gabriela-Vr\u00e2nceanu-Firea-are-grij\u0103-mare-de-impozite-\u0219i-de-manageri-la-fel-150x150.jpg\" alt=\"\" width=\"251\" height=\"251\" \/><\/a><figcaption id=\"caption-attachment-5001\" class=\"wp-caption-text\">Gabriela Vr\u00e2nceanu Firea &#8211; are grij\u0103 mare de impozite \u0219i de manageri la fel<\/figcaption><\/figure>\n<p>Gabriela Vr\u00e2nceanu Firea \u0219i ea proasp\u0103t prim\u0103ri\u021b\u0103 a mai \u00eempropriet\u0103rit din patrimoniul Prim\u0103riei c\u00e2te un PSD-ist ca Dragnea, ea ocup\u00e2ndu-se mai mult de impozitul de la Societ\u0103\u021bile Comerciale \u0219i ale cet\u0103\u021benilor, din chirii de terenuri, de la spa\u021bii n-ai ce, le-au pr\u0103duit b\u0103ie\u021bii de b\u0103ie\u021bi (primarii). Are \u0219i ea c\u00e2teva zeci de societ\u0103\u021bi care o premiaz\u0103 consistent, nu ro\u0219e\u0219te c\u00e2nd prime\u0219te.\u00a0 Managerii ei au venit la sustras banul din impozite \u0219i bugetul anual, semestrial. Gabi e bucuroas\u0103 de func\u021bie dar o s\u0103 se supere pe noi c\u0103 am cules \u0219i despre ea informa\u021bii certe. Asta e, G\u0103bi\u021bo!\u00a0\u00a0Solicit\u0103m ca DNA s\u0103 solicite Prim\u0103riei Capitalei toate documentele false ce reprezint\u0103 patrimoniul Prim\u0103riei din anul 1990 \u0219i p\u00e2n\u0103 \u00een prezent. Solicit\u0103m DNA s\u0103 verifice pe fiecare primar general ce conturi au \u00een str\u0103in\u0103tate \u0219i al\u021bi bani grei pu\u0219i pe numele rudelor.<\/p>\n<p>Solicit\u0103m s\u0103 fie \u00eentreba\u021bi \u0219i verifica\u021bi at\u00e2t ei precum \u0219i copiii lor sau rudele, cu ce bani au \u00eenceput afacerile \u0219i de unde?<\/p>\n<p>Solicit\u0103m autosesizare din partea Prim Procurorului DNA Bucure\u0219ti!<\/p>\n<p><em>Articol de Georgescu Petre\u00a0 <\/em><\/p>\n<p><em>\u00a0<\/em><\/p>\n","protected":false},"excerpt":{"rendered":"<p>Primarii care au furat patrimoniul Prim\u0103riei generale a Capitalei sunt: to\u021bi cei men\u021biona\u021bi \u00een titlu, \u0219i-au tras miliarde de euro sau chiar zeci de miliarde de euro. Dragii no\u0219tri cititori, continu\u0103m \u00een aceast\u0103 edi\u021bie cu infractorii care au furat patrimoniul Prim\u0103riei generale a Capitalei \u0219i au devenit multi miliardari \u00een euro, \u00een mandatele de primari. [&hellip;]<\/p>\n","protected":false},"author":2,"featured_media":5000,"comment_status":"closed","ping_status":"open","sticky":false,"template":"","format":"standard","meta":{"footnotes":""},"categories":[2],"tags":[658,659,660,89,44,90],"class_list":{"0":"post-4998","1":"post","2":"type-post","3":"status-publish","4":"format-standard","5":"has-post-thumbnail","7":"category-ancheta","8":"tag-adriean-videanu","9":"tag-crin-halaicu","10":"tag-gabriela-firea","11":"tag-sorin-oprescu","12":"tag-traian-basescu","13":"tag-viorel-lis"},"_links":{"self":[{"href":"https:\/\/www.editiespecialapress.ro\/newtest\/wp-json\/wp\/v2\/posts\/4998","targetHints":{"allow":["GET"]}}],"collection":[{"href":"https:\/\/www.editiespecialapress.ro\/newtest\/wp-json\/wp\/v2\/posts"}],"about":[{"href":"https:\/\/www.editiespecialapress.ro\/newtest\/wp-json\/wp\/v2\/types\/post"}],"author":[{"embeddable":true,"href":"https:\/\/www.editiespecialapress.ro\/newtest\/wp-json\/wp\/v2\/users\/2"}],"replies":[{"embeddable":true,"href":"https:\/\/www.editiespecialapress.ro\/newtest\/wp-json\/wp\/v2\/comments?post=4998"}],"version-history":[{"count":0,"href":"https:\/\/www.editiespecialapress.ro\/newtest\/wp-json\/wp\/v2\/posts\/4998\/revisions"}],"wp:featuredmedia":[{"embeddable":true,"href":"https:\/\/www.editiespecialapress.ro\/newtest\/wp-json\/"}],"wp:attachment":[{"href":"https:\/\/www.editiespecialapress.ro\/newtest\/wp-json\/wp\/v2\/media?parent=4998"}],"wp:term":[{"taxonomy":"category","embeddable":true,"href":"https:\/\/www.editiespecialapress.ro\/newtest\/wp-json\/wp\/v2\/categories?post=4998"},{"taxonomy":"post_tag","embeddable":true,"href":"https:\/\/www.editiespecialapress.ro\/newtest\/wp-json\/wp\/v2\/tags?post=4998"}],"curies":[{"name":"wp","href":"https:\/\/api.w.org\/{rel}","templated":true}]}}