{"id":5008,"date":"2017-10-13T13:54:25","date_gmt":"2017-10-13T10:54:25","guid":{"rendered":"http:\/\/www.editiespecialapress.ro\/?p=5008"},"modified":"2017-10-13T13:54:25","modified_gmt":"2017-10-13T10:54:25","slug":"la-multi-ani-de-sfanta-parascheva-editie-speciala-press","status":"publish","type":"post","link":"https:\/\/www.editiespecialapress.ro\/newtest\/2017\/10\/13\/la-multi-ani-de-sfanta-parascheva-editie-speciala-press\/","title":{"rendered":"La mul\u0163i ani de Sf\u00e2nta Parascheva! \u2013 Edi\u021bie Special\u0103 Press"},"content":{"rendered":"<p>Cu ocazia acestei\u00a0frumoase s\u0103rb\u0103tori, de Sf\u00e2nta Parascheva primi\u0163i un c\u0103lduros \u201cLa mul\u0163i ani\u201d, mult\u0103 s\u0103n\u0103tate, multe realiz\u0103ri \u015fi tot ce v\u0103 dori\u0163i l\u00e2ng\u0103 cei dragi.\u00a0Fie ca toate \u00eemplinirile frumoase, s\u0103n\u0103tatea si spiritul acestei zile sa v\u0103 \u00eenso\u021beasc\u0103 pretutindeni. S\u0103 ave\u021bi parte numai de zile senine \u015fi \u00eensorite!<\/p>\n<p><strong>\u00a0 \u00a0 \u00a0 \u00a0 \u00a0 \u00a0 \u00a0 \u00a0 \u00a0 \u00a0 \u00a0 \u00a0 \u00a0 \u00a0 \u00a0 \u00a0 \u00a0 \u00a0 \u00a0 \u00a0 \u00a0 \u00a0 \u00a0 \u00a0 \u00a0 \u00a0 \u00a0 \u00a0 \u00a0 \u00a0 \u00a0 \u00a0 \u00a0 \u00a0 \u00a0 \u00a0 \u00a0 \u00a0 \u00a0 \u00a0 \u00a0 \u00a0 \u00a0 \u00a0 \u00a0 \u00a0 \u00a0 \u00a0 \u00a0 \u00a0 \u00a0 \u00a0 \u00a0 \u00a0 \u00a0 \u00a0 \u00a0 \u00a0 \u00a0 \u00a0 \u00a0 \u00a0 \u00a0 \u00a0 \u00a0 \u00a0 \u00a0Edi\u021bie Special\u0103 Press,<\/strong><\/p>\n<p><strong>\u00a0 \u00a0 \u00a0 \u00a0 \u00a0 \u00a0 \u00a0 \u00a0 \u00a0 \u00a0 \u00a0 \u00a0 \u00a0 \u00a0 \u00a0 \u00a0 \u00a0 \u00a0 \u00a0 \u00a0 \u00a0 \u00a0 \u00a0 \u00a0 \u00a0 \u00a0 \u00a0 \u00a0 \u00a0 \u00a0 \u00a0 \u00a0 \u00a0 \u00a0 Director General Iulian Ratea \u00eempreun\u0103 cu \u00eentreaga redac\u021bie<\/strong><\/p>\n","protected":false},"excerpt":{"rendered":"<p>Cu ocazia acestei\u00a0frumoase s\u0103rb\u0103tori, de Sf\u00e2nta Parascheva primi\u0163i un c\u0103lduros \u201cLa mul\u0163i ani\u201d, mult\u0103 s\u0103n\u0103tate, multe realiz\u0103ri \u015fi tot ce v\u0103 dori\u0163i l\u00e2ng\u0103 cei dragi.\u00a0Fie ca toate \u00eemplinirile frumoase, s\u0103n\u0103tatea si spiritul acestei zile sa v\u0103 \u00eenso\u021beasc\u0103 pretutindeni. S\u0103 ave\u021bi parte numai de zile senine \u015fi \u00eensorite! \u00a0 \u00a0 \u00a0 \u00a0 \u00a0 \u00a0 \u00a0 \u00a0 [&hellip;]<\/p>\n","protected":false},"author":2,"featured_media":5012,"comment_status":"closed","ping_status":"open","sticky":false,"template":"","format":"standard","meta":{"footnotes":""},"categories":[4],"tags":[],"class_list":{"0":"post-5008","1":"post","2":"type-post","3":"status-publish","4":"format-standard","5":"has-post-thumbnail","7":"category-felicitari"},"_links":{"self":[{"href":"https:\/\/www.editiespecialapress.ro\/newtest\/wp-json\/wp\/v2\/posts\/5008","targetHints":{"allow":["GET"]}}],"collection":[{"href":"https:\/\/www.editiespecialapress.ro\/newtest\/wp-json\/wp\/v2\/posts"}],"about":[{"href":"https:\/\/www.editiespecialapress.ro\/newtest\/wp-json\/wp\/v2\/types\/post"}],"author":[{"embeddable":true,"href":"https:\/\/www.editiespecialapress.ro\/newtest\/wp-json\/wp\/v2\/users\/2"}],"replies":[{"embeddable":true,"href":"https:\/\/www.editiespecialapress.ro\/newtest\/wp-json\/wp\/v2\/comments?post=5008"}],"version-history":[{"count":0,"href":"https:\/\/www.editiespecialapress.ro\/newtest\/wp-json\/wp\/v2\/posts\/5008\/revisions"}],"wp:featuredmedia":[{"embeddable":true,"href":"https:\/\/www.editiespecialapress.ro\/newtest\/wp-json\/"}],"wp:attachment":[{"href":"https:\/\/www.editiespecialapress.ro\/newtest\/wp-json\/wp\/v2\/media?parent=5008"}],"wp:term":[{"taxonomy":"category","embeddable":true,"href":"https:\/\/www.editiespecialapress.ro\/newtest\/wp-json\/wp\/v2\/categories?post=5008"},{"taxonomy":"post_tag","embeddable":true,"href":"https:\/\/www.editiespecialapress.ro\/newtest\/wp-json\/wp\/v2\/tags?post=5008"}],"curies":[{"name":"wp","href":"https:\/\/api.w.org\/{rel}","templated":true}]}}