{"id":5026,"date":"2017-10-23T22:07:44","date_gmt":"2017-10-23T19:07:44","guid":{"rendered":"http:\/\/www.editiespecialapress.ro\/?p=5026"},"modified":"2017-10-23T22:07:44","modified_gmt":"2017-10-23T19:07:44","slug":"la-multi-ani-de-sfantul-dumitru-primaria-poiana-lacului","status":"publish","type":"post","link":"https:\/\/www.editiespecialapress.ro\/newtest\/2017\/10\/23\/la-multi-ani-de-sfantul-dumitru-primaria-poiana-lacului\/","title":{"rendered":"La mul\u021bi ani de Sf\u00e2ntul Dumitru! &#8211; Prim\u0103ria Poiana Lacului"},"content":{"rendered":"<p>Sf\u00e2ntul Dumitru s\u0103 v\u0103 dea s\u0103n\u0103tate si putere s\u0103 lupta\u021bi pentru idealurile voastre. S\u0103 ave\u021bi parte numai de clipe minunate, de bucurii si fericire al\u0103turi de cei dragi. Fie ca s\u0103rb\u0103toarea Sf\u00e2ntului Dumitru sa fie simbolul unui nou \u00eenceput, s\u0103 ave\u021bi parte de un drum pres\u0103rat cu \u00eempliniri, s\u0103n\u0103tate si succes! La mul\u021bi ani!<\/p>\n<p><strong>\u00a0 \u00a0 \u00a0 \u00a0 \u00a0 \u00a0 \u00a0 \u00a0 \u00a0 \u00a0 \u00a0 \u00a0 \u00a0 \u00a0 \u00a0 \u00a0 \u00a0 \u00a0 \u00a0 \u00a0 \u00a0 \u00a0 \u00a0 \u00a0 \u00a0 \u00a0 \u00a0 \u00a0 \u00a0 \u00a0 \u00a0 \u00a0 \u00a0 \u00a0 \u00a0 \u00a0 \u00a0 \u00a0 \u00a0 \u00a0 \u00a0 \u00a0 \u00a0 \u00a0 \u00a0 \u00a0 \u00a0 \u00a0 \u00a0 \u00a0 \u00a0 \u00a0 \u00a0 \u00a0 \u00a0 \u00a0 \u00a0 \u00a0 \u00a0\u00a0\u00a0\u00a0\u00a0 <\/strong><strong>Prim\u0103ria Poiana Lacului (AG),<\/strong><\/p>\n<p><strong>\u00a0 \u00a0 \u00a0 \u00a0 \u00a0 \u00a0 \u00a0 \u00a0 \u00a0 \u00a0 \u00a0 \u00a0 \u00a0 \u00a0 \u00a0 \u00a0 \u00a0 \u00a0 \u00a0 \u00a0 \u00a0\u00a0\u00a0\u00a0\u00a0\u00a0\u00a0\u00a0 Primar Dumitrache Ion \u00eempreun\u0103 cu angaja\u021bii prim\u0103riei \u0219i Consiliul Local<\/strong><\/p>\n<p><strong>\u00a0<\/strong><\/p>\n","protected":false},"excerpt":{"rendered":"<p>Sf\u00e2ntul Dumitru s\u0103 v\u0103 dea s\u0103n\u0103tate si putere s\u0103 lupta\u021bi pentru idealurile voastre. S\u0103 ave\u021bi parte numai de clipe minunate, de bucurii si fericire al\u0103turi de cei dragi. Fie ca s\u0103rb\u0103toarea Sf\u00e2ntului Dumitru sa fie simbolul unui nou \u00eenceput, s\u0103 ave\u021bi parte de un drum pres\u0103rat cu \u00eempliniri, s\u0103n\u0103tate si succes! La mul\u021bi ani! \u00a0 [&hellip;]<\/p>\n","protected":false},"author":2,"featured_media":5028,"comment_status":"closed","ping_status":"open","sticky":false,"template":"","format":"standard","meta":{"footnotes":""},"categories":[4],"tags":[],"class_list":{"0":"post-5026","1":"post","2":"type-post","3":"status-publish","4":"format-standard","5":"has-post-thumbnail","7":"category-felicitari"},"_links":{"self":[{"href":"https:\/\/www.editiespecialapress.ro\/newtest\/wp-json\/wp\/v2\/posts\/5026","targetHints":{"allow":["GET"]}}],"collection":[{"href":"https:\/\/www.editiespecialapress.ro\/newtest\/wp-json\/wp\/v2\/posts"}],"about":[{"href":"https:\/\/www.editiespecialapress.ro\/newtest\/wp-json\/wp\/v2\/types\/post"}],"author":[{"embeddable":true,"href":"https:\/\/www.editiespecialapress.ro\/newtest\/wp-json\/wp\/v2\/users\/2"}],"replies":[{"embeddable":true,"href":"https:\/\/www.editiespecialapress.ro\/newtest\/wp-json\/wp\/v2\/comments?post=5026"}],"version-history":[{"count":0,"href":"https:\/\/www.editiespecialapress.ro\/newtest\/wp-json\/wp\/v2\/posts\/5026\/revisions"}],"wp:featuredmedia":[{"embeddable":true,"href":"https:\/\/www.editiespecialapress.ro\/newtest\/wp-json\/"}],"wp:attachment":[{"href":"https:\/\/www.editiespecialapress.ro\/newtest\/wp-json\/wp\/v2\/media?parent=5026"}],"wp:term":[{"taxonomy":"category","embeddable":true,"href":"https:\/\/www.editiespecialapress.ro\/newtest\/wp-json\/wp\/v2\/categories?post=5026"},{"taxonomy":"post_tag","embeddable":true,"href":"https:\/\/www.editiespecialapress.ro\/newtest\/wp-json\/wp\/v2\/tags?post=5026"}],"curies":[{"name":"wp","href":"https:\/\/api.w.org\/{rel}","templated":true}]}}