{"id":5030,"date":"2017-10-23T22:19:48","date_gmt":"2017-10-23T19:19:48","guid":{"rendered":"http:\/\/www.editiespecialapress.ro\/?p=5030"},"modified":"2017-10-23T22:19:48","modified_gmt":"2017-10-23T19:19:48","slug":"la-multi-ani-de-sfantul-dumitru-editie-speciala-press","status":"publish","type":"post","link":"https:\/\/www.editiespecialapress.ro\/newtest\/2017\/10\/23\/la-multi-ani-de-sfantul-dumitru-editie-speciala-press\/","title":{"rendered":"La mul\u021bi ani de Sf\u00e2ntul Dumitru! &#8211; Edi\u021bie Special\u0103 Press"},"content":{"rendered":"<p>Mult\u0103 s\u0103n\u0103tate, putere de munc\u0103 \u0219i \u00eemplinirea dorin\u021belor at\u00e2t pe plan profesional c\u00e2t \u0219i pe cel privat. S\u0103 v\u0103 dea Dumnezeu s\u0103n\u0103tate \u0219i lini\u0219te \u00een suflet. S\u0103 vi se \u00eemplineasc\u0103 visele \u0219i s\u0103 v\u0103 pute\u021bi bucura de tot ce ave\u021bi! V\u0103 ur\u0103m ca ziua numelui s\u0103 v\u0103 aduc\u0103 o raz\u0103 de soare, s\u0103 ave\u021bi inima plin\u0103 de speran\u021b\u0103 iar anii ce vin s\u0103 v\u0103 aduc\u0103 numai \u00eempliniri \u0219i bucurii. La mul\u021bi ani!<\/p>\n<p><strong>\u00a0 \u00a0 \u00a0 \u00a0 \u00a0 \u00a0 \u00a0 \u00a0 \u00a0 \u00a0 \u00a0 \u00a0 \u00a0 \u00a0 \u00a0 \u00a0 \u00a0 \u00a0 \u00a0 \u00a0 \u00a0 \u00a0 \u00a0 \u00a0 \u00a0 \u00a0 \u00a0 \u00a0 \u00a0 \u00a0 \u00a0 \u00a0 \u00a0 \u00a0 \u00a0 \u00a0 \u00a0 \u00a0 \u00a0 \u00a0 \u00a0 \u00a0 \u00a0 \u00a0 \u00a0 \u00a0 \u00a0 \u00a0 \u00a0 \u00a0 \u00a0 \u00a0 \u00a0 \u00a0 \u00a0 \u00a0 \u00a0 \u00a0 \u00a0 \u00a0 \u00a0 \u00a0 \u00a0 \u00a0 \u00a0 \u00a0\u00a0 Edi\u021bie Special\u0103 Press,<\/strong><\/p>\n<p><strong>\u00a0 \u00a0 \u00a0 \u00a0 \u00a0 \u00a0 \u00a0 \u00a0 \u00a0 \u00a0 \u00a0 \u00a0 \u00a0 \u00a0 \u00a0 \u00a0 \u00a0 \u00a0 \u00a0 \u00a0 \u00a0 \u00a0 \u00a0 \u00a0 \u00a0 \u00a0 \u00a0 \u00a0 \u00a0 \u00a0 \u00a0 \u00a0 \u00a0 \u00a0 Director General Iulian Ratea \u00eempreun\u0103 cu \u00eentreaga redac\u021bie<\/strong><\/p>\n","protected":false},"excerpt":{"rendered":"<p>Mult\u0103 s\u0103n\u0103tate, putere de munc\u0103 \u0219i \u00eemplinirea dorin\u021belor at\u00e2t pe plan profesional c\u00e2t \u0219i pe cel privat. S\u0103 v\u0103 dea Dumnezeu s\u0103n\u0103tate \u0219i lini\u0219te \u00een suflet. S\u0103 vi se \u00eemplineasc\u0103 visele \u0219i s\u0103 v\u0103 pute\u021bi bucura de tot ce ave\u021bi! V\u0103 ur\u0103m ca ziua numelui s\u0103 v\u0103 aduc\u0103 o raz\u0103 de soare, s\u0103 ave\u021bi inima [&hellip;]<\/p>\n","protected":false},"author":2,"featured_media":5027,"comment_status":"closed","ping_status":"open","sticky":false,"template":"","format":"standard","meta":{"footnotes":""},"categories":[4],"tags":[],"class_list":{"0":"post-5030","1":"post","2":"type-post","3":"status-publish","4":"format-standard","5":"has-post-thumbnail","7":"category-felicitari"},"_links":{"self":[{"href":"https:\/\/www.editiespecialapress.ro\/newtest\/wp-json\/wp\/v2\/posts\/5030","targetHints":{"allow":["GET"]}}],"collection":[{"href":"https:\/\/www.editiespecialapress.ro\/newtest\/wp-json\/wp\/v2\/posts"}],"about":[{"href":"https:\/\/www.editiespecialapress.ro\/newtest\/wp-json\/wp\/v2\/types\/post"}],"author":[{"embeddable":true,"href":"https:\/\/www.editiespecialapress.ro\/newtest\/wp-json\/wp\/v2\/users\/2"}],"replies":[{"embeddable":true,"href":"https:\/\/www.editiespecialapress.ro\/newtest\/wp-json\/wp\/v2\/comments?post=5030"}],"version-history":[{"count":0,"href":"https:\/\/www.editiespecialapress.ro\/newtest\/wp-json\/wp\/v2\/posts\/5030\/revisions"}],"wp:featuredmedia":[{"embeddable":true,"href":"https:\/\/www.editiespecialapress.ro\/newtest\/wp-json\/"}],"wp:attachment":[{"href":"https:\/\/www.editiespecialapress.ro\/newtest\/wp-json\/wp\/v2\/media?parent=5030"}],"wp:term":[{"taxonomy":"category","embeddable":true,"href":"https:\/\/www.editiespecialapress.ro\/newtest\/wp-json\/wp\/v2\/categories?post=5030"},{"taxonomy":"post_tag","embeddable":true,"href":"https:\/\/www.editiespecialapress.ro\/newtest\/wp-json\/wp\/v2\/tags?post=5030"}],"curies":[{"name":"wp","href":"https:\/\/api.w.org\/{rel}","templated":true}]}}