{"id":5034,"date":"2017-10-25T01:00:29","date_gmt":"2017-10-24T22:00:29","guid":{"rendered":"http:\/\/www.editiespecialapress.ro\/?p=5034"},"modified":"2017-10-25T01:00:29","modified_gmt":"2017-10-24T22:00:29","slug":"escrocii-natiunii-romane-ex-judecator-dan-lupascu-avocatii-retardati-cristian-mares-andrada-cristina-onofrei-judecator-tintu-sonia-ionela-complice-grefiera-vladau-mariana-narcisa-retard","status":"publish","type":"post","link":"https:\/\/www.editiespecialapress.ro\/newtest\/2017\/10\/25\/escrocii-natiunii-romane-ex-judecator-dan-lupascu-avocatii-retardati-cristian-mares-andrada-cristina-onofrei-judecator-tintu-sonia-ionela-complice-grefiera-vladau-mariana-narcisa-retard\/","title":{"rendered":"Escrocii na\u021biunii rom\u00e2ne: ex-judec\u0103tor Dan Lupa\u0219cu, avoca\u021bii retarda\u021bi Cristian Mare\u0219, Andrada Cristina Onofrei, judec\u0103tor \u021aintu Sonia Ionela complice, grefier\u0103 Vl\u0103d\u0103u Mariana Narcisa retard"},"content":{"rendered":"<p>Escrocii na\u021biunii rom\u00e2ne, ex-judec\u0103tor la Curtea de Apel Bucure\u0219ti, Dan Lupa\u0219cu, avoca\u021bi escroci, retarda\u021bi Cristian Mare\u0219, Andrada Cristina Onofrei, complice judec\u0103tor \u021aintu Sonia Ionela, Vl\u0103d\u0103u Mariana Narcisa, grefier la Tribunalul Arge\u0219 retard.<\/p>\n<figure id=\"attachment_5040\" aria-describedby=\"caption-attachment-5040\" style=\"width: 250px\" class=\"wp-caption alignleft\"><a href=\"http:\/\/www.editiespecialapress.ro\/wp\/wp-content\/uploads\/2017\/10\/\u021aintu-Sonia-Ionela-escroac\u0103-retard\u0103.png\"><img loading=\"lazy\" decoding=\"async\" class=\" wp-image-5040\" src=\"http:\/\/www.editiespecialapress.ro\/wp\/wp-content\/uploads\/2017\/10\/\u021aintu-Sonia-Ionela-escroac\u0103-retard\u0103-150x150.png\" alt=\"\" width=\"250\" height=\"250\" \/><\/a><figcaption id=\"caption-attachment-5040\" class=\"wp-caption-text\">\u021aintu Sonia Ionela &#8211; escroac\u0103 retard\u0103<\/figcaption><\/figure>\n<p>Dragii no\u0219trii cititori, continu\u0103m \u00een aceast\u0103 edi\u021bie cu cele mai mari mizerii, to\u021bi cei men\u021biona\u021bi \u00een titlu, dar \u0219i cei mai mari escroci ai Na\u021biunii Rom\u00e2ne. Ex-judec\u0103tor Dan Lupa\u0219cu \u0219i-a trimis pe escroaca Andrada Cristina Onofrei avocat la Baroul Bucure\u0219ti pentru a sus\u021bine o ac\u021biune abuziv\u0103, ilegal\u0103, mizerabil\u0103 cu tent\u0103 de \u00een\u0219el\u0103ciune \u0219.a.m.d., toate acestea fiind \u00eempotriva publica\u021biei Edi\u021bie Special\u0103 Press etc. Escroaca retard\u0103 Andrada Cristina Onofrei s-a prezentat \u00een calitate de avocat la Tribunalul Arge\u0219, pentru a acuza un jurnalist \u0219i pe directorul Iulian Ratea de calomnie. Ea a uitat c\u0103 a formulat o ac\u021biune abuziv\u0103, folosind date de identitate, date de domiciliu, date de stare civil\u0103 \u0219i date de la ORC &#8211; Arge\u0219 furate prin programe speciale de judec\u0103torul Lupa\u0219cu Dan. Numai punem c\u0103 pentru jurnalist a folosit \u00een ac\u021biune doar numele \u0219i nu \u0219i datele de domiciliu, de stare civil\u0103, cod numeric \u0219.a.m.d. Au aplicat o tehnic\u0103 ilegal\u0103 infrac\u021bional\u0103 folosind \u00een ac\u021biune sediul societ\u0103\u021bii Edi\u021bie Special\u0103 Press pentru a fi citat jurnalistul. Codul de procedur\u0103 civil\u0103 indic\u0103 clar, ac\u021biunea trebuie s\u0103 cuprind\u0103 nume \u0219i prenume, domiciliu, cod numeric personal etc. nu permite s\u0103 formulezi o ac\u021biune cu domiciliul la sediul unei societ\u0103\u021bi comerciale c\u0103 tu doar e\u0219ti angajat sau ai un contract de colaborare, cazul jurnalistului nostru.<\/p>\n<figure id=\"attachment_5042\" aria-describedby=\"caption-attachment-5042\" style=\"width: 250px\" class=\"wp-caption alignright\"><a href=\"http:\/\/www.editiespecialapress.ro\/wp\/wp-content\/uploads\/2017\/10\/Untitled.png\"><img loading=\"lazy\" decoding=\"async\" class=\" wp-image-5042\" src=\"http:\/\/www.editiespecialapress.ro\/wp\/wp-content\/uploads\/2017\/10\/Untitled-150x150.png\" alt=\"\" width=\"250\" height=\"250\" \/><\/a><figcaption id=\"caption-attachment-5042\" class=\"wp-caption-text\">Dan Lupa\u0219cu &#8211; escroc na\u021bional<\/figcaption><\/figure>\n<p>Aceast\u0103 mizerie de avocat\u0103, a solicitat completului de judecat\u0103 de la Tribunalul Arge\u0219 s\u0103 emit\u0103 o adres\u0103 c\u0103tre Direc\u021bia General\u0103 pentru Eviden\u021ba Persoanelor Arge\u0219, pentru a le da datele jurnalistului. De\u0219i aceast\u0103 mizerie de avocat\u0103 a mai solicitat o dat\u0103 acestei Direc\u021bii, ea din nou a instigat judec\u0103toarea la abuz \u00een serviciu, for\u021b\u00e2nd Directorul executiv s\u0103 elibereze date personale \u0219i de domiciliu ilegale. Legea nr.677\/2001 nu permite nim\u0103nui s\u0103 fure date de identitate, date de domiciliu sau pe cele de stare civil\u0103 \u0219i nici s\u0103 le comunice altor persoane sau institu\u021bii. Judec\u0103toarea \u021aintu Sonia Ionela s-a bazat pe un articol de lege din Codul de Procedur\u0103 Civil\u0103 dar nu s-a g\u00e2ndit c\u0103 o m\u0103n\u00e2nc\u0103 Codul Penal \u0219i legea 677\/2001. Codul civil sau codul de procedur\u0103 civil\u0103 e supus legilor penale sau Codului Penal. Ea s-a implicat ca o proast\u0103, \u00eencearc\u0103 s\u0103-i ajute pe escrocii de la Bucure\u0219ti dar nu \u0219tie ce o a\u0219teapt\u0103, at\u00e2t pe ea c\u00e2t \u0219i pe escroci. To\u021bi ace\u0219tia nu au \u00een\u021beles c\u0103 noi suntem la cules nu ca ei la infrac\u021biuni. Obliga\u021bia celui care formuleaz\u0103 ac\u021biunea de chemare \u00een judecat\u0103 este s\u0103 aib\u0103 toate datele p\u00e2r\u00e2tului, nu s\u0103 te ajute judec\u0103torul s\u0103 ob\u021bii aceste date. Judec\u0103toarea \u021aintu s-a implicat at\u00e2t de u\u0219or crez\u00e2nd c\u0103 noi ne ocup\u0103m cu v\u00e2nz\u0103ri de castrave\u021bi \u0219i nu cu infractori ca ea \u0219i ceilal\u021bi. C\u00e2nd e\u0219ti proast\u0103 trebuie s\u0103 pl\u0103te\u0219ti, c\u00e2nd e\u0219ti domn trebuie s\u0103 pl\u0103te\u0219ti, a\u0219a \u0219i cu judec\u0103toarea \u021aintu Sonia Ionela, va suferi o condamnare \u00eempreun\u0103 cu escrocii \u0219i vor pl\u0103ti toate daunele de batjocur\u0103 \u0219i furt to\u021bi escrocii.<\/p>\n<figure id=\"attachment_5035\" aria-describedby=\"caption-attachment-5035\" style=\"width: 250px\" class=\"wp-caption alignleft\"><a href=\"http:\/\/www.editiespecialapress.ro\/wp\/wp-content\/uploads\/2017\/10\/Avocata-Andrada-Cristina-Onofrei-escroac\u0103-retard\u0103.png\"><img loading=\"lazy\" decoding=\"async\" class=\" wp-image-5035\" src=\"http:\/\/www.editiespecialapress.ro\/wp\/wp-content\/uploads\/2017\/10\/Avocata-Andrada-Cristina-Onofrei-escroac\u0103-retard\u0103-150x150.png\" alt=\"\" width=\"250\" height=\"250\" \/><\/a><figcaption id=\"caption-attachment-5035\" class=\"wp-caption-text\">Avocata Andrada Cristina Onofrei &#8211; escroac\u0103 retard\u0103<\/figcaption><\/figure>\n<p>Aceast\u0103 judec\u0103toare palid\u0103, e incon\u0219tient\u0103, ea a dat curs unei judec\u0103\u021bi abuzive cu date de identitate furate, date de domiciliu furate, date de stare civil\u0103 furate \u0219i date de la ORG-Arge\u0219 furate. A devenit complicele infractorilor de la Bucure\u0219ti \u0219i va r\u0103spunde odat\u0103 cu ei. Directorul Ratea i-a spus judec\u0103toarei, s\u0103 sesizeze Parchetul de pe l\u00e2ng\u0103 Curtea de Apel Bucure\u0219ti pentru c\u0103 i s-au furat date, de tot felul de judec\u0103torul Lupa\u0219cu Dan \u0219i al\u021bii, ea a r\u0103spuns sec: \u201eface\u021bi pl\u00e2ngere penal\u0103\u201d. Ratea i-a spus: \u201eo s\u0103 fi\u021bi complicea lor\u201d. I-a r\u0103spuns c\u0103: \u201ee dreptul dumneavoastr\u0103 s\u0103 face\u021bi ce vre\u021bi\u201d. Dac\u0103 directorul Ratea i-a sugerat s\u0103 fac\u0103 ea sesizare la Parchet ea a mutat-o la directorul Ratea \u0219i a continuat s\u0103 dispun\u0103 adrese, termene etc. C\u00e2t de prost s\u0103 fi ca judec\u0103tor s\u0103 nu-\u021bi dai seama c\u0103 intri \u00eentr-o complicitate de infrac\u021biuni de numai scapi nici cu rela\u021bii \u0219i nici cu bani. Capcanele noastre dau rezultate maxime, tot s\u0103 g\u0103sim fraieri ca ace\u0219tia, ne \u00eembog\u0103\u021bim. Dup\u0103 toate acestea, grefiera \u0219i judec\u0103toarea \u021aintu i-a solicitat directorului Ratea C.I.-ul la care s-au bucurat foarte tare \u0219i nu au mai dorit s\u0103 il \u00eenm\u00e2neze. Dup\u0103 ce s-a terminat judecata l-a invitat pe directorul Ratea s\u0103 mearg\u0103 afar\u0103 din sal\u0103, dar f\u0103r\u0103 s\u0103-i dea Cartea de Identitate. Directorul Ratea a a\u0219teptat vreo 10 minute dar nici un semn de la abuzive, a plecat lini\u0219tit r\u00e2z\u00e2nd \u0219i la circa 4 ore s-a pomenit cu jandarmul pe strad\u0103 spun\u00e2ndu-i c\u0103 grefiera Vl\u0103d\u0103u Mariana Narcisa le-a adus C.I.-ul. Directorul Ratea i-a spus jandarmului c\u0103 va sesiza Parchetul pentru abuz \u00een serviciu, \u00eenm\u00e2narea C\u0103r\u021bii de Identitate la jandarmi, datele de identitate, datele de domiciliu \u0219i datele de na\u0219tere luate la cuno\u0219tin\u021b\u0103 de c\u0103tre jandarmi. Directorul Ratea i-a dat Cartea de Identitate grefierei la solicitarea judec\u0103toarei \u021aintu iar ele au luat-o pe ar\u0103tur\u0103, d\u00e2nd C.I.-ul jandarmilor. Asta treab\u0103 bun\u0103 din partea a dou\u0103 infractoare, fac ce vor \u0219i \u00ee\u0219i bat joc de to\u021bi cet\u0103\u021benii.<\/p>\n<figure id=\"attachment_5039\" aria-describedby=\"caption-attachment-5039\" style=\"width: 251px\" class=\"wp-caption alignleft\"><a href=\"http:\/\/www.editiespecialapress.ro\/wp\/wp-content\/uploads\/2017\/10\/Tribunalul-Arge\u0219-sediu-de-infrac\u021biuni.jpg\"><img loading=\"lazy\" decoding=\"async\" class=\" wp-image-5039\" src=\"http:\/\/www.editiespecialapress.ro\/wp\/wp-content\/uploads\/2017\/10\/Tribunalul-Arge\u0219-sediu-de-infrac\u021biuni-150x150.jpg\" alt=\"\" width=\"251\" height=\"251\" \/><\/a><figcaption id=\"caption-attachment-5039\" class=\"wp-caption-text\">Tribunalul Arge\u0219 &#8211; sediu de infrac\u021biuni<\/figcaption><\/figure>\n<p>Asta justi\u021bie, asta jandarmerie, de un b\u0103nu\u021b. Judec\u0103toarea \u021aintu i-a pus avocat din oficiu jurnalistului \u00een calitate de p\u00e2r\u00e2t, el av\u00e2nd doar numele \u0219i nu toate datele de domiciliu, de identitate \u0219.a.m.d. Nu e posibil s\u0103 pui avocat din oficiu la o persoan\u0103 neidentificat\u0103 \u0219i f\u0103r\u0103 s\u0103 fie prezent\u0103 \u00een sala de judecat\u0103. Judec\u0103toarea \u021aintu a f\u0103cut-o, dar o s\u0103 \u0219i p\u0103r\u0103seasc\u0103 sistemul c\u00e2t de cur\u00e2nd. Din informa\u021biile noastre, avocata jurnalistului ar fi pe blat cu \u021aintu, o sun\u0103 des \u0219i o invit\u0103 s\u0103 apere persoane neidentificate sau care nu au fost prezente niciodat\u0103. De ce fac toate acestea, s\u0103 le intre ni\u0219te zeci de mii de lei s\u0103pt\u0103m\u00e2nal \u00een buzunar din fondurile justi\u021biei, bani pe care \u00eei \u00eempart avocata cu judec\u0103toarea. Dup\u0103 ce noi am publicat unii judec\u0103tori c\u0103 nu dispun avoca\u021bi din oficiu la persoane care nu-\u0219i permit angajarea unui avocat ales s-au luat m\u0103surile necesare \u00een acest sens \u0219i la sec\u021biile civile din \u021bar\u0103. Dar asta nu \u00eenseamn\u0103 s\u0103-\u021bi faci de cap ca judec\u0103tor, s\u0103-\u021bi suni avoca\u021bii t\u0103i \u0219i s\u0103 \u00eempar\u021bi sumele cu ei. Numai la dosarul acesta am sesizat at\u00e2tea \u00eenc\u0103lc\u0103ri dar dac\u0103 intr\u0103m pe toat\u0103 activitatea de judecat\u0103 a lui \u021aintu v\u0103 cam \u00eenchipui\u021bi ce g\u0103sim. Despre sentin\u021be \u0219i decizii nu se mai poate spune c\u0103 nu le d\u0103 \u021aintu pe euro.<\/p>\n<figure id=\"attachment_5036\" aria-describedby=\"caption-attachment-5036\" style=\"width: 249px\" class=\"wp-caption alignright\"><a href=\"http:\/\/www.editiespecialapress.ro\/wp\/wp-content\/uploads\/2017\/10\/Baroul-Bucure\u0219ti-sediul-infractoarei-avocate.jpg\"><img loading=\"lazy\" decoding=\"async\" class=\"wp-image-5036\" src=\"http:\/\/www.editiespecialapress.ro\/wp\/wp-content\/uploads\/2017\/10\/Baroul-Bucure\u0219ti-sediul-infractoarei-avocate-150x150.jpg\" alt=\"Baroul Bucure\u0219ti - sediul infractoarei avocate\" width=\"249\" height=\"249\" \/><\/a><figcaption id=\"caption-attachment-5036\" class=\"wp-caption-text\">Baroul Bucure\u0219ti &#8211; sediul infractoarei avocate<\/figcaption><\/figure>\n<p>O s\u0103 solicit\u0103m informa\u021bii \u0219i documente pentru ca \u021aintu s\u0103 fie anchetat\u0103 \u0219i prins\u0103 \u00een flagrant cu euro la gentu\u021b\u0103. Avocata lui \u021aintu i-a spus directorului Ratea c\u0103 ar fi bine s\u0103-i dea datele jurnalistului pentru a le avea doamna judec\u0103tor. Ratea i-a spus: \u201edac\u0103 vre\u021bi s\u0103 v\u0103 face\u021bi un dosar da\u021bi-le dumneavoastr\u0103, oricum sunte\u021bi pe blat, \u00eemp\u0103r\u021bi\u021bi mita de la Lupa\u0219cu Dan\u201d. Handicapata de avocat\u0103 are circa 1.50 m, o caut\u0103 cu lum\u00e2narea de nunt\u0103, se bazeaz\u0103 pe doamna judec\u0103toare.<\/p>\n<p>Va fi monitorizat\u0103 \u0219i ea cu doamna jude, vor avea timp de discu\u021bii la T\u00e2rg\u0219or. Lepre \u0219i iar lepre.<\/p>\n<p><em>\u00a0<\/em><\/p>\n<p><em>Articol de C\u0103t\u0103lin Ni\u021b\u0103\u00a0\u00a0\u00a0\u00a0\u00a0\u00a0 <\/em><\/p>\n<p><em>\u00a0<\/em><\/p>\n","protected":false},"excerpt":{"rendered":"<p>Escrocii na\u021biunii rom\u00e2ne, ex-judec\u0103tor la Curtea de Apel Bucure\u0219ti, Dan Lupa\u0219cu, avoca\u021bi escroci, retarda\u021bi Cristian Mare\u0219, Andrada Cristina Onofrei, complice judec\u0103tor \u021aintu Sonia Ionela, Vl\u0103d\u0103u Mariana Narcisa, grefier la Tribunalul Arge\u0219 retard. Dragii no\u0219trii cititori, continu\u0103m \u00een aceast\u0103 edi\u021bie cu cele mai mari mizerii, to\u021bi cei men\u021biona\u021bi \u00een titlu, dar \u0219i cei mai mari escroci [&hellip;]<\/p>\n","protected":false},"author":2,"featured_media":5038,"comment_status":"closed","ping_status":"open","sticky":false,"template":"","format":"standard","meta":{"footnotes":""},"categories":[2],"tags":[667,668,633,669,670],"class_list":{"0":"post-5034","1":"post","2":"type-post","3":"status-publish","4":"format-standard","5":"has-post-thumbnail","7":"category-ancheta","8":"tag-andrada-cristina-onofrei","9":"tag-cristian-mares","10":"tag-dan-lupascu","11":"tag-tintu-sonia-ionela","12":"tag-vladau-mariana-narcisa"},"_links":{"self":[{"href":"https:\/\/www.editiespecialapress.ro\/newtest\/wp-json\/wp\/v2\/posts\/5034","targetHints":{"allow":["GET"]}}],"collection":[{"href":"https:\/\/www.editiespecialapress.ro\/newtest\/wp-json\/wp\/v2\/posts"}],"about":[{"href":"https:\/\/www.editiespecialapress.ro\/newtest\/wp-json\/wp\/v2\/types\/post"}],"author":[{"embeddable":true,"href":"https:\/\/www.editiespecialapress.ro\/newtest\/wp-json\/wp\/v2\/users\/2"}],"replies":[{"embeddable":true,"href":"https:\/\/www.editiespecialapress.ro\/newtest\/wp-json\/wp\/v2\/comments?post=5034"}],"version-history":[{"count":0,"href":"https:\/\/www.editiespecialapress.ro\/newtest\/wp-json\/wp\/v2\/posts\/5034\/revisions"}],"wp:featuredmedia":[{"embeddable":true,"href":"https:\/\/www.editiespecialapress.ro\/newtest\/wp-json\/"}],"wp:attachment":[{"href":"https:\/\/www.editiespecialapress.ro\/newtest\/wp-json\/wp\/v2\/media?parent=5034"}],"wp:term":[{"taxonomy":"category","embeddable":true,"href":"https:\/\/www.editiespecialapress.ro\/newtest\/wp-json\/wp\/v2\/categories?post=5034"},{"taxonomy":"post_tag","embeddable":true,"href":"https:\/\/www.editiespecialapress.ro\/newtest\/wp-json\/wp\/v2\/tags?post=5034"}],"curies":[{"name":"wp","href":"https:\/\/api.w.org\/{rel}","templated":true}]}}