{"id":5050,"date":"2017-11-01T01:00:59","date_gmt":"2017-10-31T22:00:59","guid":{"rendered":"http:\/\/www.editiespecialapress.ro\/?p=5050"},"modified":"2017-11-01T01:00:59","modified_gmt":"2017-10-31T22:00:59","slug":"magistratii-justitiei-se-cred-dumnezeii-pamantului-sunt-functionari-publici-si-trebuie-sa-raspunda-in-fata-tuturor-legilor-penale-conventiei-pentru-apararea-drepturilor-omului-si-a-legislatiei-inter","status":"publish","type":"post","link":"https:\/\/www.editiespecialapress.ro\/newtest\/2017\/11\/01\/magistratii-justitiei-se-cred-dumnezeii-pamantului-sunt-functionari-publici-si-trebuie-sa-raspunda-in-fata-tuturor-legilor-penale-conventiei-pentru-apararea-drepturilor-omului-si-a-legislatiei-inter\/","title":{"rendered":"Magistra\u021bii justi\u021biei se cred Dumnezeii p\u0103m\u00e2ntului, sunt func\u021bionari publici \u0219i trebuie s\u0103 r\u0103spund\u0103 \u00een fa\u021ba tuturor legilor penale, Conven\u021biei pentru Ap\u0103rarea Drepturilor Omului \u0219i a Legisla\u021biei Interna\u021bionale"},"content":{"rendered":"<p><strong><em>Dumnezeii P\u0103m\u00e2ntului,magistra\u021bii justi\u021biei nu vor \u0219i nu cred c\u0103 sunt func\u021bionari publici, prin aceasta fenteaz\u0103 codul penal \u0219i legile penale, de a nu r\u0103spunde penal niciodat\u0103<\/em><\/strong><\/p>\n<p>Dragii no\u0219tri cititori continu\u0103m \u00een aceast\u0103 edi\u021bie cu Dumnezeii P\u0103m\u00e2ntului, magistra\u021bii justi\u021biei rom\u00e2ne care nu vor s\u0103 recunoasc\u0103 c\u0103 sunt func\u021bionari publici \u0219i c\u0103 trebuie s\u0103 r\u0103spund\u0103 penal non-stop pentru fiecare sentin\u021b\u0103 sau decizie fie penal\u0103 sau civil\u0103.<\/p>\n<figure id=\"attachment_5055\" aria-describedby=\"caption-attachment-5055\" style=\"width: 250px\" class=\"wp-caption alignleft\"><a href=\"http:\/\/www.editiespecialapress.ro\/wp\/wp-content\/uploads\/2017\/10\/Judec\u0103torii-care-nu-recunosc-c\u0103-sunt-func\u021bionari-publici.jpg\"><img loading=\"lazy\" decoding=\"async\" class=\" wp-image-5055\" src=\"http:\/\/www.editiespecialapress.ro\/wp\/wp-content\/uploads\/2017\/10\/Judec\u0103torii-care-nu-recunosc-c\u0103-sunt-func\u021bionari-publici-150x150.jpg\" alt=\"\" width=\"250\" height=\"250\" \/><\/a><figcaption id=\"caption-attachment-5055\" class=\"wp-caption-text\">Judec\u0103torii care nu recunosc c\u0103 sunt func\u021bionari publici<\/figcaption><\/figure>\n<p>To\u021bi judec\u0103torii rom\u00e2ni se cred Dumnezeii p\u0103m\u00e2ntului, le-a intrat \u00een cap c\u0103 sunt inamovibili conform prevederilor art. 125 alin (1) din Constitu\u021bia Rom\u00e2niei \u0219i c\u0103 ar mai fi \u0219i independen\u021bi conform prevederilor art.64 alin. (2) din legea 304\/2004.<\/p>\n<p>Ce ne indic\u0103 art. 125 alin. (1):<\/p>\n<p>alin. (1) \u2013 Judec\u0103torii numi\u021bi de Pre\u0219edintele Rom\u00e2niei sunt inamovibili \u00een condi\u021biile legii.<\/p>\n<p>Acest articol \u0219i alineat se refer\u0103 c\u0103 magistra\u021bii nu pot fi destitui\u021bi, \u00eenlocui\u021bi sau transfera\u021bi din func\u021bii dec\u00e2t cu acceptul lor sau la solicit\u0103rile CSM. Dar pot r\u0103spunde penal pentru fiecare abuz, sentin\u021b\u0103 sau decizie, \u00eentruc\u00e2t nu-i protejeaz\u0103 nici o lege la infrac\u021biuni. \u0218i procurorii, \u0219i judec\u0103torii care \u00eei cerceteaz\u0103 invoc\u0103 \u0219mechere\u0219te Inamovibilitatea \u0219i independen\u021ba magistratului. A\u0219a sunt sc\u0103pa\u021bi infractorii magistra\u021bi de r\u0103spunderea penal\u0103, crez\u00e2nd c\u0103 au p\u0103c\u0103lit toate organele de cercetare penal\u0103 inclusiv organele de informa\u021bii.<\/p>\n<figure id=\"attachment_5054\" aria-describedby=\"caption-attachment-5054\" style=\"width: 250px\" class=\"wp-caption alignright\"><a href=\"http:\/\/www.editiespecialapress.ro\/wp\/wp-content\/uploads\/2017\/10\/Judec\u0103torii-care-nu-recunosc-c\u0103-sunt-func\u021bionari-publici-11.jpg\"><img loading=\"lazy\" decoding=\"async\" class=\" wp-image-5054\" src=\"http:\/\/www.editiespecialapress.ro\/wp\/wp-content\/uploads\/2017\/10\/Judec\u0103torii-care-nu-recunosc-c\u0103-sunt-func\u021bionari-publici-11-150x150.jpg\" alt=\"\" width=\"250\" height=\"250\" \/><\/a><figcaption id=\"caption-attachment-5054\" class=\"wp-caption-text\">Judec\u0103torii care nu recunosc c\u0103 sunt func\u021bionari publici<\/figcaption><\/figure>\n<p>A fi independent la sentin\u021be \u0219i decizii \u00eenseamn\u0103 s\u0103 nu fie influen\u021bat judec\u0103torul de vreo parte sau s\u0103 se fac\u0103 vreo presiune din partea altor func\u021bionari publici etc. Ei cred c\u0103 dac\u0103 au articole de lege unde \u00eei protejeaz\u0103 pentru independen\u021b\u0103, asta \u00eenseamn\u0103 pentru ei c\u0103 nu vor r\u0103spunde penal \u0219i c\u0103 nu sunt func\u021bionari publici pentru a r\u0103spunde penal. La ace\u0219ti magistra\u021bi judec\u0103tori le-a intrat \u00een cap c\u0103 sunt magistra\u021bi \u0219i pe ei \u00eei sanc\u021bioneaz\u0103 doar CSM-ul. Asta se \u00eent\u00e2mpl\u0103 doar la zile mari! Se pitesc c\u00e2nd e vorba de r\u0103spundere penal\u0103, la infrac\u021biuni de represiune nedreapt\u0103, favorizarea f\u0103ptuitorilor \u0219.a.m.d. Dac\u0103 se simt monitoriza\u021bi de DNA, sar gardurile ca judec\u0103torul Musta\u021b\u0103, se pl\u00e2ng pe la diferi\u021bi infractori din pres\u0103 c\u0103 ar fi victimele Justi\u021biei.<\/p>\n<p>Dac\u0103 e\u0219ti magistrat e\u0219ti func\u021bionar public, ei nu vor s\u0103 accepte asta \u00eentruc\u00e2t intr\u0103 pe latura penal\u0103 la art. 297 C.P., abuzul \u00een serviciu \u0219i altele. Denumirea de magistrat este doar c\u0103 poart\u0103 robe \u0219i au un Consiliu Suprem al Magistraturii care se face c\u0103 \u00eei sanc\u021bioneaz\u0103 dar nu le face nimic. Numai pe regimurile comuniste erau proteja\u021bi non-stop de politruci, acum nu le convine \u00een democra\u021bie s\u0103 r\u0103spund\u0103 penal ca oricare func\u021bionar public. Procurorii nu r\u0103spund penal, ei au mii de coarne, nu vor s\u0103 r\u0103spund\u0103 penal \u0219i s\u0103 fie cerceta\u021bi de organele de cercetare penale (procurorii).<\/p>\n<figure id=\"attachment_5053\" aria-describedby=\"caption-attachment-5053\" style=\"width: 250px\" class=\"wp-caption alignleft\"><a href=\"http:\/\/www.editiespecialapress.ro\/wp\/wp-content\/uploads\/2017\/10\/Judec\u0103torii-care-nu-recunosc-c\u0103-sunt-func\u021bionari-publici-1-.jpg\"><img loading=\"lazy\" decoding=\"async\" class=\" wp-image-5053\" src=\"http:\/\/www.editiespecialapress.ro\/wp\/wp-content\/uploads\/2017\/10\/Judec\u0103torii-care-nu-recunosc-c\u0103-sunt-func\u021bionari-publici-1--150x150.jpg\" alt=\"\" width=\"250\" height=\"250\" \/><\/a><figcaption id=\"caption-attachment-5053\" class=\"wp-caption-text\">Judec\u0103torii care nu recunosc c\u0103 sunt func\u021bionari publici<\/figcaption><\/figure>\n<p>Se screm p\u00e2n\u0103 se duc la o audiere sau ignor\u0103 organul de urm\u0103rire penal\u0103 crez\u00e2nd c\u0103 ei sunt inamovibili, independen\u021bi, nu r\u0103spund penal pentru toate sentin\u021bele \u0219i deciziile abuzive, cu condamn\u0103ri mari etc. Aceste \u201esomit\u0103\u021bi\u201d ale justi\u021biei rom\u00e2ne cred c\u0103 tot poporul e prost, dar nu se a\u0219teapt\u0103 la o pl\u0103cint\u0103 mare din partea noastr\u0103; se va regla toat\u0103 nesim\u021birea lor prin dosar penale. Comisia European\u0103 \u00eei va \u00eendrepta pe ace\u0219ti magistra\u021bi func\u021bionari publici, de asemenea vor fi \u0219i sanc\u021biona\u021bi.<\/p>\n<p>Art. 17 CEDO \u2013 Interzicerea abuzului de drept<\/p>\n<p>Nici o dispozi\u021bie din prezenta conven\u021bie nu poate fi interpretat\u0103 ca implic\u00e2nd pentru un Stat, un grup sau un individ, un drept oarecare de a desf\u0103\u0219ura o activitate sau de a \u00eendeplini un act ce urm\u0103re\u0219te distrugerea drepturilor sau a libert\u0103\u021bilor recunoscute de prezenta conven\u021bie sau de a aduce limit\u0103ri mai ample acestor drepturi \u0219i libert\u0103\u021bi dec\u00e2t acelea prev\u0103zute de aceast\u0103 conven\u021bie. To\u021bi judec\u0103torii rom\u00e2ni se \u0219terg pe picioare cu aceast\u0103 conven\u021bie, o ignor\u0103 la maximum \u0219i nu realizeaz\u0103 c\u0103 au semnat aceast\u0103 conven\u021bie 27 de state pentru a fi aprobat\u0103 \u0219i pus\u0103 \u00een aplicare de fiecare stat. Judec\u0103torii rom\u00e2ni se cred mai presus dec\u00e2t toate legile interna\u021bionale, Conven\u021bia pentru Ap\u0103rarea Drepturilor Omului \u0219i a Libert\u0103\u021bilor fundamentale, Constitu\u021bia Rom\u00e2niei, Codul Penal \u0219i tot ceea ce \u00eenseamn\u0103 legi rom\u00e2ne. Sunt studia\u021bi \u0219i monitoriza\u021bi de peste 30 de ani, am ajuns la concluzia c\u0103 au fost instrui\u021bi de fo\u0219tii judec\u0103tori comuni\u0219ti s\u0103 judece pe invers, la prezum\u021bia de nevinov\u0103\u021bie s\u0103 pun\u0103 pe cea de vinov\u0103\u021bie, la victim\u0103 s\u0103-i spun\u0103 inculpat, la inculpat adev\u0103rat s\u0103 i se dea achitarea sau pedepse cu suspendare contra unor sume de euro.<\/p>\n<figure id=\"attachment_5056\" aria-describedby=\"caption-attachment-5056\" style=\"width: 250px\" class=\"wp-caption alignright\"><a href=\"http:\/\/www.editiespecialapress.ro\/wp\/wp-content\/uploads\/2017\/10\/Judec\u0103torii-CCR-diversioni\u0219ti-\u00een-decizii.jpg\"><img loading=\"lazy\" decoding=\"async\" class=\" wp-image-5056\" src=\"http:\/\/www.editiespecialapress.ro\/wp\/wp-content\/uploads\/2017\/10\/Judec\u0103torii-CCR-diversioni\u0219ti-\u00een-decizii-150x150.jpg\" alt=\"\" width=\"250\" height=\"250\" \/><\/a><figcaption id=\"caption-attachment-5056\" class=\"wp-caption-text\">Judec\u0103torii CCR &#8211; diversioni\u0219ti \u00een decizii<\/figcaption><\/figure>\n<p>La judec\u0103torii rom\u00e2ni totul e pe invers, ne \u00eentreb\u0103m: oare or fi \u0219i ei tot pe invers?! Sute de mii de victime au murit din cauza acestor judec\u0103tori \u00een numai 30 de ani. Se screme Ministrul de Justi\u021bie, Tudorel s\u0103 elibereze o lege pentru r\u0103spunderea magistra\u021bilor \u00een special pentru abuz \u00een serviciu. Ce sec\u0103tur\u0103 poate fi acest Ministru de Justi\u021bie, dac\u0103 magistra\u021bii sunt func\u021bionari publici, lucreaz\u0103 la institu\u021biile statului nu la CAP, pot r\u0103spunde penal pentru abuz \u00een serviciu oric\u00e2nd \u0219i la orice or\u0103. To\u021bi politrucii \u0219i to\u021bi juri\u0219tii din Camera Deputa\u021bilor \u0219i din Senat nu realizeaz\u0103 ce legi emit, nu au \u0219tiin\u021b\u0103 \u00een drept \u0219i sunt f\u0103cu\u021bi juri\u0219ti pe euro. Tudorel Ministrul Justi\u021biei trebuie s\u0103 mearg\u0103 la studii \u00een str\u0103in\u0103tate, ce a \u00eenv\u0103\u021bat el \u00een comunism nu are eficien\u021b\u0103 pentru justi\u021bia rom\u00e2n\u0103. Pe de o parte are dreptate, la judec\u0103torii rom\u00e2ni trebuie s\u0103 le faci legi separate unde s\u0103-i faci magistra\u021bi \u00een articole de lege penale pentru a r\u0103spunde penal. C\u00e2t sunt ei de \u0219mecheri pentru fraierii care nu pricep o iot\u0103 din drept penal etc., ne referim la Ministrul de Justi\u021bie Tudorel \u0219i la to\u021bi juri\u0219tii din Camer\u0103 \u0219i Senat, \u00eei vor da de grind\u0103 judec\u0103torii rom\u00e2ni, comuni\u0219tii no\u0219tri. Organele de cercetare penal\u0103 (procurorii) trebuie s\u0103 se apuce s\u0103 cerceteze judec\u0103torii pentru abuz \u00een serviciu, represiune nedreapt\u0103 etc., la solicit\u0103rile victimelor sau s\u0103 se sesizeze din oficiu la diferite infrac\u021biuni.<\/p>\n<figure id=\"attachment_5057\" aria-describedby=\"caption-attachment-5057\" style=\"width: 250px\" class=\"wp-caption alignleft\"><a href=\"http:\/\/www.editiespecialapress.ro\/wp\/wp-content\/uploads\/2017\/10\/Tudorel-Toader-\u00eencearc\u0103-marea-cu-degetul-legea-pentru-r\u0103spunderea-magistra\u021bilor-.png\"><img loading=\"lazy\" decoding=\"async\" class=\" wp-image-5057\" src=\"http:\/\/www.editiespecialapress.ro\/wp\/wp-content\/uploads\/2017\/10\/Tudorel-Toader-\u00eencearc\u0103-marea-cu-degetul-legea-pentru-r\u0103spunderea-magistra\u021bilor--150x150.png\" alt=\"\" width=\"250\" height=\"250\" \/><\/a><figcaption id=\"caption-attachment-5057\" class=\"wp-caption-text\">Tudorel Toader &#8211; \u00eencearc\u0103 marea cu degetul, legea pentru r\u0103spunderea magistra\u021bilor<\/figcaption><\/figure>\n<p>Procurorii nu trebuie s\u0103-l mai a\u0219tepte pe ministrul Tudorel sau legea solicitat\u0103 de el, au competen\u021ba \u0219i tot dreptul s\u0103-i cerceteze pe judec\u0103tori ca pe oricare func\u021bionar public. La ei pentru a fi cerceta\u021bi trebuie avizul CSM, nu e mare lucru, \u00eel vor da procurorilor, au fapte penale grave \u0219i de neiertat. Pentru \u00eenc\u0103lcarea Conven\u021biei pentru Ap\u0103rarea Drepturilor Omului fiecare judec\u0103tor trebuie s\u0103 r\u0103spund\u0103 penal mai ales c\u0103 art. 17 CEDO interzice abuzul de drept, fie pe latur\u0103 penal\u0103, fie pe latur\u0103 civil\u0103. C\u00e2t tupeu au avut judec\u0103torii CCR s\u0103 elibereze o decizie unde oblig\u0103 la fapta penal\u0103 de abuz \u00een serviciu, indicarea unei alte legi \u00eenc\u0103lcate pentru a se re\u021bine abuzul \u00een serviciu.<\/p>\n<p>Judec\u0103torii CCR au \u00eenc\u0103lcat Conven\u021bia \u0219i au intrat sub inciden\u021ba art. 17 CEDO la care trebuie s\u0103 r\u0103spund\u0103 penal. Art 17 CEDO nu face referire la trimiterea unei alte legi penale \u00eenc\u0103lcate, se refer\u0103 doar la \u00eendeplinirea unui act ca o sentin\u021b\u0103 penal\u0103 abuziv\u0103, o decizie penal\u0103 abuziv\u0103 \u0219i oricare act \u00eentocmit \u00een mod abuziv de c\u0103tre judec\u0103tori \u0219i oricare func\u021bionar public sau stat. Judec\u0103torii CCR au interpretat Conven\u021bia cum au dorit ei \u00een mii de decizii, trebuie s\u0103 r\u0103spund\u0103 penal pentru toate deciziile abuzive cu \u00eenc\u0103lcarea Conven\u021biei \u0219i interpretare dup\u0103 bunul plac au primit \u0219i euro la sac. Am sesizat Parchetul de pe l\u00e2ng\u0103 I.C.C.J. \u0219i nu s-a luat nici o m\u0103sur\u0103, \u00een schimb un procuror \u0219i procurorul \u0219ef de sec\u021bie Varga \u0219i-au tras sute de mii de euro pentru clasare.<\/p>\n<figure id=\"attachment_5051\" aria-describedby=\"caption-attachment-5051\" style=\"width: 250px\" class=\"wp-caption alignright\"><a href=\"http:\/\/www.editiespecialapress.ro\/wp\/wp-content\/uploads\/2017\/10\/Augustin-Zegrean-pensionar-a-l\u0103sat-decizii-abuzive-de-doare-capul-pe-mul\u021bi.jpg\"><img loading=\"lazy\" decoding=\"async\" class=\" wp-image-5051\" src=\"http:\/\/www.editiespecialapress.ro\/wp\/wp-content\/uploads\/2017\/10\/Augustin-Zegrean-pensionar-a-l\u0103sat-decizii-abuzive-de-doare-capul-pe-mul\u021bi-150x150.jpg\" alt=\"\" width=\"250\" height=\"250\" \/><\/a><figcaption id=\"caption-attachment-5051\" class=\"wp-caption-text\">Augustin Zegrean &#8211; pensionar a l\u0103sat decizii abuzive de doare capul pe mul\u021bi<\/figcaption><\/figure>\n<p>Judec\u0103torii CCR \u00ee\u0219i fac de cap \u00een continuare, ei primesc bani de la politrucii PSD-PNL, desfiin\u0163eaz\u0103 articole de lege \u00een mod abuziv interpret\u00e2nd articolele din Conven\u021bie \u00een mod mincinos. Una spun articolele din Conven\u021bie, c\u0103 nu reprezint\u0103 vreo \u00eenc\u0103lcare, alta spun judec\u0103torii CCR mincino\u0219ii. \u00centr-un cuv\u00e2nt invoc\u0103 articolele din Conven\u021bie \u00een decizii \u00een mod eronat pentru a desfiin\u021ba articole de lege din codul penal, Codul de procedur\u0103 penal\u0103 \u0219i de a favoriza to\u021bi infractorii politruci la infrac\u021biuni de abuz \u00een serviciu etc. Dac\u0103 au fost \u00een stare s\u0103 mint\u0103 c\u0103 SRI nu are voie s\u0103 fac\u0103 cercet\u0103ri \u0219i s\u0103 pun\u0103 mandate de supraveghere tehnic\u0103 \u00een executare, de\u0219i art. 8 CEDO prevede acestea. Judec\u0103torii CCR sunt at\u00e2t de periculo\u0219i ca \u0219i judec\u0103torii justi\u021biei Rom\u00e2ne creaz\u0103 diversiuni \u00een decizii etc. C\u00e2nd s-o alege praful de ei o s\u0103 vedem. Mult numai au.<\/p>\n<p><em>Articol de Iulian Ratea\u00a0 <\/em><\/p>\n<p>&nbsp;<\/p>\n<p>&nbsp;<\/p>\n","protected":false},"excerpt":{"rendered":"<p>Dumnezeii P\u0103m\u00e2ntului,magistra\u021bii justi\u021biei nu vor \u0219i nu cred c\u0103 sunt func\u021bionari publici, prin aceasta fenteaz\u0103 codul penal \u0219i legile penale, de a nu r\u0103spunde penal niciodat\u0103 Dragii no\u0219tri cititori continu\u0103m \u00een aceast\u0103 edi\u021bie cu Dumnezeii P\u0103m\u00e2ntului, magistra\u021bii justi\u021biei rom\u00e2ne care nu vor s\u0103 recunoasc\u0103 c\u0103 sunt func\u021bionari publici \u0219i c\u0103 trebuie s\u0103 r\u0103spund\u0103 penal non-stop [&hellip;]<\/p>\n","protected":false},"author":2,"featured_media":5052,"comment_status":"closed","ping_status":"open","sticky":false,"template":"","format":"standard","meta":{"footnotes":""},"categories":[2],"tags":[301,671,672,309],"class_list":{"0":"post-5050","1":"post","2":"type-post","3":"status-publish","4":"format-standard","5":"has-post-thumbnail","7":"category-ancheta","8":"tag-augustin-zegrean","9":"tag-complete-de-judecata","10":"tag-judecatorii-ccr","11":"tag-tudorel-toader"},"_links":{"self":[{"href":"https:\/\/www.editiespecialapress.ro\/newtest\/wp-json\/wp\/v2\/posts\/5050","targetHints":{"allow":["GET"]}}],"collection":[{"href":"https:\/\/www.editiespecialapress.ro\/newtest\/wp-json\/wp\/v2\/posts"}],"about":[{"href":"https:\/\/www.editiespecialapress.ro\/newtest\/wp-json\/wp\/v2\/types\/post"}],"author":[{"embeddable":true,"href":"https:\/\/www.editiespecialapress.ro\/newtest\/wp-json\/wp\/v2\/users\/2"}],"replies":[{"embeddable":true,"href":"https:\/\/www.editiespecialapress.ro\/newtest\/wp-json\/wp\/v2\/comments?post=5050"}],"version-history":[{"count":0,"href":"https:\/\/www.editiespecialapress.ro\/newtest\/wp-json\/wp\/v2\/posts\/5050\/revisions"}],"wp:featuredmedia":[{"embeddable":true,"href":"https:\/\/www.editiespecialapress.ro\/newtest\/wp-json\/"}],"wp:attachment":[{"href":"https:\/\/www.editiespecialapress.ro\/newtest\/wp-json\/wp\/v2\/media?parent=5050"}],"wp:term":[{"taxonomy":"category","embeddable":true,"href":"https:\/\/www.editiespecialapress.ro\/newtest\/wp-json\/wp\/v2\/categories?post=5050"},{"taxonomy":"post_tag","embeddable":true,"href":"https:\/\/www.editiespecialapress.ro\/newtest\/wp-json\/wp\/v2\/tags?post=5050"}],"curies":[{"name":"wp","href":"https:\/\/api.w.org\/{rel}","templated":true}]}}