{"id":5060,"date":"2017-11-06T22:20:58","date_gmt":"2017-11-06T19:20:58","guid":{"rendered":"http:\/\/www.editiespecialapress.ro\/?p=5060"},"modified":"2017-11-06T22:20:58","modified_gmt":"2017-11-06T19:20:58","slug":"la-multi-ani-de-sfantul-mihail-si-gavril-primaria-poiana-lacului","status":"publish","type":"post","link":"https:\/\/www.editiespecialapress.ro\/newtest\/2017\/11\/06\/la-multi-ani-de-sfantul-mihail-si-gavril-primaria-poiana-lacului\/","title":{"rendered":"La mul\u021bi ani de Sfin\u021bii Mihail \u0219i Gavril! &#8211; Prim\u0103ria Poiana Lacului"},"content":{"rendered":"<p>De Sfin\u021bii Mihail \u0219i Gavril, fie ca cei dragi s\u0103 v\u0103 \u00eenconjoare cu c\u0103ldura sufletelor lor \u00eentr-o sear\u0103 magic\u0103, iar fericirea s\u0103 v\u0103 ia \u00een bra\u021bele ei \u00een acest moment special!. Fie ca aceast\u0103 zi s\u0103 v\u0103 deschid\u0103 poarta unui viitor plin de succese \u0219i realiz\u0103ri. Sf\u00e2ntul al c\u0103rui nume \u00eel purta\u021bi s\u0103 v\u0103 ocroteasc\u0103 \u0219i s\u0103 v\u0103 c\u0103l\u0103uzeasc\u0103 mereu. La mul\u021bi ani!<\/p>\n<p><strong>\u00a0\u00a0\u00a0\u00a0\u00a0\u00a0\u00a0\u00a0\u00a0\u00a0\u00a0\u00a0\u00a0\u00a0\u00a0\u00a0\u00a0\u00a0\u00a0\u00a0\u00a0\u00a0\u00a0\u00a0\u00a0\u00a0\u00a0\u00a0\u00a0\u00a0\u00a0\u00a0\u00a0\u00a0\u00a0\u00a0\u00a0\u00a0\u00a0\u00a0\u00a0\u00a0\u00a0\u00a0\u00a0\u00a0\u00a0\u00a0\u00a0\u00a0\u00a0\u00a0\u00a0\u00a0\u00a0\u00a0\u00a0\u00a0\u00a0\u00a0\u00a0\u00a0\u00a0\u00a0\u00a0\u00a0\u00a0\u00a0\u00a0\u00a0\u00a0\u00a0\u00a0\u00a0\u00a0\u00a0\u00a0\u00a0\u00a0\u00a0\u00a0\u00a0\u00a0\u00a0\u00a0\u00a0\u00a0\u00a0\u00a0\u00a0\u00a0\u00a0\u00a0\u00a0\u00a0\u00a0\u00a0\u00a0\u00a0\u00a0\u00a0\u00a0\u00a0\u00a0\u00a0\u00a0\u00a0\u00a0\u00a0\u00a0\u00a0\u00a0\u00a0\u00a0\u00a0\u00a0\u00a0\u00a0\u00a0\u00a0 Prim\u0103ria Poiana Lacului (AG),<\/strong><\/p>\n<p><strong>\u00a0 \u00a0 \u00a0 \u00a0 \u00a0 \u00a0 \u00a0 \u00a0 \u00a0 \u00a0 \u00a0 \u00a0 \u00a0 \u00a0 \u00a0 \u00a0 \u00a0 \u00a0 \u00a0 \u00a0 \u00a0\u00a0\u00a0\u00a0\u00a0\u00a0\u00a0\u00a0 Primar Dumitrache Ion \u00eempreun\u0103 cu angaja\u021bii prim\u0103riei \u0219i Consiliul Local<\/strong><\/p>\n","protected":false},"excerpt":{"rendered":"<p>De Sfin\u021bii Mihail \u0219i Gavril, fie ca cei dragi s\u0103 v\u0103 \u00eenconjoare cu c\u0103ldura sufletelor lor \u00eentr-o sear\u0103 magic\u0103, iar fericirea s\u0103 v\u0103 ia \u00een bra\u021bele ei \u00een acest moment special!. Fie ca aceast\u0103 zi s\u0103 v\u0103 deschid\u0103 poarta unui viitor plin de succese \u0219i realiz\u0103ri. Sf\u00e2ntul al c\u0103rui nume \u00eel purta\u021bi s\u0103 v\u0103 ocroteasc\u0103 [&hellip;]<\/p>\n","protected":false},"author":2,"featured_media":5061,"comment_status":"closed","ping_status":"open","sticky":false,"template":"","format":"standard","meta":{"footnotes":""},"categories":[4],"tags":[],"class_list":{"0":"post-5060","1":"post","2":"type-post","3":"status-publish","4":"format-standard","5":"has-post-thumbnail","7":"category-felicitari"},"_links":{"self":[{"href":"https:\/\/www.editiespecialapress.ro\/newtest\/wp-json\/wp\/v2\/posts\/5060","targetHints":{"allow":["GET"]}}],"collection":[{"href":"https:\/\/www.editiespecialapress.ro\/newtest\/wp-json\/wp\/v2\/posts"}],"about":[{"href":"https:\/\/www.editiespecialapress.ro\/newtest\/wp-json\/wp\/v2\/types\/post"}],"author":[{"embeddable":true,"href":"https:\/\/www.editiespecialapress.ro\/newtest\/wp-json\/wp\/v2\/users\/2"}],"replies":[{"embeddable":true,"href":"https:\/\/www.editiespecialapress.ro\/newtest\/wp-json\/wp\/v2\/comments?post=5060"}],"version-history":[{"count":0,"href":"https:\/\/www.editiespecialapress.ro\/newtest\/wp-json\/wp\/v2\/posts\/5060\/revisions"}],"wp:featuredmedia":[{"embeddable":true,"href":"https:\/\/www.editiespecialapress.ro\/newtest\/wp-json\/"}],"wp:attachment":[{"href":"https:\/\/www.editiespecialapress.ro\/newtest\/wp-json\/wp\/v2\/media?parent=5060"}],"wp:term":[{"taxonomy":"category","embeddable":true,"href":"https:\/\/www.editiespecialapress.ro\/newtest\/wp-json\/wp\/v2\/categories?post=5060"},{"taxonomy":"post_tag","embeddable":true,"href":"https:\/\/www.editiespecialapress.ro\/newtest\/wp-json\/wp\/v2\/tags?post=5060"}],"curies":[{"name":"wp","href":"https:\/\/api.w.org\/{rel}","templated":true}]}}