{"id":5066,"date":"2017-11-06T22:45:27","date_gmt":"2017-11-06T19:45:27","guid":{"rendered":"http:\/\/www.editiespecialapress.ro\/?p=5066"},"modified":"2017-11-06T22:45:27","modified_gmt":"2017-11-06T19:45:27","slug":"la-multi-ani-de-sfintii-mihail-si-gavril-editie-speciala-press","status":"publish","type":"post","link":"https:\/\/www.editiespecialapress.ro\/newtest\/2017\/11\/06\/la-multi-ani-de-sfintii-mihail-si-gavril-editie-speciala-press\/","title":{"rendered":"La mul\u0163i ani de Sfin\u021bii Mihail \u0219i Gavril! &#8211; Edi\u021bie Special\u0103 Press"},"content":{"rendered":"<p>V\u0103 dorim o zi de Sfin\u0163ii Mihail \u015fi Gavril c\u00e2t mai frumoas\u0103!. Fie ca toate \u00eent\u00e2mpl\u0103rile minunate \u015fi spiritul acestei zile s\u0103 v\u0103 \u00eenso\u0163easc\u0103 pretutindeni. Sfintii al c\u0103ror nume \u00eel purta\u021bi s\u0103 v\u0103 protejeze\u00a0 \u0219i s\u0103 v\u0103 aduc\u0103 mult noroc, fericire si \u00eempliniri. De ziua numelui \u015fi \u00een orice alt\u0103 zi v\u0103 ur\u0103m s\u0103 ave\u021bi parte de momente speciale, cu bucurii \u015fi s\u0103 r\u0103m\u00e2ne\u021bi cu multe amintiri pl\u0103cute. La mul\u021bi ani!<\/p>\n<p><strong>\u00a0\u00a0\u00a0\u00a0\u00a0\u00a0\u00a0\u00a0\u00a0\u00a0\u00a0\u00a0\u00a0\u00a0\u00a0\u00a0\u00a0\u00a0\u00a0\u00a0\u00a0\u00a0\u00a0\u00a0\u00a0\u00a0\u00a0\u00a0\u00a0\u00a0\u00a0\u00a0\u00a0\u00a0\u00a0\u00a0\u00a0\u00a0\u00a0\u00a0\u00a0\u00a0\u00a0\u00a0\u00a0\u00a0\u00a0\u00a0\u00a0\u00a0\u00a0\u00a0\u00a0\u00a0\u00a0\u00a0\u00a0\u00a0\u00a0\u00a0\u00a0\u00a0\u00a0\u00a0\u00a0\u00a0\u00a0\u00a0\u00a0\u00a0\u00a0\u00a0\u00a0\u00a0\u00a0\u00a0\u00a0\u00a0\u00a0\u00a0\u00a0\u00a0\u00a0\u00a0\u00a0\u00a0\u00a0\u00a0\u00a0\u00a0\u00a0\u00a0\u00a0\u00a0\u00a0\u00a0\u00a0\u00a0\u00a0\u00a0\u00a0\u00a0\u00a0\u00a0\u00a0\u00a0\u00a0\u00a0\u00a0\u00a0\u00a0\u00a0\u00a0 Edi\u021bie Special\u0103 Press,<\/strong><\/p>\n<p><strong>\u00a0 \u00a0 \u00a0 \u00a0 \u00a0 \u00a0 \u00a0 \u00a0 \u00a0 \u00a0 \u00a0 \u00a0 \u00a0 \u00a0 \u00a0 \u00a0 \u00a0 \u00a0 \u00a0 \u00a0 \u00a0 \u00a0 \u00a0 \u00a0 \u00a0\u00a0 Director General Iulian Ratea \u00eempreun\u0103 cu \u00eentreaga redac\u021bie<\/strong><\/p>\n","protected":false},"excerpt":{"rendered":"<p>V\u0103 dorim o zi de Sfin\u0163ii Mihail \u015fi Gavril c\u00e2t mai frumoas\u0103!. Fie ca toate \u00eent\u00e2mpl\u0103rile minunate \u015fi spiritul acestei zile s\u0103 v\u0103 \u00eenso\u0163easc\u0103 pretutindeni. Sfintii al c\u0103ror nume \u00eel purta\u021bi s\u0103 v\u0103 protejeze\u00a0 \u0219i s\u0103 v\u0103 aduc\u0103 mult noroc, fericire si \u00eempliniri. De ziua numelui \u015fi \u00een orice alt\u0103 zi v\u0103 ur\u0103m s\u0103 ave\u021bi [&hellip;]<\/p>\n","protected":false},"author":2,"featured_media":5067,"comment_status":"closed","ping_status":"open","sticky":false,"template":"","format":"standard","meta":{"footnotes":""},"categories":[4],"tags":[],"class_list":{"0":"post-5066","1":"post","2":"type-post","3":"status-publish","4":"format-standard","5":"has-post-thumbnail","7":"category-felicitari"},"_links":{"self":[{"href":"https:\/\/www.editiespecialapress.ro\/newtest\/wp-json\/wp\/v2\/posts\/5066","targetHints":{"allow":["GET"]}}],"collection":[{"href":"https:\/\/www.editiespecialapress.ro\/newtest\/wp-json\/wp\/v2\/posts"}],"about":[{"href":"https:\/\/www.editiespecialapress.ro\/newtest\/wp-json\/wp\/v2\/types\/post"}],"author":[{"embeddable":true,"href":"https:\/\/www.editiespecialapress.ro\/newtest\/wp-json\/wp\/v2\/users\/2"}],"replies":[{"embeddable":true,"href":"https:\/\/www.editiespecialapress.ro\/newtest\/wp-json\/wp\/v2\/comments?post=5066"}],"version-history":[{"count":0,"href":"https:\/\/www.editiespecialapress.ro\/newtest\/wp-json\/wp\/v2\/posts\/5066\/revisions"}],"wp:featuredmedia":[{"embeddable":true,"href":"https:\/\/www.editiespecialapress.ro\/newtest\/wp-json\/"}],"wp:attachment":[{"href":"https:\/\/www.editiespecialapress.ro\/newtest\/wp-json\/wp\/v2\/media?parent=5066"}],"wp:term":[{"taxonomy":"category","embeddable":true,"href":"https:\/\/www.editiespecialapress.ro\/newtest\/wp-json\/wp\/v2\/categories?post=5066"},{"taxonomy":"post_tag","embeddable":true,"href":"https:\/\/www.editiespecialapress.ro\/newtest\/wp-json\/wp\/v2\/tags?post=5066"}],"curies":[{"name":"wp","href":"https:\/\/api.w.org\/{rel}","templated":true}]}}