{"id":5092,"date":"2017-11-22T01:00:07","date_gmt":"2017-11-21T22:00:07","guid":{"rendered":"http:\/\/www.editiespecialapress.ro\/?p=5092"},"modified":"2017-11-22T01:00:07","modified_gmt":"2017-11-21T22:00:07","slug":"infractoarele-justitiei-romane-judecatoarele-jeana-dumitrache-si-laura-ionita-de-la-sectia-civila-a-curtii-de-apel-pitesti-inselaciune-de-100-000-lei-cu-o-decizie-abuziva","status":"publish","type":"post","link":"https:\/\/www.editiespecialapress.ro\/newtest\/2017\/11\/22\/infractoarele-justitiei-romane-judecatoarele-jeana-dumitrache-si-laura-ionita-de-la-sectia-civila-a-curtii-de-apel-pitesti-inselaciune-de-100-000-lei-cu-o-decizie-abuziva\/","title":{"rendered":"Infractoarele Justi\u021biei rom\u00e2ne; Judec\u0103toarele Jeana Dumitrache \u0219i Laura Ioni\u021b\u0103 de la sec\u021bia civil\u0103 a Cur\u021bii de Apel Pite\u0219ti, \u00een\u0219el\u0103ciune de 100.000 lei cu o decizie abuziv\u0103"},"content":{"rendered":"<p><strong><em>Scursurile societ\u0103\u021bii, Jeana Dumitrache \u0219i Laura Ioni\u021b\u0103 au \u00eentocmit \u00een mod abuziv o decizie cu daune morale de 100.000 lei, diversiuni la greu, imput\u0103ri abuzive total nefondate.<\/em><\/strong><\/p>\n<p>Dragii no\u0219tri cititori, continu\u0103m \u00een aceast\u0103 edi\u021bie cu cele mai jegoase, hoa\u021be, abuzive judec\u0103toare care fur\u0103 banii directorului publica\u021biei noastre \u0219i ai societ\u0103\u021bii S.C. Edi\u021bie Special\u0103 Press S.R.L.<\/p>\n<p>Directorul Iulian Ratea a formulat apel la Curtea de Apel Pite\u0219ti \u00eempotriva sentin\u021bei civile nr.81 din 17.03.2017, pronun\u021bate de Tribunalul Arge\u0219 \u00een dosarul nr.31886\/3\/2016. \u00cen acea sentin\u021b\u0103 s-a pronun\u021bat \u00een mod abuziv \u0219i cu \u00een\u0219el\u0103ciune judec\u0103toarea Elena Anton trec\u00e2nd \u00een sentin\u021b\u0103 daune morale pentru directorul Iulian Ratea \u0219i pentru S.C. Edi\u021bie Special\u0103 Press S.R.L., suma de 350.000 lei. Viitoarea inculpat\u0103 Elena Anton cu tupeu \u0219i nebuneal\u0103 a eliminat din dosar \u0219i din sentin\u021b\u0103 pe jurnalistul Po\u0219irc\u0103 Nicolae. Ce s-a g\u00e2ndit infractoarea Anton \u00eempreun\u0103 cu procurorul Cristea reclamant \u00een cauz\u0103, s\u0103-l pun\u0103 pe directorul Ratea \u00een calitate de p\u00e2r\u00e2t, el neav\u00e2nd nici o treab\u0103 cu procurorul Cristea sau cu Anton. Jurnalistul Po\u0219irc\u0103 Nicolae a luat informa\u021bii de la anumi\u021bi colegi de-ai lui, Cristea pe unde a lucrat \u00een mili\u021bie \u0219i la Parchet \u0219i ace\u0219tia i-au spus c\u0103 are gesturi de gay, face sex cu al\u021bi procurori de la Parchetul de pe l\u00e2ng\u0103 Curtea de Apel Pite\u0219ti, cu generalul Aldea \u0219i Alin Stoica procuror. Acum noi \u00eei \u0219tim pe fo\u0219tii gay \u0219i actualii gay din Parchetele Pite\u0219tene.<\/p>\n<figure id=\"attachment_5094\" aria-describedby=\"caption-attachment-5094\" style=\"width: 250px\" class=\"wp-caption alignleft\"><a href=\"http:\/\/www.editiespecialapress.ro\/wp\/wp-content\/uploads\/2017\/11\/Elena-Anton-T\u00e2rf\u0103-pervers\u0103.png\"><img loading=\"lazy\" decoding=\"async\" class=\" wp-image-5094\" src=\"http:\/\/www.editiespecialapress.ro\/wp\/wp-content\/uploads\/2017\/11\/Elena-Anton-T\u00e2rf\u0103-pervers\u0103-150x150.png\" alt=\"\" width=\"250\" height=\"250\" \/><\/a><figcaption id=\"caption-attachment-5094\" class=\"wp-caption-text\">Elena Anton &#8211; T\u00e2rf\u0103 pervers\u0103<\/figcaption><\/figure>\n<p>La Parchetul Tribunalului Arge\u0219 a fost un procuror \u0219ef la sec\u021bia criminalistic\u0103 Vi\u0219inoiu, care a fost prins de noi \u00een flagrant c\u00e2nd f\u0103cea sex oral \u00een toaleta de la Pizzeria Pia\u021ba Italia. Racola pu\u0219ti din parcuri, \u00eei mai g\u0103seam \u0219i la jandarmi la Parchet pentru ai l\u0103sa s\u0103 urce \u00een birou la procurorul Vi\u0219inoiu. Am stat odat\u0103 dou\u0103 ore \u0219i pu\u0219tiul nu a mai cobor\u00e2t din biroul lui Vi\u0219inoiu. Zilnic urcau la el numai b\u0103ie\u021bi de liceu frumu\u0219ei. Am \u00eentrebat un b\u0103iat c\u00e2t \u00ee\u021bi d\u0103 pentru a-\u021bi face sex oral. El ne-a spus c\u0103 pl\u0103te\u0219te bine procurorul. Mai d\u0103m un exemplu de un procuror gay de la Parchetul de pe l\u00e2ng\u0103 Curtea de Apel Pite\u0219ti. Procurorul B\u0103l\u0103\u0219oiu mergea des la gar\u0103 dup\u0103 ce se \u00eensera, racola b\u0103ie\u021bi tineri pentru a le face sex oral, \u00eei pl\u0103tea cu sume mari de bani, pentru ai avea tot timpul disponibili. Acesta a mai fost \u0219i directorul Penitenciarul Mioveni Arge\u0219 la care \u00ee\u0219i trage aproximativ 40.000 lei\/lun\u0103 pensie. Ace\u0219tia au fost filma\u021bi, fotografia\u021bi ca \u0219i ceilal\u021bi gay proaspe\u021bi ai Parchetelor.<\/p>\n<figure id=\"attachment_5098\" aria-describedby=\"caption-attachment-5098\" style=\"width: 400px\" class=\"wp-caption aligncenter\"><a href=\"http:\/\/www.editiespecialapress.ro\/wp\/wp-content\/uploads\/2017\/11\/Jeana-Dumitrache-\u0219i-Laura-Ioni\u021b\u0103-fac-un-cuplu-de-lesbi-\u0219i-de-afaceri-la-fel.png\"><img loading=\"lazy\" decoding=\"async\" class=\"size-medium wp-image-5098\" src=\"http:\/\/www.editiespecialapress.ro\/wp\/wp-content\/uploads\/2017\/11\/Jeana-Dumitrache-\u0219i-Laura-Ioni\u021b\u0103-fac-un-cuplu-de-lesbi-\u0219i-de-afaceri-la-fel-400x278.png\" alt=\"\" width=\"400\" height=\"278\" \/><\/a><figcaption id=\"caption-attachment-5098\" class=\"wp-caption-text\">Jeana Dumitrache \u0219i Laura Ioni\u021b\u0103 &#8211; fac un cuplu de lesbi \u0219i de afaceri la fel<\/figcaption><\/figure>\n<p>Au plecat cei doi procurori la pensie, au r\u0103mas cei trei procurori tineri. Ace\u0219tia trei procurori, Cristea Ionu\u021b, Aldea Mihail \u0219i Alin Stoica sunt bisexuali. S\u0103 nu se prind\u0103 lumea unii s-au c\u0103s\u0103torit, al\u021bii \u0219i-au tras curve de condi\u021bie, dar mai tare le plac b\u0103rba\u021bii. Dac\u0103 le punem \u00eenregistr\u0103rile video\u00a0 pe site car\u0103 salv\u0103rile la ei, r\u0103m\u00e2n \u0219i f\u0103r\u0103 serviciu, se fac de tot rahatul. Noi am fost prea omeno\u0219i cu ei, doar i-am publicat \u0219i nu am mai continuat cu alte probe. Pe noi ne intereseaz\u0103 ce infrac\u021biuni comit, nu activitatea lor de a face sex \u0219i cu b\u0103rba\u021bi. Judec\u0103toarea infractoare Anton Elena i-a aplicat directorului Ratea art. 1373 Noul Cod civil.<\/p>\n<p>Art. 1373: R\u0103spunderea comiten\u021bilor pentru prepu\u0219i.<\/p>\n<p>Alin (1) Comitentul este obligat s\u0103 repare prejudiciul cauzat de prepu\u0219ii s\u0103i ori de c\u00e2te ori fapta s\u0103v\u00e2r\u0219it\u0103 de ace\u0219tia are leg\u0103tur\u0103 cu atribu\u021biile sau cu scopul func\u021biilor \u00eencredin\u021bate.<\/p>\n<figure id=\"attachment_5106\" aria-describedby=\"caption-attachment-5106\" style=\"width: 251px\" class=\"wp-caption alignright\"><a href=\"http:\/\/www.editiespecialapress.ro\/wp\/wp-content\/uploads\/2017\/11\/Jeana-Dumitrache-t\u00e2rf\u0103-pervers\u0103.png\"><img loading=\"lazy\" decoding=\"async\" class=\" wp-image-5106\" src=\"http:\/\/www.editiespecialapress.ro\/wp\/wp-content\/uploads\/2017\/11\/Jeana-Dumitrache-t\u00e2rf\u0103-pervers\u0103-150x150.png\" alt=\"\" width=\"251\" height=\"251\" \/><\/a><figcaption id=\"caption-attachment-5106\" class=\"wp-caption-text\">Jeana Dumitrache &#8211; t\u00e2rf\u0103 pervers\u0103<\/figcaption><\/figure>\n<p>Acest articol \u0219i alineat se refer\u0103 la \u00centrepinderi, Societ\u0103\u021bi Comerciale sau persoane fizice care \u00eemputernicesc persoane pentru a le face servicii \u0219i de a le aduce beneficii at\u00e2t lor precum \u0219i altora. Directorul Ratea face contracte de colaborare pentru jurnali\u0219ti dar beneficiile le \u00eencaseaz\u0103 firma \u0219i nu el. El nu poate fi luat ca Comitent \u00eentruc\u00e2t \u00eemputernice\u0219te persoane prin contracte civile de colaborare pentru Societatea Comercial\u0103. Societ\u0103\u021bii Comerciale \u00eei aduc prepu\u0219ii beneficii \u0219i nu lui. Judec\u0103toarea Anton scrie \u00een sentin\u021b\u0103 c\u0103 el e proprietarul Societ\u0103\u021bii \u0219i trebuie s\u0103 pl\u0103teasc\u0103. Aceast\u0103 pezevenche crede c\u0103 directorul Ratea e proprietar ca \u0219i la cas\u0103. La societ\u0103\u021bi e cu totul altceva, nu po\u021bi lucra dec\u00e2t pentru societate, tot ce se \u00eencaseaz\u0103 intr\u0103 \u00een contul societ\u0103\u021bii \u0219i nu al directorului Ratea. Ea nu \u0219tie nici cine este managerul societ\u0103\u021bii, dar s\u0103 mai \u00een\u021beleag\u0103 un articol de lege. Oricum s-a \u00een\u021beles cu procurorul Cristea s\u0103-i impute \u00een mod abuziv calitatea de p\u00e2r\u00e2t \u0219i s\u0103 creeze o minciun\u0103 \u00een sentin\u021b\u0103 pentru al deposeda pentru suma de 350.000 lei.<\/p>\n<figure id=\"attachment_5097\" aria-describedby=\"caption-attachment-5097\" style=\"width: 250px\" class=\"wp-caption alignleft\"><a href=\"http:\/\/www.editiespecialapress.ro\/wp\/wp-content\/uploads\/2017\/11\/Parchetul-Judec\u0103toriei-Pite\u0219ti-plin-cu-infractori-ca-Cristea.jpg\"><img loading=\"lazy\" decoding=\"async\" class=\" wp-image-5097\" src=\"http:\/\/www.editiespecialapress.ro\/wp\/wp-content\/uploads\/2017\/11\/Parchetul-Judec\u0103toriei-Pite\u0219ti-plin-cu-infractori-ca-Cristea-150x150.jpg\" alt=\"\" width=\"250\" height=\"250\" \/><\/a><figcaption id=\"caption-attachment-5097\" class=\"wp-caption-text\">Parchetul Judec\u0103toriei Pite\u0219ti plin cu infractori ca Cristea<\/figcaption><\/figure>\n<p>Legal era s\u0103 r\u0103spund\u0103 jurnalistul Po\u0219irc\u0103 Nicolae dac\u0103 bine\u00een\u021beles nu-l scoteau din dosar \u0219i Societatea Edi\u021bie Special\u0103 Press S.R.L. Directorul Ratea nu avea \u0219i nici nu are nici o calitate \u00een acel dosar. Pezevenchea Anton Elena i-a dat \u00een mod abuziv calitate de p\u00e2r\u00e2t \u0219i la pus s\u0103 \u0219i pl\u0103teasc\u0103 suma de 350.000 lei. Ea \u0219i Cristea se cred \u0219mecherii care pot fura cu sentin\u021be \u0219i decizii banii cet\u0103\u021benilor \u0219i ai societ\u0103\u021bilor. Directorul Ratea le-a preg\u0103tit un dosar pentru a fi cerceta\u021bi pentru infrac\u021biunile de: luare de mit\u0103, abuz \u00een serviciu, \u00een\u0219el\u0103ciune etc. Ei \u00ee\u0219i iau mit\u0103 direct cu sentin\u021be \u0219i decizii, nu mai trebuie s\u0103 cear\u0103 la persoan\u0103 sau s\u0103 o prosteasc\u0103 pe persoan\u0103. \u0218mecheria robelor perverse. La apel au ap\u0103rut judec\u0103toarele pezevenche, Jeana Dumitrache \u0219i Laura Ioni\u021b\u0103. Directorul Ratea le-a explicat ca la copiii de gr\u0103dini\u021b\u0103, ele s-au f\u0103cut c\u0103 \u00een\u021beleg dar \u00een sufletul lor p\u0103c\u0103tos \u0219i pervers au hot\u0103r\u00e2t ca directorul Ratea s\u0103 r\u0103m\u00e2n\u0103 p\u00e2r\u00e2t \u0219i s\u0103 pl\u0103teasc\u0103 o sum\u0103 zic ele mai mic\u0103, de 100.000 lei. Au f\u0103cut curvele perverse pe milostivele cu directorul Ratea dar nu se a\u0219teapt\u0103 ce dosar siropos le-a preg\u0103tit. Au discutat at\u00e2t la telefon precum \u0219i la o \u00eent\u00e2lnire \u00een 4: Cristea, Anton, Ioni\u021b\u0103 \u0219i Dumitrache pentru a-\u0219i trage fiecare c\u00e2te 25.000 lei de c\u0103ciul\u0103. Au s\u0103pat groapa altuia \u0219i vor c\u0103dea direct \u00een ea, au de plat\u0103 c\u0103tre directorul Ratea \u0219i c\u0103tre societatea comercial\u0103 sute de mii de euro, ba\u0219ca condamn\u0103ri.<\/p>\n<figure id=\"attachment_5093\" aria-describedby=\"caption-attachment-5093\" style=\"width: 249px\" class=\"wp-caption alignright\"><a href=\"http:\/\/www.editiespecialapress.ro\/wp\/wp-content\/uploads\/2017\/11\/Curtea-de-Apel-Pite\u0219ti-Palatul-infractorilor-\u00een-robe.jpg\"><img loading=\"lazy\" decoding=\"async\" class=\"wp-image-5093\" src=\"http:\/\/www.editiespecialapress.ro\/wp\/wp-content\/uploads\/2017\/11\/Curtea-de-Apel-Pite\u0219ti-Palatul-infractorilor-\u00een-robe-150x150.jpg\" alt=\"\" width=\"249\" height=\"249\" \/><\/a><figcaption id=\"caption-attachment-5093\" class=\"wp-caption-text\">Curtea de Apel Pite\u0219ti &#8211; Palatul infractorilor \u00een robe<\/figcaption><\/figure>\n<p>T\u00e2mpitele acestea cred c\u0103 ne ocup\u0103m doar de a face pres\u0103 \u0219i nu de a b\u0103ga \u00een pu\u0219c\u0103rie zdren\u021be ca ele. Zdrean\u021ba de Anton Elena a mai avut tupeu s\u0103 dispun\u0103 \u00een sentin\u021ba abuziv\u0103 \u0219tergerea articolului \u00een care a fost publicat Cristea ca infractor gay. Cristea d\u0103 c\u00e2te 1500 de clas\u0103ri pe an \u0219i trimite \u00een judecat\u0103 40-45 de infractori. Percepe sume mari de euro pentru a clasa cauzele penale, victimele r\u0103m\u00e2n am\u0103r\u00e2te \u0219i Cristea se \u00eembog\u0103\u021be\u0219te mereu. Am descoperit \u0219i alte afaceri ale lui Cristea \u0219i ale judec\u0103toarelor perverse, cu sentin\u021be \u0219i decizii deposedeaz\u0103 firme \u0219i cet\u0103\u021beni de bani \u0219i bunuri. Asta e justi\u021bia arge\u0219ean\u0103, trebuie arestate 90% din robe. Ca s\u0103 dispui \u0219tergerea unui articol de pres\u0103 trebuie s\u0103 ai probe concludente, nu s\u0103 creezi minciuni \u00een sentin\u021b\u0103 \u0219i decizie pentru a-\u021bi \u00eencasa sume de zeci de mii de lei pe cap de rob\u0103. Cristea a fost, este \u0219i va fi cercetat pentru toate infrac\u021biunile comise, nu va sc\u0103pa de noi p\u00e2n\u0103 nu va fi arestat \u00eempreun\u0103 cu t\u00e2rfele corupte, 3 la num\u0103r. El face afaceri de favoriz\u0103ri f\u0103ptuitori cu mili\u021bienii lui care dau referate cu propunere de a clasa cauzele. \u0218p\u0103gile le \u00eempart to\u021bi, la arest vor merge to\u021bi.<\/p>\n<p><em>Articol de Aurel Preda\u00a0<\/em><\/p>\n<p>&nbsp;<\/p>\n<p>&nbsp;<\/p>\n<p>&nbsp;<\/p>\n","protected":false},"excerpt":{"rendered":"<p>Scursurile societ\u0103\u021bii, Jeana Dumitrache \u0219i Laura Ioni\u021b\u0103 au \u00eentocmit \u00een mod abuziv o decizie cu daune morale de 100.000 lei, diversiuni la greu, imput\u0103ri abuzive total nefondate. Dragii no\u0219tri cititori, continu\u0103m \u00een aceast\u0103 edi\u021bie cu cele mai jegoase, hoa\u021be, abuzive judec\u0103toare care fur\u0103 banii directorului publica\u021biei noastre \u0219i ai societ\u0103\u021bii S.C. Edi\u021bie Special\u0103 Press S.R.L. [&hellip;]<\/p>\n","protected":false},"author":2,"featured_media":5095,"comment_status":"closed","ping_status":"open","sticky":false,"template":"","format":"standard","meta":{"footnotes":""},"categories":[2],"tags":[74,372,525,676,677,678],"class_list":{"0":"post-5092","1":"post","2":"type-post","3":"status-publish","4":"format-standard","5":"has-post-thumbnail","7":"category-ancheta","8":"tag-alin-stoica","9":"tag-cristea-ionut","10":"tag-elena-anton","11":"tag-generalul-aldea","12":"tag-jeana-dumitrache","13":"tag-laura-ionita"},"_links":{"self":[{"href":"https:\/\/www.editiespecialapress.ro\/newtest\/wp-json\/wp\/v2\/posts\/5092","targetHints":{"allow":["GET"]}}],"collection":[{"href":"https:\/\/www.editiespecialapress.ro\/newtest\/wp-json\/wp\/v2\/posts"}],"about":[{"href":"https:\/\/www.editiespecialapress.ro\/newtest\/wp-json\/wp\/v2\/types\/post"}],"author":[{"embeddable":true,"href":"https:\/\/www.editiespecialapress.ro\/newtest\/wp-json\/wp\/v2\/users\/2"}],"replies":[{"embeddable":true,"href":"https:\/\/www.editiespecialapress.ro\/newtest\/wp-json\/wp\/v2\/comments?post=5092"}],"version-history":[{"count":0,"href":"https:\/\/www.editiespecialapress.ro\/newtest\/wp-json\/wp\/v2\/posts\/5092\/revisions"}],"wp:featuredmedia":[{"embeddable":true,"href":"https:\/\/www.editiespecialapress.ro\/newtest\/wp-json\/"}],"wp:attachment":[{"href":"https:\/\/www.editiespecialapress.ro\/newtest\/wp-json\/wp\/v2\/media?parent=5092"}],"wp:term":[{"taxonomy":"category","embeddable":true,"href":"https:\/\/www.editiespecialapress.ro\/newtest\/wp-json\/wp\/v2\/categories?post=5092"},{"taxonomy":"post_tag","embeddable":true,"href":"https:\/\/www.editiespecialapress.ro\/newtest\/wp-json\/wp\/v2\/tags?post=5092"}],"curies":[{"name":"wp","href":"https:\/\/api.w.org\/{rel}","templated":true}]}}