{"id":5111,"date":"2017-11-29T01:00:14","date_gmt":"2017-11-28T22:00:14","guid":{"rendered":"http:\/\/www.editiespecialapress.ro\/?p=5111"},"modified":"2017-11-29T01:00:14","modified_gmt":"2017-11-28T22:00:14","slug":"asasinare-esuata-impotriva-directorului-iulian-ratea-favorizari-de-infractori-din-partea-procurorului-catalin-arsenie-de-la-parchetul-tribunalului-arges-favorizari-de-faptuitori-din-partea-militieni","status":"publish","type":"post","link":"https:\/\/www.editiespecialapress.ro\/newtest\/2017\/11\/29\/asasinare-esuata-impotriva-directorului-iulian-ratea-favorizari-de-infractori-din-partea-procurorului-catalin-arsenie-de-la-parchetul-tribunalului-arges-favorizari-de-faptuitori-din-partea-militieni\/","title":{"rendered":"Asasinare e\u0219uat\u0103 \u00eempotriva directorului Iulian Ratea, favoriz\u0103ri de infractori din partea procurorului C\u0103t\u0103lin Arsenie de la Parchetul Tribunalului Arge\u0219, favoriz\u0103ri de f\u0103ptuitori din partea mili\u021bienilor, agent Ormeri\u0219an Florin \u0219i inspectorul Drago\u0219 Tudor"},"content":{"rendered":"<p><strong><em>Asasinare e\u0219uat\u0103 \u00eempotriva directorului Iulian Ratea, f\u0103ptuitorii favoriza\u021bi de procurorul C\u0103t\u0103lin Arsenie de la Parchetul Tribunalului Arge\u0219, f\u0103ptuitori favoriza\u021bi de agentul Ormeri\u0219an Florin mili\u021bia Pite\u0219ti, f\u0103ptuitori favoriza\u021bi de inspectorul Drago\u0219 Tudor de la sec\u021bia de mili\u021bie Albota, jud. Arge\u0219<\/em><\/strong><\/p>\n<p>Dragii no\u0219tri cititori, continu\u0103m \u00een aceast\u0103 edi\u021bie cu cei mai mari infractori ai Parchetului de pe l\u00e2ng\u0103 Tribunalul Arge\u0219, procuror C\u0103t\u0103lin Arsenie, mai continu\u0103m cu cei mai mari infractori ciubucari, agent Ormeri\u0219an Florin \u0219i inspector Drago\u0219 Tudor.<\/p>\n<figure id=\"attachment_5119\" aria-describedby=\"caption-attachment-5119\" style=\"width: 250px\" class=\"wp-caption alignleft\"><a href=\"http:\/\/www.editiespecialapress.ro\/wp\/wp-content\/uploads\/2017\/11\/Ormerisan-Florin-agentul-Jvec-\u00eenghite-\u0219pag\u0103-ca-curcanul-boabele-.png\"><img loading=\"lazy\" decoding=\"async\" class=\" wp-image-5119\" src=\"http:\/\/www.editiespecialapress.ro\/wp\/wp-content\/uploads\/2017\/11\/Ormerisan-Florin-agentul-Jvec-\u00eenghite-\u0219pag\u0103-ca-curcanul-boabele--150x150.png\" alt=\"\" width=\"250\" height=\"250\" \/><\/a><figcaption id=\"caption-attachment-5119\" class=\"wp-caption-text\">Ormerisan Florin &#8211; agentul Jvec \u00eenghite \u0219pag\u0103 ca curcanul boabele<\/figcaption><\/figure>\n<p>\u00cen data de 18.07.2017 directorul Iulian Ratea a fost anun\u021bat de &#8230;.. c\u0103 vor s\u0103-l asasineze cei de la serviciul special de informa\u021bii protec\u021bie intern\u0103 Pite\u0219ti din cadrul M.A.I. I s-a spus c\u0103 au racolat un \u0219ofer de autobuz cu numele de Roland Anghel de la S.C. Publitrans 2000 S.A. Pite\u0219ti pentru a-l lovi frontal \u00eentr-o sta\u021bie de autobuz sau pe trecerea de pietoni. Ofi\u021berii S.I.P.I. &#8211; Arge\u0219 au mers la directorul general Rotaru Manuel Vasile de la S.C. Publitrans 2000 S.A. Pite\u0219ti, colaboratorul lor. I-au cerut ajutorul s\u0103 le pun\u0103 la dispozi\u021biei un \u0219ofer rrom curajos pentru a-l asasina pe directorul Iulian Ratea. Acest rrom Anghel Roland se droga \u0219i se drogheaz\u0103 non-stop, conduce autobuzul drogat pe toate schimburile, nu-l \u00eentreab\u0103 nimeni de s\u0103n\u0103tate \u00eentruc\u00e2t e sprijinit de tot serviciul S.I.P.I. Pite\u0219ti. Iulian Ratea era informat des, nu prin telefon ci prin alte &#8230;. pentru a nu speria v\u00e2natul \u0219i de a-i l\u0103sa p\u00e2n\u0103 \u00een ultima clip\u0103 \u0219i ultima secund\u0103, s\u0103 vad\u0103 dac\u0103 vor s\u0103-l asasineze.<\/p>\n<figure id=\"attachment_5112\" aria-describedby=\"caption-attachment-5112\" style=\"width: 440px\" class=\"wp-caption aligncenter\"><a href=\"http:\/\/www.editiespecialapress.ro\/wp\/wp-content\/uploads\/2017\/11\/Anghel-Roland-asasin.png\"><img loading=\"lazy\" decoding=\"async\" class=\" wp-image-5112\" src=\"http:\/\/www.editiespecialapress.ro\/wp\/wp-content\/uploads\/2017\/11\/Anghel-Roland-asasin-400x124.png\" alt=\"\" width=\"440\" height=\"146\" \/><\/a><figcaption id=\"caption-attachment-5112\" class=\"wp-caption-text\">Anghel Roland &#8211; asasin<\/figcaption><\/figure>\n<p>S-a deplasat \u00een cartierul Exerci\u021biu din Pite\u0219ti, mai bine spus \u00een sta\u021bia de autobuz de l\u00e2ng\u0103 restaurantul \u201eCarpa\u021bi\u201d \u0219i-l a\u0219tepta pe asasinul \u0219ofer drogat Roland Anghel. Iulian Ratea uit\u00e2ndu-se dup\u0103 asasin, la un moment dat apare asasinul Roland iar apropiindu-se \u0219i\u00a0 v\u0103z\u00e2ndu-l pe Iulian Ratea, s-a ridicat \u00een picioare, s-a prins cu m\u00e2inile de cap, a accelerat la blan\u0103 autobuzul vir\u00e2nd brusc dreapta la intrarea \u00een sta\u021bie s\u0103-l asasineze pe directorul Ratea. Directorul Ratea a stat p\u00e2n\u0103 \u00een ultima clip\u0103 s\u0103 vad\u0103 dac\u0103 e hot\u0103r\u00e2t s\u0103-l asasineze. C\u00e2nd a v\u0103zut c\u0103 nu reduce deloc viteza de peste 70 km\/h \u0219i vrea s\u0103-l asasineze, \u00een ultima secund\u0103 s-a urcat pe trotuar, la care asasinul a pus brusc o fr\u00e2n\u0103 de s-au ridicat to\u021bi hodorogii din autobuz \u00een picioare.<\/p>\n<figure id=\"attachment_5113\" aria-describedby=\"caption-attachment-5113\" style=\"width: 250px\" class=\"wp-caption alignright\"><a href=\"http:\/\/www.editiespecialapress.ro\/wp\/wp-content\/uploads\/2017\/11\/Autobuzul-cu-care-a-vrut-\u021biganul-de-Roland-s\u0103-l-omoare-pe-directorul-Ratea.png\"><img loading=\"lazy\" decoding=\"async\" class=\"wp-image-5113 \" src=\"http:\/\/www.editiespecialapress.ro\/wp\/wp-content\/uploads\/2017\/11\/Autobuzul-cu-care-a-vrut-\u021biganul-de-Roland-s\u0103-l-omoare-pe-directorul-Ratea-400x248.png\" alt=\"\" width=\"250\" height=\"158\" \/><\/a><figcaption id=\"caption-attachment-5113\" class=\"wp-caption-text\">Autobuzul cu care a vrut \u021biganul de Roland s\u0103-l omoare pe directorul Ratea<\/figcaption><\/figure>\n<p>Sta\u021bia de autobuz are o lungime de 50 m, directorul Ratea era \u00een partea de la intrarea \u00een sta\u021bie retras spre trotuar, asasinul avea \u00eenc\u0103 45 de m lungime s\u0103 poat\u0103 intra \u00een sta\u021bie. Nu poate motiva niciodat\u0103 c\u0103 directorul Ratea a fost de vin\u0103 \u0219i c\u0103 ar fi stat \u00een sta\u021bie s\u0103 nu poat\u0103 intra. Directorul Ratea s-a urcat repede \u00een autobuz pentru a-l \u00eentreba pe asasin de ce a vrut s\u0103 \u00eel omoare \u0219i cine l-a pus. Asasinul Roland d\u0103dea din cap \u0219i vorbea la telefon \u00een continuare cu asasini ofi\u021beri S.I.P.I. Directorul Ratea a vrut s\u0103 coboare \u00een sta\u021bia de la Comisariat, asasinul nu a vrut s\u0103-i deschid\u0103 u\u0219a din fa\u021b\u0103. Ratea i-a spus: \u201eacum ce faci? m\u0103 sechestrezi?\u201d. El a zis: \u201eda, dac\u0103 vrei s\u0103 cobori te prind \u00eentre u\u0219i\u201d. Nu \u0219i-a pus mintea cu el, \u00eel lua pe \u021bigan de la volan \u0219i-l arunca pe u\u0219\u0103. \u021aiganul a mai mers \u00eenc\u0103 o sta\u021bie \u0219i la a doua sta\u021bie la Complexul 2 Prundu a deschis u\u0219a \u0219i i-a spus directorului Ratea dac\u0103 nu coboar\u0103, cheam\u0103 mili\u021bia. \u021aiganul Roland \u00een tot acest timp vorbea la telefon cu asasini S.I.P.I.<\/p>\n<figure id=\"attachment_5118\" aria-describedby=\"caption-attachment-5118\" style=\"width: 250px\" class=\"wp-caption alignleft\"><a href=\"http:\/\/www.editiespecialapress.ro\/wp\/wp-content\/uploads\/2017\/11\/Militeanul-SIPI-Arges-care-a-dat-comanda-sa-fie-asasinat-Directorul-Ratea.-S\u0103-se-\u00eenchine-s\u0103-nu-i-vin\u0103-retur.png\"><img loading=\"lazy\" decoding=\"async\" class=\" wp-image-5118\" src=\"http:\/\/www.editiespecialapress.ro\/wp\/wp-content\/uploads\/2017\/11\/Militeanul-SIPI-Arges-care-a-dat-comanda-sa-fie-asasinat-Directorul-Ratea.-S\u0103-se-\u00eenchine-s\u0103-nu-i-vin\u0103-retur-330x300.png\" alt=\"\" width=\"250\" height=\"228\" \/><\/a><figcaption id=\"caption-attachment-5118\" class=\"wp-caption-text\">Militeanul SIPI-Arges care a dat comanda sa fie asasinat Directorul Ratea. S\u0103 se \u00eenchine s\u0103 nu-i vin\u0103 retur!<\/figcaption><\/figure>\n<p>Ratea a formulat pl\u00e2ngere penal\u0103 la\u00a0 Parchetul de pe l\u00e2ng\u0103 Tribunalul Arge\u0219, unde a fost chemat la audieri de procurorul complice Arsenie C\u0103t\u0103lin. Directorul Ratea la \u00eentrebat pe procurorul Arsenie C\u0103t\u0103lin: \u201ea-\u021bi solicitat \u00eenregistr\u0103rile video de la S.C. Publitrans 2000 S.A\u201d. El a r\u0103spuns: \u201enu\u201d, Ratea i-a spus: \u201ee a doua oar\u0103 c\u00e2nd \u00eemi l\u0103sa\u021bi \u00eenregistr\u0103rile (probele) s\u0103 se \u0219tearg\u0103. Directorul Ratea l-a pus s\u0103 solicite directorului tehnic G\u0103v\u0103nescu Aurelian, \u00eenregistr\u0103rile video \u00eentruc\u00e2t el a mers la director s\u0103 fac\u0103 copii \u0219i s\u0103 le p\u0103streze p\u00e2n\u0103 le solicit\u0103 procurorul. Procurorul Arsenie nu solicit\u0103 \u00een termen util de 30 de zile \u00eenregistr\u0103rile video, el las\u0103 s\u0103 se \u0219tearg\u0103 \u0219i dup\u0103 aceea d\u0103 din umeri c\u0103 nu mai poate solicita probele \u00eentruc\u00e2t s-au \u0219ters. A\u0219a r\u0103m\u00e2n victimele f\u0103r\u0103 probe \u0219i favorizeaz\u0103 infractorii. A depus la dosar \u0219i directorul Ratea o \u00eenregistrare audio \u00eentre el \u0219i Anghel Roland, a solicitat \u0219i procurorul Arsenie \u00eenregistr\u0103rile video la care a stabilit c\u0103 directorul Ratea se afla \u00een sta\u021bia de autobuz \u0219i nu pe trotuar.<\/p>\n<p>Cit\u0103m din Ordonan\u021ba nr. 840\/P\/2017:<\/p>\n<p>\u201e<em>Verific\u00e2nd camera de supraveghere montat\u0103 pe mijlocul de transport AG-12-REZ, se constat\u0103 c\u0103 cel care a provocat starea de pericol este chiar persoana v\u0103t\u0103mat\u0103, care a\u0219tepta autobuzul la mijlocul alveolei destinate sta\u021bion\u0103rii mijloacelor de transport \u00een comun, retr\u0103g\u00e2ndu-se \u00eenspre trotuar, dar f\u0103r\u0103 a se urca pe acesta, progresiv, o dat\u0103 cu apropierea autobuzului AG-12-REZ. Nici din vizionarea celorlalte \u00eenregistr\u0103ri, nu au rezultat indicii care s\u0103 sus\u021bin\u0103 aspectele sesizate de numitul Iulian Ratea. Fa\u021b\u0103 de cele ce preced, apreciem c\u0103 \u00een cauz\u0103 nu exist\u0103 indicii cu privire la s\u0103v\u00e2r\u0219irea infrac\u021biunilor de tentativ\u0103 de omor \u0219i lipsire de libertate \u00eentruc\u00e2t faptele nu exist\u0103. Dispun: clasarea cauzei pentru s\u0103v\u00e2r\u0219irea infrac\u021biunilor de tentativ\u0103 de omor \u0219i lipsire de libertate \u00eentruc\u00e2t fapta nu exist\u0103\u201d.<\/em><\/p>\n<figure id=\"attachment_5114\" aria-describedby=\"caption-attachment-5114\" style=\"width: 250px\" class=\"wp-caption alignright\"><a href=\"http:\/\/www.editiespecialapress.ro\/wp\/wp-content\/uploads\/2017\/11\/Directorul-general-Rotaru-Manuel-Vasile-complice-la-tentativa-de-asasinare-tovar\u0103\u0219-cu-Arsenie.png\"><img loading=\"lazy\" decoding=\"async\" class=\" wp-image-5114\" src=\"http:\/\/www.editiespecialapress.ro\/wp\/wp-content\/uploads\/2017\/11\/Directorul-general-Rotaru-Manuel-Vasile-complice-la-tentativa-de-asasinare-tovar\u0103\u0219-cu-Arsenie-327x300.png\" alt=\"\" width=\"250\" height=\"230\" \/><\/a><figcaption id=\"caption-attachment-5114\" class=\"wp-caption-text\">Directorul general Rotaru Manuel Vasile &#8211; complice la tentativa de asasinare, tovar\u0103\u0219 cu Arsenie<\/figcaption><\/figure>\n<p>Acest corupt asasin de procuror a sunat \u00een timpul audierii directorului Ratea pe directorul general Rotaru Manuel Vasile al S.C. Publitrans 2000 S.A. Pite\u0219ti pentru a-i solicita \u00eenregistr\u0103rile video. C\u00e2nd l-a sunat, i-a spus: \u201esunt C\u0103t\u0103lin, vreau \u0219i eu \u00eenregistr\u0103rile din data de &#8230;.\u201d, el i-a r\u0103spuns: \u201enu mai am nimic, s-au \u0219ters\u201d &#8211; era totul aranjat \u00eentre ei. A r\u0103mas s\u0103 se vad\u0103 \u0219i s\u0103-i dea darul lui C\u0103t\u0103lin, procuror corupt. Era obligat nevoie mare s\u0103-l ajute pe infractor \u0219i societatea, aveau de plat\u0103 euro mul\u021bi daune morale. Oricum C\u0103t\u0103lin procurorul lucreaz\u0103 cu cei de la S.I.P.I. numai dosare la comand\u0103 \u0219i a lucrat cu ei de prin 2010. C\u00e2nd i-a spus directorul Ratea c\u0103 sunt implica\u021bi ofi\u021berii de la S.I.P.I., el a spus: \u201enu mai vorbi\u021bi de ei, nu vreau s\u0103 aud din astea\u201d. Cum poate acest jeg de procuror, curv\u0103 masculin\u0103, s\u0103 mint\u0103 \u00een a\u0219a hal cu probele la dosar clare care arat\u0103 c\u0103 directorul Ratea era \u00een partea st\u00e2ng\u0103 la intrarea \u00een sta\u021bie \u0219i spre trotuar, asasinul Roland putea intra \u00een sta\u021bie pe circa 48 de m lungime. Totul se vedea \u00een \u00eenregistrarea video dac\u0103 nu au falsificat-o. Oricum ar da-o se las\u0103 cu p\u00e2rnaie. Prostul p\u0103m\u00e2ntului C\u0103t\u0103lin, mai spune c\u0103 nu a urcat pe trotuar, minte ca un gay. C\u00e2t de criminal s\u0103 fi s\u0103 favorizezi ditamai asasinul \u0219i pe cei care l-au pus s\u0103-l asasineze pe directorul Ratea, numai coate goale de Arsenie C\u0103t\u0103lin putea face asta, e sclavul ofi\u021berilor S.I.P.I., credem c\u0103 le face \u0219i sex oral c\u00e2nd e pe \u021bambal.<\/p>\n<figure id=\"attachment_5115\" aria-describedby=\"caption-attachment-5115\" style=\"width: 250px\" class=\"wp-caption alignleft\"><a href=\"http:\/\/www.editiespecialapress.ro\/wp\/wp-content\/uploads\/2017\/11\/Florea-Constantin-monstrul-R\u0103te\u0219tiului.png\"><img loading=\"lazy\" decoding=\"async\" class=\" wp-image-5115\" src=\"http:\/\/www.editiespecialapress.ro\/wp\/wp-content\/uploads\/2017\/11\/Florea-Constantin-monstrul-R\u0103te\u0219tiului-309x300.png\" alt=\"\" width=\"250\" height=\"243\" \/><\/a><figcaption id=\"caption-attachment-5115\" class=\"wp-caption-text\">Florea Constantin &#8211; monstrul R\u0103te\u0219tiului<\/figcaption><\/figure>\n<p>Va fi cercetat oricum, sunt monitoriza\u021bi bine de tot to\u021bi, la momentul potrivit \u0219i la procurorul potrivit se vor da toate probele. Vai mama lor ce vor p\u0103\u021bi. Expertiza tehnic\u0103 judiciar\u0103 nici nu a pomenit de ea s\u0103 dispun\u0103 \u00een cauz\u0103. Agentul Florin Ormeri\u0219an de la serviciul criminal din cadrul Mili\u021biei Pite\u0219ti tot a\u0219a procedeaz\u0103 ca \u0219i C\u0103t\u0103lin procuratorul vede cu ochiul liber infrac\u021biuni \u00een \u00eenregistr\u0103rile video \u0219i \u00een referatele de propunere pentru clasarea cauzelor scrie cu totul altceva, acuz\u0103 victimele c\u0103 sunt de vin\u0103. \u00ce\u0219i trage mii de euro pe cap de infractor, s-a \u00eembog\u0103\u021bit ilicit de la prima zi de angajare \u00een mili\u021bie \u0219i p\u00e2n\u0103 \u00een prezent, a agonisit milioane de euro jegul, se l\u0103uda la directorul Ratea c\u0103 are cumnat \u00een D.G.I.P.I. Bucure\u0219ti \u0219i nu are ce s\u0103 \u00eei fac\u0103 nimeni. \u00cenghite \u0219paga precum curcanul boabele. Acest muc de Floric\u0103 Ormeri\u015fan i-a cerut monstrului de la R\u0103te\u0219ti Arge\u0219, Florea Constantin, suma de 500 de euro pentru a-l sc\u0103pa de o tentativ\u0103 de t\u00e2lh\u0103rie. Tentativa reie\u0219ea din \u00eenregistr\u0103rile video. Au venit mul\u021bi b\u0103ie\u021bi la noi \u0219i ne-au spus c\u0103 Floric\u0103 Ormeri\u015fan \u00eenghite \u0219pag\u0103 c\u00e2t cuprinde, numai s\u0103 ai s\u0103-i dai, p\u00e2n\u0103 \u00eei vom trimite noi odat\u0103 s\u0103-i dea s\u0103-l lecuim. Mucul de Ormeri\u015fan se poart\u0103 la mod\u0103 de zici c\u0103 e Inspectorul \u0218ef al IPJ Arge\u0219, dar el e un retard abuziv corupt plin de limbrici.<\/p>\n<figure id=\"attachment_5117\" aria-describedby=\"caption-attachment-5117\" style=\"width: 250px\" class=\"wp-caption alignright\"><a href=\"http:\/\/www.editiespecialapress.ro\/wp\/wp-content\/uploads\/2017\/11\/Inspectorul-muc-Drago\u0219-Tudor-\u00eenghite-euro-ca-maimu\u021ba-bananele.png\"><img loading=\"lazy\" decoding=\"async\" class=\" wp-image-5117\" src=\"http:\/\/www.editiespecialapress.ro\/wp\/wp-content\/uploads\/2017\/11\/Inspectorul-muc-Drago\u0219-Tudor-\u00eenghite-euro-ca-maimu\u021ba-bananele-338x300.png\" alt=\"\" width=\"250\" height=\"223\" \/><\/a><figcaption id=\"caption-attachment-5117\" class=\"wp-caption-text\">Inspectorul muc Drago\u0219 Tudor \u00eenghite euro ca maimu\u021ba bananele<\/figcaption><\/figure>\n<p>Inspectorul Drago\u0219 Tudor de la sec\u021bia de mili\u021bie Albota Arge\u0219 ia \u0219p\u0103gi numai de la func\u021bionari publici precum Cojocaru Petric\u0103 directorul ANAF Arge\u0219. Directorul Ratea i-a f\u0103cut o pl\u00e2ngere penal\u0103 lui Petric\u0103 \u0219i a fost cercetat de psihicul inspector Tudor Drago\u0219, la care s-a l\u0103sat cu o clasare a cauzei. Petric\u0103 Cojocaru s-a l\u0103udat pe la prieteni (e \u0219i interceptat de DNA) c\u0103 el are prieteni colonei \u0219i \u00eei rezolv\u0103 orice dosar penal \u00een schimbul unor sume mari de euro. D\u0103 Petric\u0103 Cojocaru euro la greu s\u0103 scape de dosarele penale. La DNA nu credem c\u0103 v-a sc\u0103pa, va trage pentru tot ceea ce a furat \u0219i pentru \u0219p\u0103gile pe care le-a \u00eencasat. P\u0103cate &#8211; am\u0103r\u00e2te de inspector Tudor Drago\u0219 nu i-a mai dat telefonul directorului Ratea c\u00e2nd a mers la o audiere, i-a umblat porcul \u00een telefon cu al\u021bi mili\u021bieni, dup\u0103 circa 5 zile a putut directorul Ratea s\u0103-\u0219i recupereze telefonul de la infractorii mili\u021biei Albota. Vor fi cerceta\u021bi \u0219i vor fi sc\u0103pa\u021bi de procurorul ciubucar C\u0103t\u0103lin Arsenie, zdrean\u021ba procuraturii Arge\u0219ene. Arsenie C\u0103t\u0103lin, jegul procuraturii a interceptat cu cei de la S.I.P.I. doi ani de zile la negru p\u00e2n\u0103 le-au venit sutele de mii de euro \u0219pag\u0103, a format dosarul \u0219i a trecut la arest\u0103ri \u00een mas\u0103. Mai e pu\u021bin p\u00e2n\u0103 vor fi audia\u021bi la Parchetul General.<\/p>\n<p><em>Articol\u00a0 de Marin Ciobanu <\/em><\/p>\n","protected":false},"excerpt":{"rendered":"<p>Asasinare e\u0219uat\u0103 \u00eempotriva directorului Iulian Ratea, f\u0103ptuitorii favoriza\u021bi de procurorul C\u0103t\u0103lin Arsenie de la Parchetul Tribunalului Arge\u0219, f\u0103ptuitori favoriza\u021bi de agentul Ormeri\u0219an Florin mili\u021bia Pite\u0219ti, f\u0103ptuitori favoriza\u021bi de inspectorul Drago\u0219 Tudor de la sec\u021bia de mili\u021bie Albota, jud. Arge\u0219 Dragii no\u0219tri cititori, continu\u0103m \u00een aceast\u0103 edi\u021bie cu cei mai mari infractori ai Parchetului de pe [&hellip;]<\/p>\n","protected":false},"author":2,"featured_media":5116,"comment_status":"closed","ping_status":"open","sticky":false,"template":"","format":"standard","meta":{"footnotes":""},"categories":[2],"tags":[679,680,681,406,682,683,684],"class_list":{"0":"post-5111","1":"post","2":"type-post","3":"status-publish","4":"format-standard","5":"has-post-thumbnail","7":"category-ancheta","8":"tag-anghel-roland","9":"tag-asasinare","10":"tag-dragos-tudor","11":"tag-florea-constantin","12":"tag-iulian-ratea","13":"tag-ormerisan-florin","14":"tag-rotaru-manuel-vasile"},"_links":{"self":[{"href":"https:\/\/www.editiespecialapress.ro\/newtest\/wp-json\/wp\/v2\/posts\/5111","targetHints":{"allow":["GET"]}}],"collection":[{"href":"https:\/\/www.editiespecialapress.ro\/newtest\/wp-json\/wp\/v2\/posts"}],"about":[{"href":"https:\/\/www.editiespecialapress.ro\/newtest\/wp-json\/wp\/v2\/types\/post"}],"author":[{"embeddable":true,"href":"https:\/\/www.editiespecialapress.ro\/newtest\/wp-json\/wp\/v2\/users\/2"}],"replies":[{"embeddable":true,"href":"https:\/\/www.editiespecialapress.ro\/newtest\/wp-json\/wp\/v2\/comments?post=5111"}],"version-history":[{"count":0,"href":"https:\/\/www.editiespecialapress.ro\/newtest\/wp-json\/wp\/v2\/posts\/5111\/revisions"}],"wp:featuredmedia":[{"embeddable":true,"href":"https:\/\/www.editiespecialapress.ro\/newtest\/wp-json\/"}],"wp:attachment":[{"href":"https:\/\/www.editiespecialapress.ro\/newtest\/wp-json\/wp\/v2\/media?parent=5111"}],"wp:term":[{"taxonomy":"category","embeddable":true,"href":"https:\/\/www.editiespecialapress.ro\/newtest\/wp-json\/wp\/v2\/categories?post=5111"},{"taxonomy":"post_tag","embeddable":true,"href":"https:\/\/www.editiespecialapress.ro\/newtest\/wp-json\/wp\/v2\/tags?post=5111"}],"curies":[{"name":"wp","href":"https:\/\/api.w.org\/{rel}","templated":true}]}}