{"id":5185,"date":"2017-12-19T08:07:21","date_gmt":"2017-12-19T05:07:21","guid":{"rendered":"http:\/\/www.editiespecialapress.ro\/?p=5185"},"modified":"2017-12-19T08:07:21","modified_gmt":"2017-12-19T05:07:21","slug":"craciun-fericit-primaria-poiana-lacului-2","status":"publish","type":"post","link":"https:\/\/www.editiespecialapress.ro\/newtest\/2017\/12\/19\/craciun-fericit-primaria-poiana-lacului-2\/","title":{"rendered":"Cr\u0103ciun Fericit! &#8211; Prim\u0103ria Poiana Lacului"},"content":{"rendered":"<p>Cu mult drag ne g\u00e2ndim la voi, acum \u00een preajma s\u0103rb\u0103torilor. V\u0103 dorim din tot sufletul, S\u0102RB\u0102TORI FERICITE, toate dorin\u0163ele s\u0103 vi se \u00eemplineasc\u0103! Fie ca via\u0163a dumneavoastr\u0103 s\u0103 fie colorat\u0103 si vesel\u0103 asemenea unui\u2026 brad de Cr\u0103ciun! Frumuse\u0163ea iernii, cu dulcele ecou al colindelor \u015fi cu imaginea celor dragi \u00een suflet s\u0103 v\u0103 aduc\u0103 \u00eemplinire, iubire \u015fi fericire.<\/p>\n<p><em><strong>\u00a0\u00a0\u00a0\u00a0\u00a0\u00a0\u00a0\u00a0\u00a0\u00a0\u00a0\u00a0\u00a0\u00a0\u00a0\u00a0\u00a0\u00a0\u00a0\u00a0\u00a0\u00a0\u00a0\u00a0\u00a0\u00a0\u00a0\u00a0\u00a0\u00a0\u00a0\u00a0\u00a0\u00a0\u00a0\u00a0\u00a0\u00a0\u00a0\u00a0\u00a0\u00a0\u00a0\u00a0\u00a0\u00a0\u00a0\u00a0\u00a0\u00a0\u00a0\u00a0\u00a0\u00a0\u00a0\u00a0\u00a0\u00a0\u00a0\u00a0\u00a0\u00a0\u00a0\u00a0\u00a0\u00a0\u00a0\u00a0\u00a0\u00a0\u00a0\u00a0\u00a0\u00a0\u00a0\u00a0\u00a0\u00a0\u00a0\u00a0\u00a0\u00a0\u00a0\u00a0\u00a0\u00a0\u00a0\u00a0\u00a0\u00a0\u00a0\u00a0\u00a0\u00a0\u00a0\u00a0\u00a0\u00a0\u00a0\u00a0\u00a0\u00a0\u00a0\u00a0\u00a0\u00a0\u00a0\u00a0\u00a0\u00a0\u00a0\u00a0\u00a0\u00a0\u00a0\u00a0\u00a0\u00a0\u00a0\u00a0\u00a0\u00a0\u00a0\u00a0\u00a0\u00a0\u00a0\u00a0\u00a0\u00a0\u00a0\u00a0\u00a0\u00a0\u00a0\u00a0\u00a0\u00a0\u00a0\u00a0\u00a0\u00a0\u00a0\u00a0\u00a0\u00a0 Cr\u0103ciun Fericit!<\/strong><\/em><\/p>\n<p><em><strong><span id=\"yui_3_16_0_ym19_1_1482136924624_4467\">\u00a0Prim\u0103ria Poiana Lacului AG, <\/span><\/strong><\/em><em><strong><span id=\"yui_3_16_0_ym19_1_1482136924624_4467\">primar Dumitrache Ion,<\/span>\u00a0 <span id=\"yui_3_16_0_ym19_1_1482136924624_4469\">\u00eempreun\u0103 cu angaja\u021bii prim\u0103riei \u0219i consiliul local<\/span><\/strong><\/em><\/p>\n<p>&nbsp;<\/p>\n","protected":false},"excerpt":{"rendered":"<p>Cu mult drag ne g\u00e2ndim la voi, acum \u00een preajma s\u0103rb\u0103torilor. V\u0103 dorim din tot sufletul, S\u0102RB\u0102TORI FERICITE, toate dorin\u0163ele s\u0103 vi se \u00eemplineasc\u0103! Fie ca via\u0163a dumneavoastr\u0103 s\u0103 fie colorat\u0103 si vesel\u0103 asemenea unui\u2026 brad de Cr\u0103ciun! Frumuse\u0163ea iernii, cu dulcele ecou al colindelor \u015fi cu imaginea celor dragi \u00een suflet s\u0103 v\u0103 aduc\u0103 [&hellip;]<\/p>\n","protected":false},"author":2,"featured_media":5179,"comment_status":"closed","ping_status":"open","sticky":false,"template":"","format":"standard","meta":{"footnotes":""},"categories":[4],"tags":[],"class_list":{"0":"post-5185","1":"post","2":"type-post","3":"status-publish","4":"format-standard","5":"has-post-thumbnail","7":"category-felicitari"},"_links":{"self":[{"href":"https:\/\/www.editiespecialapress.ro\/newtest\/wp-json\/wp\/v2\/posts\/5185","targetHints":{"allow":["GET"]}}],"collection":[{"href":"https:\/\/www.editiespecialapress.ro\/newtest\/wp-json\/wp\/v2\/posts"}],"about":[{"href":"https:\/\/www.editiespecialapress.ro\/newtest\/wp-json\/wp\/v2\/types\/post"}],"author":[{"embeddable":true,"href":"https:\/\/www.editiespecialapress.ro\/newtest\/wp-json\/wp\/v2\/users\/2"}],"replies":[{"embeddable":true,"href":"https:\/\/www.editiespecialapress.ro\/newtest\/wp-json\/wp\/v2\/comments?post=5185"}],"version-history":[{"count":0,"href":"https:\/\/www.editiespecialapress.ro\/newtest\/wp-json\/wp\/v2\/posts\/5185\/revisions"}],"wp:featuredmedia":[{"embeddable":true,"href":"https:\/\/www.editiespecialapress.ro\/newtest\/wp-json\/"}],"wp:attachment":[{"href":"https:\/\/www.editiespecialapress.ro\/newtest\/wp-json\/wp\/v2\/media?parent=5185"}],"wp:term":[{"taxonomy":"category","embeddable":true,"href":"https:\/\/www.editiespecialapress.ro\/newtest\/wp-json\/wp\/v2\/categories?post=5185"},{"taxonomy":"post_tag","embeddable":true,"href":"https:\/\/www.editiespecialapress.ro\/newtest\/wp-json\/wp\/v2\/tags?post=5185"}],"curies":[{"name":"wp","href":"https:\/\/api.w.org\/{rel}","templated":true}]}}