{"id":5187,"date":"2017-12-19T08:18:08","date_gmt":"2017-12-19T05:18:08","guid":{"rendered":"http:\/\/www.editiespecialapress.ro\/?p=5187"},"modified":"2017-12-19T08:18:08","modified_gmt":"2017-12-19T05:18:08","slug":"craciun-fericit-editie-speciala-press-2","status":"publish","type":"post","link":"https:\/\/www.editiespecialapress.ro\/newtest\/2017\/12\/19\/craciun-fericit-editie-speciala-press-2\/","title":{"rendered":"Cr\u0103ciun Fericit! &#8211; Edi\u021bie Special\u0103 Press"},"content":{"rendered":"<p>De sfintele S\u0103rb\u0103tori s\u0103 deschidem u\u015fa pentru oaspe\u0163i dragi, \u015fi inima pentru speran\u0163\u0103, bucurie \u015fi lumin\u0103. S\u0103 fim mai buni \u015fi s\u0103 privim \u00eenainte cu \u00eencredere, \u015ftiind c\u0103 dac\u0103 avem credin\u0163\u0103, drumul din fa\u0163a noastr\u0103 va fi pres\u0103rat cu \u00eempliniri. De Cr\u0103ciun, s-ave\u0163i brad \u00eenc\u0103rcat, bogat, pahar \u00eenchinat, vin curat, g\u00e2nd luminos \u015fi multe \u00eempliniri.<\/p>\n<p><em><strong>\u00a0\u00a0\u00a0\u00a0\u00a0\u00a0\u00a0\u00a0\u00a0\u00a0\u00a0\u00a0\u00a0\u00a0\u00a0\u00a0\u00a0\u00a0\u00a0\u00a0\u00a0\u00a0\u00a0\u00a0\u00a0\u00a0\u00a0\u00a0\u00a0\u00a0\u00a0\u00a0\u00a0\u00a0\u00a0\u00a0\u00a0\u00a0\u00a0\u00a0\u00a0\u00a0\u00a0\u00a0\u00a0\u00a0\u00a0\u00a0\u00a0\u00a0\u00a0\u00a0\u00a0\u00a0\u00a0\u00a0\u00a0\u00a0\u00a0\u00a0\u00a0\u00a0\u00a0\u00a0\u00a0\u00a0\u00a0\u00a0\u00a0\u00a0\u00a0\u00a0\u00a0\u00a0\u00a0\u00a0\u00a0\u00a0\u00a0\u00a0\u00a0\u00a0\u00a0\u00a0\u00a0\u00a0\u00a0\u00a0\u00a0\u00a0\u00a0\u00a0\u00a0\u00a0\u00a0\u00a0\u00a0\u00a0\u00a0\u00a0\u00a0\u00a0\u00a0\u00a0\u00a0\u00a0\u00a0\u00a0\u00a0\u00a0\u00a0\u00a0\u00a0\u00a0\u00a0\u00a0\u00a0\u00a0\u00a0\u00a0\u00a0\u00a0\u00a0\u00a0\u00a0\u00a0\u00a0\u00a0\u00a0\u00a0\u00a0\u00a0\u00a0\u00a0\u00a0\u00a0\u00a0\u00a0\u00a0\u00a0\u00a0\u00a0\u00a0\u00a0\u00a0\u00a0 Cr\u0103ciun Fericit!<\/strong><\/em><\/p>\n<p><strong><em>\u00a0\u00a0\u00a0\u00a0\u00a0\u00a0\u00a0\u00a0\u00a0\u00a0\u00a0\u00a0\u00a0\u00a0\u00a0\u00a0\u00a0\u00a0\u00a0\u00a0\u00a0\u00a0\u00a0\u00a0\u00a0\u00a0\u00a0\u00a0\u00a0\u00a0\u00a0\u00a0\u00a0 Edi\u021bie Special\u0103 Press, <\/em><\/strong><em><strong>Director General Iulian Ratea \u00eempreun\u0103 cu \u00eentreaga redac\u021bie<\/strong><\/em><\/p>\n","protected":false},"excerpt":{"rendered":"<p>De sfintele S\u0103rb\u0103tori s\u0103 deschidem u\u015fa pentru oaspe\u0163i dragi, \u015fi inima pentru speran\u0163\u0103, bucurie \u015fi lumin\u0103. S\u0103 fim mai buni \u015fi s\u0103 privim \u00eenainte cu \u00eencredere, \u015ftiind c\u0103 dac\u0103 avem credin\u0163\u0103, drumul din fa\u0163a noastr\u0103 va fi pres\u0103rat cu \u00eempliniri. De Cr\u0103ciun, s-ave\u0163i brad \u00eenc\u0103rcat, bogat, pahar \u00eenchinat, vin curat, g\u00e2nd luminos \u015fi multe \u00eempliniri. [&hellip;]<\/p>\n","protected":false},"author":2,"featured_media":5188,"comment_status":"closed","ping_status":"open","sticky":false,"template":"","format":"standard","meta":{"footnotes":""},"categories":[4],"tags":[],"class_list":{"0":"post-5187","1":"post","2":"type-post","3":"status-publish","4":"format-standard","5":"has-post-thumbnail","7":"category-felicitari"},"_links":{"self":[{"href":"https:\/\/www.editiespecialapress.ro\/newtest\/wp-json\/wp\/v2\/posts\/5187","targetHints":{"allow":["GET"]}}],"collection":[{"href":"https:\/\/www.editiespecialapress.ro\/newtest\/wp-json\/wp\/v2\/posts"}],"about":[{"href":"https:\/\/www.editiespecialapress.ro\/newtest\/wp-json\/wp\/v2\/types\/post"}],"author":[{"embeddable":true,"href":"https:\/\/www.editiespecialapress.ro\/newtest\/wp-json\/wp\/v2\/users\/2"}],"replies":[{"embeddable":true,"href":"https:\/\/www.editiespecialapress.ro\/newtest\/wp-json\/wp\/v2\/comments?post=5187"}],"version-history":[{"count":0,"href":"https:\/\/www.editiespecialapress.ro\/newtest\/wp-json\/wp\/v2\/posts\/5187\/revisions"}],"wp:featuredmedia":[{"embeddable":true,"href":"https:\/\/www.editiespecialapress.ro\/newtest\/wp-json\/"}],"wp:attachment":[{"href":"https:\/\/www.editiespecialapress.ro\/newtest\/wp-json\/wp\/v2\/media?parent=5187"}],"wp:term":[{"taxonomy":"category","embeddable":true,"href":"https:\/\/www.editiespecialapress.ro\/newtest\/wp-json\/wp\/v2\/categories?post=5187"},{"taxonomy":"post_tag","embeddable":true,"href":"https:\/\/www.editiespecialapress.ro\/newtest\/wp-json\/wp\/v2\/tags?post=5187"}],"curies":[{"name":"wp","href":"https:\/\/api.w.org\/{rel}","templated":true}]}}