{"id":5213,"date":"2017-12-28T23:19:18","date_gmt":"2017-12-28T20:19:18","guid":{"rendered":"http:\/\/www.editiespecialapress.ro\/?p=5213"},"modified":"2017-12-28T23:19:18","modified_gmt":"2017-12-28T20:19:18","slug":"la-multi-ani-primaria-rociu","status":"publish","type":"post","link":"https:\/\/www.editiespecialapress.ro\/newtest\/2017\/12\/28\/la-multi-ani-primaria-rociu\/","title":{"rendered":"La Mul\u021bi Ani! &#8211; Prim\u0103ria Rociu"},"content":{"rendered":"<p>E cump\u0103na dintre ani! S\u0103 privim \u00eenapoi cu iertare, \u00eenainte cu speran\u0163\u0103, \u00een jos cu \u00een\u0163elegere \u015fi \u00een sus cu recuno\u015ftin\u0163\u0103! Speran\u0163a s\u0103 v\u0103 deschid\u0103 poarta spre un An Nou plin de bucurii \u015fi \u00eempliniri. Fie ca anul ce vine s\u0103 v\u0103 aduc\u0103 mai multe z\u00e2mbete dec\u00e2t \u00eempotriviri, mai multe reu\u0219ite dec\u00e2t \u00eenfr\u00e2ngeri \u0219i mai multe \u00eempliniri dec\u00e2t v-a\u021bi g\u00e2ndit vreodat\u0103.<\/p>\n<p style=\"text-align: right;\"><em><strong>La mul\u021bi ani!<\/strong><\/em><\/p>\n<p style=\"text-align: right;\"><em><strong>Prim\u0103ria Rociu, AG, primar B\u0103l\u0103\u015foiu Aurel, Consiliul Local \u015fi angaja\u0163ii prim\u0103riei<\/strong><\/em><\/p>\n","protected":false},"excerpt":{"rendered":"<p>E cump\u0103na dintre ani! S\u0103 privim \u00eenapoi cu iertare, \u00eenainte cu speran\u0163\u0103, \u00een jos cu \u00een\u0163elegere \u015fi \u00een sus cu recuno\u015ftin\u0163\u0103! Speran\u0163a s\u0103 v\u0103 deschid\u0103 poarta spre un An Nou plin de bucurii \u015fi \u00eempliniri. Fie ca anul ce vine s\u0103 v\u0103 aduc\u0103 mai multe z\u00e2mbete dec\u00e2t \u00eempotriviri, mai multe reu\u0219ite dec\u00e2t \u00eenfr\u00e2ngeri \u0219i mai [&hellip;]<\/p>\n","protected":false},"author":2,"featured_media":5216,"comment_status":"closed","ping_status":"open","sticky":false,"template":"","format":"standard","meta":{"footnotes":""},"categories":[4],"tags":[],"class_list":{"0":"post-5213","1":"post","2":"type-post","3":"status-publish","4":"format-standard","5":"has-post-thumbnail","7":"category-felicitari"},"_links":{"self":[{"href":"https:\/\/www.editiespecialapress.ro\/newtest\/wp-json\/wp\/v2\/posts\/5213","targetHints":{"allow":["GET"]}}],"collection":[{"href":"https:\/\/www.editiespecialapress.ro\/newtest\/wp-json\/wp\/v2\/posts"}],"about":[{"href":"https:\/\/www.editiespecialapress.ro\/newtest\/wp-json\/wp\/v2\/types\/post"}],"author":[{"embeddable":true,"href":"https:\/\/www.editiespecialapress.ro\/newtest\/wp-json\/wp\/v2\/users\/2"}],"replies":[{"embeddable":true,"href":"https:\/\/www.editiespecialapress.ro\/newtest\/wp-json\/wp\/v2\/comments?post=5213"}],"version-history":[{"count":0,"href":"https:\/\/www.editiespecialapress.ro\/newtest\/wp-json\/wp\/v2\/posts\/5213\/revisions"}],"wp:featuredmedia":[{"embeddable":true,"href":"https:\/\/www.editiespecialapress.ro\/newtest\/wp-json\/"}],"wp:attachment":[{"href":"https:\/\/www.editiespecialapress.ro\/newtest\/wp-json\/wp\/v2\/media?parent=5213"}],"wp:term":[{"taxonomy":"category","embeddable":true,"href":"https:\/\/www.editiespecialapress.ro\/newtest\/wp-json\/wp\/v2\/categories?post=5213"},{"taxonomy":"post_tag","embeddable":true,"href":"https:\/\/www.editiespecialapress.ro\/newtest\/wp-json\/wp\/v2\/tags?post=5213"}],"curies":[{"name":"wp","href":"https:\/\/api.w.org\/{rel}","templated":true}]}}