{"id":5224,"date":"2017-12-29T22:00:39","date_gmt":"2017-12-29T19:00:39","guid":{"rendered":"http:\/\/www.editiespecialapress.ro\/?p=5224"},"modified":"2017-12-29T22:00:39","modified_gmt":"2017-12-29T19:00:39","slug":"la-multi-ani-primaria-poiana-lacului-2","status":"publish","type":"post","link":"https:\/\/www.editiespecialapress.ro\/newtest\/2017\/12\/29\/la-multi-ani-primaria-poiana-lacului-2\/","title":{"rendered":"La Mul\u021bi Ani! &#8211; Prim\u0103ria Poiana Lacului"},"content":{"rendered":"<p>Bucuria \u015fi lini\u015ftea aduse de sfintele s\u0103rbatori s\u0103 v\u0103 \u00eenso\u0163easc\u0103 pe tot parcursul anului ce va urma. Fie ca toate visele pe care le f\u0103uri\u0163i \u00een aceste zile magice s\u0103 se \u00eemplinesc\u0103 \u015fi drumul str\u0103b\u0103tut pentru realizarea lor s\u0103 v\u0103 aduc\u0103 bucurie \u00een inimi, iar \u00een case fericire \u015fi bel\u015fug. La mul\u0163i ani!<\/p>\n<p style=\"text-align: right;\"><em><strong>Prim\u0103ria Poiana Lacului &#8211; AG, <\/strong><\/em><\/p>\n<p style=\"text-align: right;\"><em><strong>Primar Dumitrache Ion, angaja\u021bii prim\u0103riei \u0219i Consiliul Local<\/strong><\/em><\/p>\n","protected":false},"excerpt":{"rendered":"<p>Bucuria \u015fi lini\u015ftea aduse de sfintele s\u0103rbatori s\u0103 v\u0103 \u00eenso\u0163easc\u0103 pe tot parcursul anului ce va urma. Fie ca toate visele pe care le f\u0103uri\u0163i \u00een aceste zile magice s\u0103 se \u00eemplinesc\u0103 \u015fi drumul str\u0103b\u0103tut pentru realizarea lor s\u0103 v\u0103 aduc\u0103 bucurie \u00een inimi, iar \u00een case fericire \u015fi bel\u015fug. La mul\u0163i ani! Prim\u0103ria Poiana [&hellip;]<\/p>\n","protected":false},"author":2,"featured_media":5226,"comment_status":"closed","ping_status":"open","sticky":false,"template":"","format":"standard","meta":{"footnotes":""},"categories":[4],"tags":[],"class_list":{"0":"post-5224","1":"post","2":"type-post","3":"status-publish","4":"format-standard","5":"has-post-thumbnail","7":"category-felicitari"},"_links":{"self":[{"href":"https:\/\/www.editiespecialapress.ro\/newtest\/wp-json\/wp\/v2\/posts\/5224","targetHints":{"allow":["GET"]}}],"collection":[{"href":"https:\/\/www.editiespecialapress.ro\/newtest\/wp-json\/wp\/v2\/posts"}],"about":[{"href":"https:\/\/www.editiespecialapress.ro\/newtest\/wp-json\/wp\/v2\/types\/post"}],"author":[{"embeddable":true,"href":"https:\/\/www.editiespecialapress.ro\/newtest\/wp-json\/wp\/v2\/users\/2"}],"replies":[{"embeddable":true,"href":"https:\/\/www.editiespecialapress.ro\/newtest\/wp-json\/wp\/v2\/comments?post=5224"}],"version-history":[{"count":0,"href":"https:\/\/www.editiespecialapress.ro\/newtest\/wp-json\/wp\/v2\/posts\/5224\/revisions"}],"wp:featuredmedia":[{"embeddable":true,"href":"https:\/\/www.editiespecialapress.ro\/newtest\/wp-json\/"}],"wp:attachment":[{"href":"https:\/\/www.editiespecialapress.ro\/newtest\/wp-json\/wp\/v2\/media?parent=5224"}],"wp:term":[{"taxonomy":"category","embeddable":true,"href":"https:\/\/www.editiespecialapress.ro\/newtest\/wp-json\/wp\/v2\/categories?post=5224"},{"taxonomy":"post_tag","embeddable":true,"href":"https:\/\/www.editiespecialapress.ro\/newtest\/wp-json\/wp\/v2\/tags?post=5224"}],"curies":[{"name":"wp","href":"https:\/\/api.w.org\/{rel}","templated":true}]}}