{"id":5229,"date":"2018-01-04T09:43:53","date_gmt":"2018-01-04T06:43:53","guid":{"rendered":"http:\/\/www.editiespecialapress.ro\/?p=5229"},"modified":"2018-01-04T09:43:53","modified_gmt":"2018-01-04T06:43:53","slug":"la-multi-ani-de-sfantul-ioan-primaria-poiana-lacului","status":"publish","type":"post","link":"https:\/\/www.editiespecialapress.ro\/newtest\/2018\/01\/04\/la-multi-ani-de-sfantul-ioan-primaria-poiana-lacului\/","title":{"rendered":"La mul\u021bi ani de Sf\u00e2ntul Ioan! &#8211; Prim\u0103ria Poiana Lacului"},"content":{"rendered":"<p>Cu ocazia zilei de Sf\u00e2ntul Ioan, v\u0103 dorim s\u0103 ave\u021bi parte de toat\u0103 bun\u0103tatea vie\u021bii, de fericire \u0219i de \u00eempliniri. Fie ca toate \u00eent\u00e2mpl\u0103rile frumoase, s\u0103n\u0103tatea \u0219i spiritul acestei zile s\u0103 v\u0103 \u00eenso\u021beasc\u0103 pretutindeni. V\u0103 dorim o zi de Sf. Ioan c\u00e2t mai frumoas\u0103! La mul\u021bi ani!<\/p>\n<p style=\"text-align: right;\"><em><strong>Prim\u0103ria Poiana Lacului &#8211; AG, <\/strong><\/em><\/p>\n<p style=\"text-align: right;\"><em><strong>Primar Dumitrache Ion, angaja\u021bii prim\u0103riei \u0219i Consiliul Local<\/strong><\/em><\/p>\n","protected":false},"excerpt":{"rendered":"<p>Cu ocazia zilei de Sf\u00e2ntul Ioan, v\u0103 dorim s\u0103 ave\u021bi parte de toat\u0103 bun\u0103tatea vie\u021bii, de fericire \u0219i de \u00eempliniri. Fie ca toate \u00eent\u00e2mpl\u0103rile frumoase, s\u0103n\u0103tatea \u0219i spiritul acestei zile s\u0103 v\u0103 \u00eenso\u021beasc\u0103 pretutindeni. V\u0103 dorim o zi de Sf. Ioan c\u00e2t mai frumoas\u0103! La mul\u021bi ani! Prim\u0103ria Poiana Lacului &#8211; AG, Primar Dumitrache Ion, [&hellip;]<\/p>\n","protected":false},"author":2,"featured_media":5231,"comment_status":"closed","ping_status":"open","sticky":false,"template":"","format":"standard","meta":{"footnotes":""},"categories":[4],"tags":[],"class_list":{"0":"post-5229","1":"post","2":"type-post","3":"status-publish","4":"format-standard","5":"has-post-thumbnail","7":"category-felicitari"},"_links":{"self":[{"href":"https:\/\/www.editiespecialapress.ro\/newtest\/wp-json\/wp\/v2\/posts\/5229","targetHints":{"allow":["GET"]}}],"collection":[{"href":"https:\/\/www.editiespecialapress.ro\/newtest\/wp-json\/wp\/v2\/posts"}],"about":[{"href":"https:\/\/www.editiespecialapress.ro\/newtest\/wp-json\/wp\/v2\/types\/post"}],"author":[{"embeddable":true,"href":"https:\/\/www.editiespecialapress.ro\/newtest\/wp-json\/wp\/v2\/users\/2"}],"replies":[{"embeddable":true,"href":"https:\/\/www.editiespecialapress.ro\/newtest\/wp-json\/wp\/v2\/comments?post=5229"}],"version-history":[{"count":0,"href":"https:\/\/www.editiespecialapress.ro\/newtest\/wp-json\/wp\/v2\/posts\/5229\/revisions"}],"wp:featuredmedia":[{"embeddable":true,"href":"https:\/\/www.editiespecialapress.ro\/newtest\/wp-json\/"}],"wp:attachment":[{"href":"https:\/\/www.editiespecialapress.ro\/newtest\/wp-json\/wp\/v2\/media?parent=5229"}],"wp:term":[{"taxonomy":"category","embeddable":true,"href":"https:\/\/www.editiespecialapress.ro\/newtest\/wp-json\/wp\/v2\/categories?post=5229"},{"taxonomy":"post_tag","embeddable":true,"href":"https:\/\/www.editiespecialapress.ro\/newtest\/wp-json\/wp\/v2\/tags?post=5229"}],"curies":[{"name":"wp","href":"https:\/\/api.w.org\/{rel}","templated":true}]}}