{"id":5236,"date":"2018-01-05T11:37:21","date_gmt":"2018-01-05T08:37:21","guid":{"rendered":"http:\/\/www.editiespecialapress.ro\/?p=5236"},"modified":"2018-01-05T11:37:21","modified_gmt":"2018-01-05T08:37:21","slug":"la-multi-ani-de-sfantul-ioan-editie-speciala-press","status":"publish","type":"post","link":"https:\/\/www.editiespecialapress.ro\/newtest\/2018\/01\/05\/la-multi-ani-de-sfantul-ioan-editie-speciala-press\/","title":{"rendered":"La mul\u021bi ani de Sf\u00e2ntul Ioan! &#8211; Edi\u021bie Special\u0103 Press"},"content":{"rendered":"<p>Cu ocazia s\u0103rb\u0103toririi numelui, primi\u0163i un c\u0103lduros LA MUL\u0162I ANI, mult\u0103 s\u0103n\u0103tate, multe realiz\u0103ri \u015fi tot ce v\u0103 dori\u0163i l\u00e2ng\u0103 cei dragi! S\u0103 v\u0103 dea Domnul s\u0103n\u0103tate, judecat\u0103 \u00een\u021beleapt\u0103 \u0219i via\u021b\u0103 lung\u0103 p\u0103m\u00e2nteasc\u0103. Sf\u00e2ntul al c\u0103rui nume \u00eel purta\u021bi s\u0103 v\u0103 ocroteasc\u0103 \u00een fiecare zi.<\/p>\n<p style=\"text-align: right;\"><em><strong><span lang=\"RO\">Edi\u021bie Special\u0103 Press,<br \/>\nDirector Iulian Ratea cu toat\u0103 redac\u021bia<\/span><\/strong><\/em><\/p>\n","protected":false},"excerpt":{"rendered":"<p>Cu ocazia s\u0103rb\u0103toririi numelui, primi\u0163i un c\u0103lduros LA MUL\u0162I ANI, mult\u0103 s\u0103n\u0103tate, multe realiz\u0103ri \u015fi tot ce v\u0103 dori\u0163i l\u00e2ng\u0103 cei dragi! S\u0103 v\u0103 dea Domnul s\u0103n\u0103tate, judecat\u0103 \u00een\u021beleapt\u0103 \u0219i via\u021b\u0103 lung\u0103 p\u0103m\u00e2nteasc\u0103. Sf\u00e2ntul al c\u0103rui nume \u00eel purta\u021bi s\u0103 v\u0103 ocroteasc\u0103 \u00een fiecare zi. Edi\u021bie Special\u0103 Press, Director Iulian Ratea cu toat\u0103 redac\u021bia<\/p>\n","protected":false},"author":2,"featured_media":5230,"comment_status":"closed","ping_status":"open","sticky":false,"template":"","format":"standard","meta":{"footnotes":""},"categories":[4],"tags":[],"class_list":{"0":"post-5236","1":"post","2":"type-post","3":"status-publish","4":"format-standard","5":"has-post-thumbnail","7":"category-felicitari"},"_links":{"self":[{"href":"https:\/\/www.editiespecialapress.ro\/newtest\/wp-json\/wp\/v2\/posts\/5236","targetHints":{"allow":["GET"]}}],"collection":[{"href":"https:\/\/www.editiespecialapress.ro\/newtest\/wp-json\/wp\/v2\/posts"}],"about":[{"href":"https:\/\/www.editiespecialapress.ro\/newtest\/wp-json\/wp\/v2\/types\/post"}],"author":[{"embeddable":true,"href":"https:\/\/www.editiespecialapress.ro\/newtest\/wp-json\/wp\/v2\/users\/2"}],"replies":[{"embeddable":true,"href":"https:\/\/www.editiespecialapress.ro\/newtest\/wp-json\/wp\/v2\/comments?post=5236"}],"version-history":[{"count":0,"href":"https:\/\/www.editiespecialapress.ro\/newtest\/wp-json\/wp\/v2\/posts\/5236\/revisions"}],"wp:featuredmedia":[{"embeddable":true,"href":"https:\/\/www.editiespecialapress.ro\/newtest\/wp-json\/"}],"wp:attachment":[{"href":"https:\/\/www.editiespecialapress.ro\/newtest\/wp-json\/wp\/v2\/media?parent=5236"}],"wp:term":[{"taxonomy":"category","embeddable":true,"href":"https:\/\/www.editiespecialapress.ro\/newtest\/wp-json\/wp\/v2\/categories?post=5236"},{"taxonomy":"post_tag","embeddable":true,"href":"https:\/\/www.editiespecialapress.ro\/newtest\/wp-json\/wp\/v2\/tags?post=5236"}],"curies":[{"name":"wp","href":"https:\/\/api.w.org\/{rel}","templated":true}]}}