{"id":5250,"date":"2018-01-05T11:07:22","date_gmt":"2018-01-05T08:07:22","guid":{"rendered":"http:\/\/www.editiespecialapress.ro\/?p=5250"},"modified":"2018-01-05T11:07:22","modified_gmt":"2018-01-05T08:07:22","slug":"la-multi-ani-de-sfantul-ioan-primaria-teiu","status":"publish","type":"post","link":"https:\/\/www.editiespecialapress.ro\/newtest\/2018\/01\/05\/la-multi-ani-de-sfantul-ioan-primaria-teiu\/","title":{"rendered":"La mul\u021bi ani de Sf\u00e2ntul Ioan! &#8211; Prim\u0103ria Teiu"},"content":{"rendered":"<div id=\"content\">\n<div id=\"post-4920\" class=\"single-post post-4920 post type-post status-publish format-standard has-post-thumbnail hentry category-felicitari\">\n<div class=\"post-entry\">\n<p>Fie ca Sf\u00e2ntul Ioan s\u0103 decoreze fiecare raz\u0103 de soare care ajunge la voi cu succes, fericire si prosperitate. \u00centocmai ca Sf\u00e2ntul Ioan al c\u0103rei nume \u00eel purta\u021bi, \u00eenv\u0103\u021ba\u021bi s\u0103 ierta\u021bi, sa fi\u021bi mai buni \u0219i mai \u00een\u021belepti. Fie ca toate \u00eemplinirile frumoase, s\u0103n\u0103tatea \u015fi spiritul acestei zile s\u0103 v\u0103 \u00eenso\u0163easc\u0103 pretutindeni. V\u0103 dorim o zi de Sf. Ioan c\u00e2t mai frumoas\u0103!<\/p>\n<p><strong>\u00a0 \u00a0 \u00a0 \u00a0 \u00a0 \u00a0 \u00a0 \u00a0 \u00a0 \u00a0 \u00a0 \u00a0 \u00a0 \u00a0 \u00a0 \u00a0 \u00a0 \u00a0 \u00a0 \u00a0 \u00a0 \u00a0 \u00a0 \u00a0 \u00a0 \u00a0 \u00a0 \u00a0 \u00a0 \u00a0 \u00a0 \u00a0 \u00a0 \u00a0 \u00a0 \u00a0 \u00a0 \u00a0 \u00a0 \u00a0 \u00a0 \u00a0 \u00a0 \u00a0 \u00a0 \u00a0 \u00a0 \u00a0 \u00a0 \u00a0 \u00a0 \u00a0 \u00a0 \u00a0 \u00a0 \u00a0 \u00a0 \u00a0 \u00a0 \u00a0 \u00a0 \u00a0 \u00a0 \u00a0 \u00a0 \u00a0 \u00a0 \u00a0 \u00a0 \u00a0 Prim\u0103ria Teiu (AG),<\/strong><\/p>\n<p><strong>\u00a0 \u00a0 \u00a0 \u00a0 \u00a0 \u00a0 \u00a0 \u00a0 \u00a0 \u00a0 \u00a0 \u00a0 \u00a0 \u00a0 \u00a0 \u00a0 \u00a0 \u00a0 \u00a0 \u00a0 \u00a0 \u00a0 \u00a0 \u00a0 \u00a0 \u00a0Primar Dumitru Florin \u00eempreun\u0103 cu angaja\u021bii prim\u0103riei \u0219i Consiliul Local<\/strong><\/p>\n<\/div>\n<div class=\"author\"><\/div>\n<\/div>\n<div id=\"comments\"><\/div>\n<\/div>\n<div id=\"sidebar\"><\/div>\n","protected":false},"excerpt":{"rendered":"<p>Fie ca Sf\u00e2ntul Ioan s\u0103 decoreze fiecare raz\u0103 de soare care ajunge la voi cu succes, fericire si prosperitate. \u00centocmai ca Sf\u00e2ntul Ioan al c\u0103rei nume \u00eel purta\u021bi, \u00eenv\u0103\u021ba\u021bi s\u0103 ierta\u021bi, sa fi\u021bi mai buni \u0219i mai \u00een\u021belepti. Fie ca toate \u00eemplinirile frumoase, s\u0103n\u0103tatea \u015fi spiritul acestei zile s\u0103 v\u0103 \u00eenso\u0163easc\u0103 pretutindeni. V\u0103 dorim o [&hellip;]<\/p>\n","protected":false},"author":2,"featured_media":5251,"comment_status":"closed","ping_status":"open","sticky":false,"template":"","format":"standard","meta":{"footnotes":""},"categories":[4],"tags":[],"class_list":{"0":"post-5250","1":"post","2":"type-post","3":"status-publish","4":"format-standard","5":"has-post-thumbnail","7":"category-felicitari"},"_links":{"self":[{"href":"https:\/\/www.editiespecialapress.ro\/newtest\/wp-json\/wp\/v2\/posts\/5250","targetHints":{"allow":["GET"]}}],"collection":[{"href":"https:\/\/www.editiespecialapress.ro\/newtest\/wp-json\/wp\/v2\/posts"}],"about":[{"href":"https:\/\/www.editiespecialapress.ro\/newtest\/wp-json\/wp\/v2\/types\/post"}],"author":[{"embeddable":true,"href":"https:\/\/www.editiespecialapress.ro\/newtest\/wp-json\/wp\/v2\/users\/2"}],"replies":[{"embeddable":true,"href":"https:\/\/www.editiespecialapress.ro\/newtest\/wp-json\/wp\/v2\/comments?post=5250"}],"version-history":[{"count":0,"href":"https:\/\/www.editiespecialapress.ro\/newtest\/wp-json\/wp\/v2\/posts\/5250\/revisions"}],"wp:featuredmedia":[{"embeddable":true,"href":"https:\/\/www.editiespecialapress.ro\/newtest\/wp-json\/"}],"wp:attachment":[{"href":"https:\/\/www.editiespecialapress.ro\/newtest\/wp-json\/wp\/v2\/media?parent=5250"}],"wp:term":[{"taxonomy":"category","embeddable":true,"href":"https:\/\/www.editiespecialapress.ro\/newtest\/wp-json\/wp\/v2\/categories?post=5250"},{"taxonomy":"post_tag","embeddable":true,"href":"https:\/\/www.editiespecialapress.ro\/newtest\/wp-json\/wp\/v2\/tags?post=5250"}],"curies":[{"name":"wp","href":"https:\/\/api.w.org\/{rel}","templated":true}]}}