{"id":5264,"date":"2018-01-12T09:51:58","date_gmt":"2018-01-12T06:51:58","guid":{"rendered":"http:\/\/www.editiespecialapress.ro\/?p=5264"},"modified":"2018-01-12T09:51:58","modified_gmt":"2018-01-12T06:51:58","slug":"ministrul-finantelor-ionut-misa-premierul-mihai-tudose-viceprim-ministru-marcel-ciolacu-viceprim-ministru-gratiela-gavrilescu-ministrul-afacerilor-si-internelor-carmen-dan-ministrul-muncii-lia-ol","status":"publish","type":"post","link":"https:\/\/www.editiespecialapress.ro\/newtest\/2018\/01\/12\/ministrul-finantelor-ionut-misa-premierul-mihai-tudose-viceprim-ministru-marcel-ciolacu-viceprim-ministru-gratiela-gavrilescu-ministrul-afacerilor-si-internelor-carmen-dan-ministrul-muncii-lia-ol\/","title":{"rendered":"Ministrul Finan\u021belor Ionu\u021b Mi\u0219a, Premierul Mihai Tudose, Viceprim-Ministru Marcel Ciolacu, Viceprim-Ministru Gra\u021biela Gavrilescu, Ministrul Afacerilor \u0219i Internelor Carmen Dan, Ministrul Muncii Lia Olgu\u021ba Vasilescu \u0219i tot guvernul Rom\u00e2niei vor s\u0103 trimit\u0103 la pu\u0219c\u0103rie pe to\u021bi managerii \u0219i cet\u0103\u021benii Rom\u00e2niei pentru neplata impozitelor \u0219i a taxelor"},"content":{"rendered":"<p><strong><em>Guvernul Rom\u00e2niei vrea s\u0103 trimit\u0103 la pu\u0219c\u0103rie to\u021bi managerii rom\u00e2ni \u0219i str\u0103ini, precum \u0219i pe to\u021bi cet\u0103\u021benii Rom\u00e2niei pentru neplata impozitelor \u0219i a taxelor, totul fiind ilegal \u0219i abuziv<\/em><\/strong><\/p>\n<p>Dragii no\u0219tri cititori, continu\u0103m \u00een aceast\u0103 edi\u021bie cu cei mai mari infractori ai Rom\u00e2niei: premierul Rom\u00e2niei Mihai Tudose, Ministrul Finan\u021belor Ionu\u021b Mi\u0219a \u0219i cu to\u021bi mini\u0219trii din Guvernul Rom\u00e2niei care vor s\u0103 bage \u00een pu\u0219c\u0103rie milioane de cet\u0103\u021beni rom\u00e2ni \u0219i str\u0103ini pentru neplata impozitelor de\u0219i toate acestea apar\u021bin de latura civil\u0103 \u0219i nu de latura penal\u0103.<\/p>\n<figure id=\"attachment_5270\" aria-describedby=\"caption-attachment-5270\" style=\"width: 271px\" class=\"wp-caption alignleft\"><a href=\"http:\/\/www.editiespecialapress.ro\/wp\/wp-content\/uploads\/2018\/01\/Ionu\u021b-Mi\u0219a-cel-mai-mare-infractor-care-face-proiecte-abuzive-\u00eempotriva-poporului.jpg\"><img loading=\"lazy\" decoding=\"async\" class=\" wp-image-5270\" src=\"http:\/\/www.editiespecialapress.ro\/wp\/wp-content\/uploads\/2018\/01\/Ionu\u021b-Mi\u0219a-cel-mai-mare-infractor-care-face-proiecte-abuzive-\u00eempotriva-poporului-400x267.jpg\" alt=\"\" width=\"271\" height=\"185\" \/><\/a><figcaption id=\"caption-attachment-5270\" class=\"wp-caption-text\">Ionu\u021b Mi\u0219a &#8211; cel mai mare infractor care face proiecte abuzive \u00eempotriva poporului, cu \u00eenc\u0103lcarea dreptului Na\u021bional, Interna\u021bional \u0219i cu \u00eenc\u0103lcarea Conven\u021biei pentru Ap\u0103rarea Drepturilor Omului<\/figcaption><\/figure>\n<p>Berbecul, Ionu\u021b Mi\u0219a a fost un timp \u0219ef de serviciu la ANAF Constan\u021ba, dup\u0103 aceea a devenit directorul general al ANAF Constan\u021ba \u0219i acum a fost pus de PSD-i\u0219ti, Ministrul Finan\u021belor Publice. Acest derbedeu needucat \u0219i infractor, de la prima zi de angajare \u00een ANAF a f\u0103cut numai probleme fur\u00e2nd banii contribuabililor cu al\u021bi nemernici, \u00eembog\u0103\u021bindu-se rapid ilicit. \u00centocmea tot felul de documente \u00een fals, d\u0103dea aprob\u0103ri pentru ramburs\u0103rile de TVA, banii pe care trebuia s\u0103-I predea la bugetul statului \u00eei fura cu directorii economici, cu documente false. Avea aronda\u021bi la ramburs\u0103rile de TVA \u0219i \u00eenc\u0103 mai are, primea \u0219i prime\u0219te \u0219p\u0103gi mari de tot pentru toate serviciile pe care le presteaz\u0103 pentru sute de manageri const\u0103n\u0163eni \u0219i bucure\u0219teni. A agonisit o avere de peste 50 de milioane de euro, averea e trecut\u0103 pe numele celor din familie \u0219i din neam. Acest infractor periculos pentru to\u021bi cet\u0103\u021benii Rom\u00e2niei \u0219i str\u0103ini a avut tupeul s\u0103 conceap\u0103 cu mintea lui de berbec, un proiect de lege prin care pentru nere\u021binerea \u0219i ne\u00eencasarea, re\u021binerea \u0219i neplata respectiv \u00eencasarea \u0219i neplata unui num\u0103r de 32 de contribu\u021bii, taxe \u0219i impozite, cet\u0103\u021benii \u0219i managerii vor fi sanc\u021biona\u021bi cu \u00eenchisoarea de la 1 la 6 ani.<\/p>\n<figure id=\"attachment_5268\" aria-describedby=\"caption-attachment-5268\" style=\"width: 271px\" class=\"wp-caption alignright\"><a href=\"http:\/\/www.editiespecialapress.ro\/wp\/wp-content\/uploads\/2018\/01\/Mihai-Tudose-ofi\u021ber-acoperit-al-DGIA-care-execut\u0103-poporul-\u00een-mod-abuziv.jpg\"><img loading=\"lazy\" decoding=\"async\" class=\" wp-image-5268\" src=\"http:\/\/www.editiespecialapress.ro\/wp\/wp-content\/uploads\/2018\/01\/Mihai-Tudose-ofi\u021ber-acoperit-al-DGIA-care-execut\u0103-poporul-\u00een-mod-abuziv-400x288.jpg\" alt=\"\" width=\"271\" height=\"197\" \/><\/a><figcaption id=\"caption-attachment-5268\" class=\"wp-caption-text\">Mihai Tudose &#8211; ofi\u021ber acoperit al DGIA care execut\u0103 poporul \u00een mod abuziv<\/figcaption><\/figure>\n<p>Proiectul de lege al berbecului Ionu\u021b Mi\u0219a sun\u0103 cam a\u0219a: \u201eConstituie infrac\u021biune \u0219i se pedepse\u0219te cu \u00eenchisoare de la un an la 6 ani nere\u021binerea sau ne\u00eencasarea, re\u021binerea \u0219i neplata ori dup\u0103 caz, \u00eencasarea \u0219i neplata, \u00een totul sau \u00een parte, cu inten\u021bie \u00een cel mult 30 de zile de la termenul de scaden\u021b\u0103 prev\u0103zut de lege, a impozitelor \u0219i contribu\u021biilor prev\u0103zute \u00een anex\u0103 la prezenta lege. Neplata cu inten\u021bie, \u00een cel mult 30 de zile de la termenul de scaden\u021b\u0103 prev\u0103zut de lege a impozitelor \u0219i contribu\u021biilor prev\u0103zute \u00een anex\u0103, constituie infrac\u021biune \u0219i atunci c\u00e2nd neplata este consecin\u021ba utiliz\u0103rii acestor sume \u00een alte scopuri\u201d, se precizeaz\u0103 proiect de act normativ.<\/p>\n<p>Un num\u0103r de 32 de impozite \u0219i contribu\u021bii datorate bugetului vor intra sub inciden\u021ba actului normativ printre care se afl\u0103 impozitul pe venitul din salarii \u0219i asimilate salariilor, impozitul pe veniturile din pensii, impozitul pe veniturile din drepturile de proprietate intelectual\u0103, impozitul pe veniturile din arend\u0103, impozitul pe veniturile sub form\u0103 de dob\u00e2nzi \u0219i dividende, impozitul pe veniturile din premii \u0219i jocuri de noroc, contribu\u021bia de asigur\u0103ri sociale datorat\u0103 de persoane fizice care realizeaz\u0103 venituri din salarii \u0219i asimilate salariilor \u0219i contribu\u021bia de asigur\u0103ri sociale de s\u0103n\u0103tate datorat\u0103 de persoanele fizice care realizeaz\u0103 venituri din salarii \u0219i asimilate salariilor.<\/p>\n<figure id=\"attachment_5265\" aria-describedby=\"caption-attachment-5265\" style=\"width: 270px\" class=\"wp-caption alignleft\"><a href=\"http:\/\/www.editiespecialapress.ro\/wp\/wp-content\/uploads\/2018\/01\/Carmen-Dan-\u021bine-aproape-de-ei-pentru-eliberarea-OUG.jpg\"><img loading=\"lazy\" decoding=\"async\" class=\" wp-image-5265\" src=\"http:\/\/www.editiespecialapress.ro\/wp\/wp-content\/uploads\/2018\/01\/Carmen-Dan-\u021bine-aproape-de-ei-pentru-eliberarea-OUG-400x250.jpg\" alt=\"\" width=\"270\" height=\"172\" \/><\/a><figcaption id=\"caption-attachment-5265\" class=\"wp-caption-text\">Carmen Dan &#8211; \u021bine aproape de ei pentru eliberarea OUG<\/figcaption><\/figure>\n<p>Credem c\u0103 realiza\u021bi ce se va \u00eent\u00e2mpla cu milioane de rom\u00e2ni. Dac\u0103 va deveni lege, proiectul infractorului Ionu\u021b Mi\u0219a, vor fi aresta\u021bi milioane de cet\u0103\u021beni rom\u00e2ni \u0219i str\u0103ini. Acest proiect de lege este abuziv \u0219i ilegal din toate punctele de vedere, nu po\u021bi cerceta cet\u0103\u021benii Rom\u00e2niei \u0219i cet\u0103\u021benii str\u0103ini pentru neplata impozitelor \u00eentruc\u00e2t toate acestea apar\u021bin de latura civil\u0103 \u0219i nu de latura penal\u0103. Nu po\u021bi considera un impozit nepl\u0103tit sau diferite taxe din cele 32, cazuri penale, sunt toate ca \u0219i p\u00e2n\u0103 acum apar\u021bin de latura civil\u0103 \u0219i nu de cea penal\u0103. Acest berbec incompetent \u0219i bolnav psihic, Ionu\u021b Mi\u0219a nu realizeaz\u0103 c\u0103 neplata impozitelor \u0219i a taxelor sau a amenzilor nu constituie infrac\u021biune. El vrea s\u0103 fac\u0103 din rahat bici, s\u0103 \u0219i plesneasc\u0103. At\u00e2t de bolnav psihic este acest infractor, de nu realizeaz\u0103 ce face, dar o s\u0103 realizeze ce a f\u0103cut dup\u0103 ce va fi chemat la audieri, la sec\u021bia de urm\u0103rire penal\u0103 \u0219i criminalistic\u0103 din cadrul Parchetului de pe l\u00e2ng\u0103 ICCJ.<\/p>\n<p>Conven\u021bia pentru Ap\u0103rarea Drepturilor Omului interzice toate aceste f\u0103c\u0103turi ale Ministrului Ionu\u021b Mi\u0219a.<\/p>\n<p><strong>Articolul 1 CEDO: Interzicerea priv\u0103rii de libertate pentru datorii<\/strong><\/p>\n<p><strong><em>\u201eNimeni nu poate fi privat de libertatea sa pentru singurul motiv c\u0103 nu este \u00een m\u0103sur\u0103 s\u0103 execute o obliga\u021bie contractual\u0103\u201d.<\/em><\/strong><\/p>\n<p>Acest infractor, Ionu\u021b Mi\u0219a zis \u0219i ministrul Finan\u021belor, trebuie arestat \u0219i condamnat pentru \u00eenc\u0103lcarea Conven\u021biei pentru Ap\u0103rarea Drepturilor Omului, abuz \u00een serviciu, fals intelectual \u0219.a.m.d.<\/p>\n<figure id=\"attachment_5267\" aria-describedby=\"caption-attachment-5267\" style=\"width: 219px\" class=\"wp-caption alignright\"><a href=\"http:\/\/www.editiespecialapress.ro\/wp\/wp-content\/uploads\/2018\/01\/Lia-Olgu\u021ba-Vasilescu-infractoare-mare-e-de-acord-cu-proiectul-colegului-ei-Ionu\u021b-Mi\u0219a.jpg\"><img loading=\"lazy\" decoding=\"async\" class=\" wp-image-5267\" src=\"http:\/\/www.editiespecialapress.ro\/wp\/wp-content\/uploads\/2018\/01\/Lia-Olgu\u021ba-Vasilescu-infractoare-mare-e-de-acord-cu-proiectul-colegului-ei-Ionu\u021b-Mi\u0219a-317x300.jpg\" alt=\"\" width=\"219\" height=\"208\" \/><\/a><figcaption id=\"caption-attachment-5267\" class=\"wp-caption-text\">Lia Olgu\u021ba Vasilescu &#8211; infractoare mare, e de acord cu proiectul colegului ei Ionu\u021b Mi\u0219a<\/figcaption><\/figure>\n<p>Infractorul Ionu\u021b Mi\u0219a se crede Dumnezeul rom\u00e2nilor, vrea s\u0103 fac\u0103 din rom\u00e2ni numai pu\u0219c\u0103ria\u0219i ca el. Dac\u0103 bie\u021bii cet\u0103\u021beni \u0219i manageri vor fi aresta\u021bi \u0219i condamna\u021bi pentru infrac\u021biunile comise de chipurile, ministrul Ionu\u021b Mi\u0219a, se va alege praful de Rom\u00e2nia. Vom sesiza procurorul general al Rom\u00e2niei pentru toate \u00eenc\u0103lc\u0103rile ministrului Ionu\u021b Mi\u0219a. Vom mai sesiza \u0219i DNA Bucure\u0219ti pentru averea de peste 50 de milioane de euro a lui Ionu\u021b Mi\u0219a la familie, neam \u0219i prieteni, pe care \u00eei spal\u0103 prin diferite afaceri murdare. Pe maimu\u021boiul acesta de ministru al Finan\u021belor \u00eel doare la basc\u0103, are bani, are de toate, vrea ca poporul s\u0103 fac\u0103 pu\u0219c\u0103rie pentru neplata taxelor \u0219i impozitelor. Dar, mai avem informa\u021bii c\u0103 el vrea de fapt s\u0103 bage cet\u0103\u021benii Rom\u00e2niei \u00een pu\u0219c\u0103rie pentru neplata taxelor \u0219i impozitelor, pentru c\u0103 ar da bine la partidul lui comunist PSD-ist. Mai au o tehnic\u0103 criminal\u0103, ace\u0219ti PSD-i\u0219ti, prin aceast\u0103 Ordonan\u021b\u0103 pe care vor s\u0103 o emit\u0103 \u00eempotriva poporului, cred ei \u00een mintea lor bolnav\u0103 c\u0103 cei care nu au bani s\u0103-\u0219i pl\u0103teasc\u0103 taxele \u0219i impozitele, \u00eei vor determina s\u0103 se \u00eemprumute, s\u0103 fure, s\u0103 comit\u0103 infrac\u021biuni de tot felul pentru a le pl\u0103ti lor taxele \u0219i impozitele \u0219i de a nu se duce la pu\u0219c\u0103rie.<\/p>\n<figure id=\"attachment_5269\" aria-describedby=\"caption-attachment-5269\" style=\"width: 353px\" class=\"wp-caption aligncenter\"><a href=\"http:\/\/www.editiespecialapress.ro\/wp\/wp-content\/uploads\/2018\/01\/To\u021bi-ace\u0219tia-sunt-\u00eempotriva-poporului-dar-nu-or-s\u0103-r\u0103m\u00e2n\u0103-\u00een-libertate.jpg\"><img loading=\"lazy\" decoding=\"async\" class=\" wp-image-5269\" src=\"http:\/\/www.editiespecialapress.ro\/wp\/wp-content\/uploads\/2018\/01\/To\u021bi-ace\u0219tia-sunt-\u00eempotriva-poporului-dar-nu-or-s\u0103-r\u0103m\u00e2n\u0103-\u00een-libertate-400x263.jpg\" alt=\"\" width=\"353\" height=\"237\" \/><\/a><figcaption id=\"caption-attachment-5269\" class=\"wp-caption-text\">To\u021bi ace\u0219tia sunt \u00eempotriva poporului, dar nu or s\u0103 r\u0103m\u00e2n\u0103 \u00een libertate<\/figcaption><\/figure>\n<p>Precum va merge tot Guvernul Rom\u00e2niei la pu\u0219c\u0103rie. Ce au f\u0103cut ei acum nu vor sc\u0103pa f\u0103r\u0103 condamn\u0103ri grele. G\u00e2ndul lor malefic PSD-ist este s\u0103 for\u021beze la maximum to\u021bi cet\u0103\u021benii Rom\u00e2niei \u0219i pe cei str\u0103ini pentru a face buget gras \u0219i de al fura sistematic cu to\u021bi PSD-i\u0219tii de la Bucure\u0219ti \u0219i din Provincie. Au premeditat infrac\u021biunea la partidul lor comunist PSD dar vor trage ce au tras \u0219i al\u021bii din dosarele preg\u0103tite de noi. Avem m\u00e2n\u0103 bun\u0103, nu vor sc\u0103pa!<\/p>\n<p><em>Articol de Constantin Dr\u0103ghici\u00a0\u00a0\u00a0\u00a0\u00a0 <\/em><\/p>\n<p>&nbsp;<\/p>\n","protected":false},"excerpt":{"rendered":"<p>Guvernul Rom\u00e2niei vrea s\u0103 trimit\u0103 la pu\u0219c\u0103rie to\u021bi managerii rom\u00e2ni \u0219i str\u0103ini, precum \u0219i pe to\u021bi cet\u0103\u021benii Rom\u00e2niei pentru neplata impozitelor \u0219i a taxelor, totul fiind ilegal \u0219i abuziv Dragii no\u0219tri cititori, continu\u0103m \u00een aceast\u0103 edi\u021bie cu cei mai mari infractori ai Rom\u00e2niei: premierul Rom\u00e2niei Mihai Tudose, Ministrul Finan\u021belor Ionu\u021b Mi\u0219a \u0219i cu to\u021bi mini\u0219trii [&hellip;]<\/p>\n","protected":false},"author":2,"featured_media":5266,"comment_status":"closed","ping_status":"open","sticky":false,"template":"","format":"standard","meta":{"footnotes":""},"categories":[2],"tags":[704,705,706,263,707,708],"class_list":{"0":"post-5264","1":"post","2":"type-post","3":"status-publish","4":"format-standard","5":"has-post-thumbnail","7":"category-ancheta","8":"tag-carmen-dan","9":"tag-gratiela-gavrilescu","10":"tag-ionut-misa","11":"tag-lia-olguta-vasilescu","12":"tag-marcel-ciolacu","13":"tag-mihai-tudose"},"_links":{"self":[{"href":"https:\/\/www.editiespecialapress.ro\/newtest\/wp-json\/wp\/v2\/posts\/5264","targetHints":{"allow":["GET"]}}],"collection":[{"href":"https:\/\/www.editiespecialapress.ro\/newtest\/wp-json\/wp\/v2\/posts"}],"about":[{"href":"https:\/\/www.editiespecialapress.ro\/newtest\/wp-json\/wp\/v2\/types\/post"}],"author":[{"embeddable":true,"href":"https:\/\/www.editiespecialapress.ro\/newtest\/wp-json\/wp\/v2\/users\/2"}],"replies":[{"embeddable":true,"href":"https:\/\/www.editiespecialapress.ro\/newtest\/wp-json\/wp\/v2\/comments?post=5264"}],"version-history":[{"count":0,"href":"https:\/\/www.editiespecialapress.ro\/newtest\/wp-json\/wp\/v2\/posts\/5264\/revisions"}],"wp:featuredmedia":[{"embeddable":true,"href":"https:\/\/www.editiespecialapress.ro\/newtest\/wp-json\/"}],"wp:attachment":[{"href":"https:\/\/www.editiespecialapress.ro\/newtest\/wp-json\/wp\/v2\/media?parent=5264"}],"wp:term":[{"taxonomy":"category","embeddable":true,"href":"https:\/\/www.editiespecialapress.ro\/newtest\/wp-json\/wp\/v2\/categories?post=5264"},{"taxonomy":"post_tag","embeddable":true,"href":"https:\/\/www.editiespecialapress.ro\/newtest\/wp-json\/wp\/v2\/tags?post=5264"}],"curies":[{"name":"wp","href":"https:\/\/api.w.org\/{rel}","templated":true}]}}