{"id":5287,"date":"2018-01-28T17:48:56","date_gmt":"2018-01-28T14:48:56","guid":{"rendered":"http:\/\/www.editiespecialapress.ro\/?p=5287"},"modified":"2018-01-28T17:48:56","modified_gmt":"2018-01-28T14:48:56","slug":"ex-guvernul-tudose-din-nou-la-infractiuni-grave-ordinul-anaf-nr-23262017-inseala-societatile-comerciale-non-stop","status":"publish","type":"post","link":"https:\/\/www.editiespecialapress.ro\/newtest\/2018\/01\/28\/ex-guvernul-tudose-din-nou-la-infractiuni-grave-ordinul-anaf-nr-23262017-inseala-societatile-comerciale-non-stop\/","title":{"rendered":"Ex Guvern Tudose din  nou la infrac\u021biuni grave, Ordinul ANAF nr. 2326\/2017 \u00een\u0219eal\u0103 Societ\u0103\u021bile Comerciale non-stop"},"content":{"rendered":"<p><strong><em>Ex Guvern Tudose \u00een\u0219eal\u0103 toate Societ\u0103\u021bile Comerciale prin Ordinul ANAF nr. 2326\/2017 care oblig\u0103 toate societ\u0103\u021bile comerciale s\u0103 transmit\u0103 declara\u021biile fiscale electronic<\/em><\/strong><\/p>\n<p>Dragii no\u0219tri cititori, continu\u0103m \u00een aceast\u0103 edi\u021bie cu cei mai mari infractori din ex guvern al Rom\u00e2niei. Premierul Tudose Mihai, Mini\u0219trii Ionu\u021b Mi\u0219a, Carmen Dan, Tudorel Toader, Adrian \u021au\u021buianu, Lia Olgu\u021ba Vasilescu \u0219.a.m.d.<\/p>\n<figure id=\"attachment_5289\" aria-describedby=\"caption-attachment-5289\" style=\"width: 251px\" class=\"wp-caption alignleft\"><a href=\"http:\/\/www.editiespecialapress.ro\/wp\/wp-content\/uploads\/2018\/01\/Ex-Premierul-Tudose-cel-mai-mare-escroc.jpg\"><img loading=\"lazy\" decoding=\"async\" class=\" wp-image-5289\" src=\"http:\/\/www.editiespecialapress.ro\/wp\/wp-content\/uploads\/2018\/01\/Ex-Premierul-Tudose-cel-mai-mare-escroc-374x300.jpg\" alt=\"\" width=\"251\" height=\"203\" \/><\/a><figcaption id=\"caption-attachment-5289\" class=\"wp-caption-text\">Ex Premierul Tudose &#8211; cel mai mare escroc<\/figcaption><\/figure>\n<p>Acest guvern de escroci au luat leg\u0103tura cu to\u021bi patronii de B\u0103nci \u0219i bine\u00een\u021beles \u0219i-au tras \u0219i zeci de milioane de euro \u0219pag\u0103 pentru a obliga toate societ\u0103\u021bile comerciale s\u0103 transmit\u0103 obligatoriu prin orice mijloace electronice declara\u021biile pentru impozit, TVA \u0219.a.m.d.<\/p>\n<p>\u0218i-au f\u0103cut planuri ca \u021biganii \u0219i noi le vom strica pe toate. De ce au eliberat ei un act normativ \u0219i dup\u0103 aceea Ordinul ANAF nr.2326\/2017?!<\/p>\n<p>Au eliberat un act normativ \u0219i un Ordin ANAF pentru a escroca toate societ\u0103\u021bile comerciale din \u021bar\u0103. Mizeriile din Guvern au luat leg\u0103tura cu patronii de la toate B\u0103ncile pentru a le da c\u00e2te un pachet ofert\u0103 la fiecare societate comercial\u0103 care con\u021bine un stick cu semn\u0103tura administratorilor sau a contabililor \u00eemputernici\u021bi, un cod care se imprim\u0103 pe declara\u021bii \u0219.a.m.d. Tot acest pachet ofert\u0103 din partea B\u0103ncilor \u0219i a ex guvernului Rom\u00e2niei cost\u0103 circa 400 lei. Nu mai punem c\u0103 anual pl\u0103te\u0219ti circa 200 lei pentru activarea stick-ului etc.<\/p>\n<p>Declara\u021biile fiscale te cost\u0103 anual 600 de lei. Dac\u0103 facem socoteala la sute de mii de firme din toat\u0103 \u021bara se str\u00e2ng bani de bani la escrocii B\u0103ncilor, \u00een special la BRD. Numai la 500.000 de firme se str\u00e2ng bani la escroci 300.000.000 RON. Dup\u0103 aceea to\u021bi cotizeaz\u0103 c\u00e2te 200 lei pe an 500.000 x 200 = 100.000.000 RON.<\/p>\n<figure id=\"attachment_5292\" aria-describedby=\"caption-attachment-5292\" style=\"width: 252px\" class=\"wp-caption alignright\"><a href=\"http:\/\/www.editiespecialapress.ro\/wp\/wp-content\/uploads\/2018\/01\/Ionu\u021b-Mi\u0219a-escroc-na\u021bional.jpg\"><img loading=\"lazy\" decoding=\"async\" class=\" wp-image-5292\" src=\"http:\/\/www.editiespecialapress.ro\/wp\/wp-content\/uploads\/2018\/01\/Ionu\u021b-Mi\u0219a-escroc-na\u021bional-400x266.jpg\" alt=\"\" width=\"252\" height=\"170\" \/><\/a><figcaption id=\"caption-attachment-5292\" class=\"wp-caption-text\">Ionu\u021b Mi\u0219a &#8211; escroc na\u021bional<\/figcaption><\/figure>\n<p>Asta afacere prosper\u0103 a ex guvernului Rom\u00e2niei, nu ce fac Societ\u0103\u021bile Comerciale, munc\u0103 cinstit\u0103. Din informa\u021biile noastre \u0219i-ar fi tras \u0219pag\u0103 to\u021bi membrii guvernului, mai mult a \u00eenghi\u021bit Tudose \u0219i Ionu\u021b Mi\u0219a. Au primit milioane de euro \u0219pag\u0103 \u0219i \u00een continuare primesc tot la fel de la patronii B\u0103ncilor. Cum e posibil s\u0103 pl\u0103te\u0219ti at\u00e2\u021bia bani pentru a depune declara\u021biile fiscale; declara\u021biile fiscale normal \u0219i de drept se depun la Administra\u021biile Fiscale jude\u021bene. Nu trebuie s\u0103 obligi tu, guvern plin de escroci, toate Societ\u0103\u021bile Comerciale s\u0103 depun\u0103 declara\u021biile fiscale on-line \u0219i s\u0103-i trimi\u021bi la patronii de B\u0103nci s\u0103-\u0219i ia pachetul cu stick, semn\u0103tur\u0103 electronic\u0103, cod etc. \u0219i s\u0103-\u0219i ia ei milioane de euro \u0219pag\u0103 anual.<\/p>\n<p>Chiar dac\u0103 unii nu mai sunt \u00een guvern, Tudose \u0219i Mi\u0219a, \u0219paga le vine anual la botul calului. Dac\u0103 nu ar fi fost pre\u0219edintele PSD \u2013 Liviu Dragnea informat \u0219i atent la tot ceea ce f\u0103ceau Tudose \u0219i Mi\u0219a se \u00eembog\u0103\u021beau escrocii \u00een c\u00e2\u021biva ani de zile, de tr\u0103iau dup\u0103 ei \u00eenc\u0103 9 neamuri. Pre\u0219edinte PSD ca Liviu Dragnea nu mai vede PSD-ul, poate fi exemplu \u0219i pentru alte partide \u0219i CEX-ul la fel. PSD a fost la \u00een\u0103l\u021bime, le-a rupt botul \u0219i lui Tudose \u0219i lui Mi\u0219a. Au d\u0103r\u00e2mat dou\u0103 guverne pline de escroci \u0219i oamenii \u00eencearc\u0103 \u0219i cu al treilea guvern care sper\u0103m s\u0103 fie capabil de a conduce Rom\u00e2nia. Oamenii sunt profesioni\u0219ti, unde nu func\u021bioneaz\u0103 i-au m\u0103surile legale de \u00eendat\u0103, bravo lor! Nu fac ceea ce a f\u0103cut B\u0103sescu de l-a \u021binut pe Emil Boc inim\u0103 de porc p\u00e2n\u0103 a distrus tot. S-a chinuit bietul Ponta s\u0103 repare ce-au distrus PDL-i\u0219tii \u0219i B\u0103sescu. Domnul Dragnea \u00ee\u0219i merit\u0103 func\u021bia de pre\u0219edinte al Rom\u00e2niei. La aceast\u0103 or\u0103, PSD-ul, pre\u0219edintele partidului Liviu Dragnea \u0219i CEX sunt cei mai tari din toate timpurile \u0219i e de urmat s\u0103 fac\u0103 \u0219i alte partide cum procedeaz\u0103 ei. Dac\u0103 pre\u0219edin\u021bii altor partide dorm \u0219i ceilal\u021bi dorm sau se ocup\u0103 de afaceri-furturi.<\/p>\n<figure id=\"attachment_5293\" aria-describedby=\"caption-attachment-5293\" style=\"width: 251px\" class=\"wp-caption alignleft\"><a href=\"http:\/\/www.editiespecialapress.ro\/wp\/wp-content\/uploads\/2018\/01\/Liviu-Dragnea-Cel-mai-bun-pre\u015fedinte-al-PSD.jpg\"><img loading=\"lazy\" decoding=\"async\" class=\" wp-image-5293\" src=\"http:\/\/www.editiespecialapress.ro\/wp\/wp-content\/uploads\/2018\/01\/Liviu-Dragnea-Cel-mai-bun-pre\u015fedinte-al-PSD-400x225.jpg\" alt=\"\" width=\"251\" height=\"145\" \/><\/a><figcaption id=\"caption-attachment-5293\" class=\"wp-caption-text\">Liviu Dragnea &#8211; Cel mai bun pre\u015fedinte al PSD<\/figcaption><\/figure>\n<p>&nbsp;<\/p>\n<p>Iau f\u0103cut dou\u0103 dosare penale domnului Liviu Dragnea, nu am luat informa\u021bii s\u0103 vedem dac\u0103 procurorii \u0219i judec\u0103torii \u00eencalc\u0103 art. 6 CEDO \u0219i altele. Ne vom informa \u0219i vom publica toate \u00eenc\u0103lc\u0103rile procurorilor \u0219i judec\u0103torilor, \u00een acela\u0219i timp vom sesiza organele competente s\u0103 dispun\u0103 m\u0103suri administrative precum \u0219i formarea dosarelor penale \u00eempotriva celor ce au \u00eenc\u0103lcat Conven\u021bia pentru Ap\u0103rarea Drepturilor Omului \u0219.a.m.d.<\/p>\n<p>&nbsp;<\/p>\n<p>Cit\u0103m din Ordinul ANAF nr.2326\/2017 emis de ministrul Finan\u021belor Publice, Ionu\u021b Mi\u0219a;<\/p>\n<p>\u201e<strong>Ordin ANAF nr. 2326\/2017 <\/strong>\u2013 privind declara\u021biile fiscale care se transmit obligatoriu prin mijloace electronice sau prin sisteme de transmitere de la distan\u021b\u0103. Prin acest act normativ se introduce obliga\u021bia depunerii online a principalelor declara\u021bii fiscale de c\u0103tre toate categoriile de contribuabili. Excep\u021bie vor face declara\u021biile de impunere depuse de c\u0103tre persoanele fizice \u0219i utilizate \u00een procesul de stabilire a impozitului pe venit \u0219i a contribu\u021biilor sociale obligatorii. Ordinul stabile\u0219te c\u0103 urm\u0103toarele declara\u021bii fiscale se transmit obligatoriu electronic, prin intermediul internetului, pe site-ul Agen\u021biei Na\u021bionale de Administrare Fiscal\u0103\u201d.<\/p>\n<figure id=\"attachment_5288\" aria-describedby=\"caption-attachment-5288\" style=\"width: 252px\" class=\"wp-caption alignright\"><a href=\"http:\/\/www.editiespecialapress.ro\/wp\/wp-content\/uploads\/2018\/01\/CEX-PSD-cel-mai-competent-\u0219i-eficient.jpg\"><img loading=\"lazy\" decoding=\"async\" class=\" wp-image-5288\" src=\"http:\/\/www.editiespecialapress.ro\/wp\/wp-content\/uploads\/2018\/01\/CEX-PSD-cel-mai-competent-\u0219i-eficient-400x300.jpg\" alt=\"\" width=\"252\" height=\"191\" \/><\/a><figcaption id=\"caption-attachment-5288\" class=\"wp-caption-text\">CEX PSD &#8211; cel mai competent \u0219i eficient<\/figcaption><\/figure>\n<p>V-am prezentat o mic\u0103 parte din Ordinul 2326\/2017, care oblig\u0103 toate Societ\u0103\u021bile Comerciale s\u0103 depun\u0103 declara\u021bii fiscale on-line, dar \u00een schimb tot Societ\u0103\u021bile Comerciale pl\u0103tesc la \u00eenceput pentru a-\u0219i lua pachetul de 400 lei \u0219i \u00eenc\u0103 200 lei pentru tot anul 2018, pentru activarea stick-ului. \u0218p\u0103gile de milioane de euro pe tot anul, ajung la Tudose \u0219i Ionu\u021b Mi\u0219a, s-ar putea \u0219i la al\u021bi din fostul guvern. Sper\u0103m ca viitorul Guvern s\u0103 afle ceea ce am publicat noi \u0219i s\u0103 ia m\u0103surile legale de a desfiin\u021ba actul normativ \u0219i ordinul nr.2326\/2017 al Guvernului Tudose. Dac\u0103 se vor implica \u0219i ei \u0219i nu vor desfiin\u021ba actul normativ \u0219i ordinul nr.2326\/2017 ANAF vor deveni complicii infractorilor Tudose \u0219i Mi\u0219a. Nu po\u021bi obliga societ\u0103\u021bile comerciale s\u0103 depun\u0103 declara\u021biile fiscale on-line. At\u00e2t timp c\u00e2t ai angaja\u021bi ANAF, zeci de mii \u00een toat\u0103 \u021bara \u0219i care \u00ee\u0219i iau salariile din impozitele \u0219i TVA-urile Societ\u0103\u021bilor Comerciale. \u00cen al doilea r\u00e2nd, nu po\u021bi obliga Societ\u0103\u021bile Comerciale s\u0103-\u0219i ia pachetul cu stick de la B\u0103nci \u0219i s\u0103 pl\u0103teasc\u0103 \u00eentr-un an 600 de lei \u0219i \u00een continuare pentru activarea stick-ului \u00eenc\u0103 200 lei\/an.<\/p>\n<figure id=\"attachment_5291\" aria-describedby=\"caption-attachment-5291\" style=\"width: 468px\" class=\"wp-caption aligncenter\"><a href=\"http:\/\/www.editiespecialapress.ro\/wp\/wp-content\/uploads\/2018\/01\/Guvernul-Tudose-decapitat-au-meritat-o-unii-dintre-ei.jpg\"><img loading=\"lazy\" decoding=\"async\" class=\" wp-image-5291\" src=\"http:\/\/www.editiespecialapress.ro\/wp\/wp-content\/uploads\/2018\/01\/Guvernul-Tudose-decapitat-au-meritat-o-unii-dintre-ei-400x266.jpg\" alt=\"\" width=\"468\" height=\"316\" \/><\/a><figcaption id=\"caption-attachment-5291\" class=\"wp-caption-text\">Guvernul Tudose decapitat &#8211; au meritat-o unii dintre ei<\/figcaption><\/figure>\n<p>Declara\u021biile fiscale trebuie depuse la ANAF \u0219i nu trebuie cheltui\u021bi bani pentru a depune declara\u021bii fiscale on-line \u0219i de a se \u00eembog\u0103\u021bi Tudose, Mi\u0219a \u0219i patronii de B\u0103nci. Tudose \u0219i Mi\u0219a au g\u00e2ndit bine afacerea profitabil\u0103, directorii de la BRD \u0219i alte b\u0103nci r\u00e2d cu gura p\u00e2n\u0103 la urechi, dac\u0103 \u00eei \u00eentrebi de ce trebuie luat stick-ul de la ei \u0219i tot pachetul cu 600 de lei, ei spun asta a hot\u0103r\u00e2t Guvernul Tudose.<\/p>\n<p>Halal de Guvern Tudose, vor fi cerceta\u021bi penal pentru toate infrac\u021biunile comise \u0219i pe care le comit non-stop, prin act normativ \u0219i Ordin ANAF.<\/p>\n<p style=\"text-align: right;\"><em>\u00a0<\/em><em>Articol de Ionu\u021b Gavrilescu <\/em><\/p>\n<p>&nbsp;<\/p>\n<p>&nbsp;<\/p>\n","protected":false},"excerpt":{"rendered":"<p>Ex Guvern Tudose \u00een\u0219eal\u0103 toate Societ\u0103\u021bile Comerciale prin Ordinul ANAF nr. 2326\/2017 care oblig\u0103 toate societ\u0103\u021bile comerciale s\u0103 transmit\u0103 declara\u021biile fiscale electronic Dragii no\u0219tri cititori, continu\u0103m \u00een aceast\u0103 edi\u021bie cu cei mai mari infractori din ex guvern al Rom\u00e2niei. Premierul Tudose Mihai, Mini\u0219trii Ionu\u021b Mi\u0219a, Carmen Dan, Tudorel Toader, Adrian \u021au\u021buianu, Lia Olgu\u021ba Vasilescu \u0219.a.m.d. [&hellip;]<\/p>\n","protected":false},"author":2,"featured_media":5290,"comment_status":"closed","ping_status":"open","sticky":false,"template":"","format":"standard","meta":{"footnotes":""},"categories":[2],"tags":[710,706,263,275,708,711],"class_list":{"0":"post-5287","1":"post","2":"type-post","3":"status-publish","4":"format-standard","5":"has-post-thumbnail","7":"category-ancheta","8":"tag-guvernul-tudose","9":"tag-ionut-misa","10":"tag-lia-olguta-vasilescu","11":"tag-liviu-dragnea","12":"tag-mihai-tudose","13":"tag-psd"},"_links":{"self":[{"href":"https:\/\/www.editiespecialapress.ro\/newtest\/wp-json\/wp\/v2\/posts\/5287","targetHints":{"allow":["GET"]}}],"collection":[{"href":"https:\/\/www.editiespecialapress.ro\/newtest\/wp-json\/wp\/v2\/posts"}],"about":[{"href":"https:\/\/www.editiespecialapress.ro\/newtest\/wp-json\/wp\/v2\/types\/post"}],"author":[{"embeddable":true,"href":"https:\/\/www.editiespecialapress.ro\/newtest\/wp-json\/wp\/v2\/users\/2"}],"replies":[{"embeddable":true,"href":"https:\/\/www.editiespecialapress.ro\/newtest\/wp-json\/wp\/v2\/comments?post=5287"}],"version-history":[{"count":0,"href":"https:\/\/www.editiespecialapress.ro\/newtest\/wp-json\/wp\/v2\/posts\/5287\/revisions"}],"wp:featuredmedia":[{"embeddable":true,"href":"https:\/\/www.editiespecialapress.ro\/newtest\/wp-json\/"}],"wp:attachment":[{"href":"https:\/\/www.editiespecialapress.ro\/newtest\/wp-json\/wp\/v2\/media?parent=5287"}],"wp:term":[{"taxonomy":"category","embeddable":true,"href":"https:\/\/www.editiespecialapress.ro\/newtest\/wp-json\/wp\/v2\/categories?post=5287"},{"taxonomy":"post_tag","embeddable":true,"href":"https:\/\/www.editiespecialapress.ro\/newtest\/wp-json\/wp\/v2\/tags?post=5287"}],"curies":[{"name":"wp","href":"https:\/\/api.w.org\/{rel}","templated":true}]}}