{"id":5299,"date":"2018-02-04T21:01:54","date_gmt":"2018-02-04T18:01:54","guid":{"rendered":"http:\/\/www.editiespecialapress.ro\/?p=5299"},"modified":"2018-02-04T21:01:54","modified_gmt":"2018-02-04T18:01:54","slug":"talharie-de-100-000-lei-la-publicatia-editie-speciala-press-prin-eliberarea-sentintei-civile-nr-4812017-dosar-nr-45911092017-al-tribunalului-arges-judecator-abuziv-si-infractor-tintu-sonia-ionel","status":"publish","type":"post","link":"https:\/\/www.editiespecialapress.ro\/newtest\/2018\/02\/04\/talharie-de-100-000-lei-la-publicatia-editie-speciala-press-prin-eliberarea-sentintei-civile-nr-4812017-dosar-nr-45911092017-al-tribunalului-arges-judecator-abuziv-si-infractor-tintu-sonia-ionel\/","title":{"rendered":"T\u00e2lh\u0103rie de 100.000 lei la publica\u021bia Edi\u021bie Special\u0103 Press, prin eliberarea sentin\u021bei civile nr.481\/2017, dosar nr.4591\/109\/2017 al Tribunalului Arge\u0219, judec\u0103tor abuziv \u0219i infractor T\u00een\u021bu Sonia Ionela \u0219i complicii ei"},"content":{"rendered":"<p><strong><em>T\u00e2lh\u0103rie de 100.000 lei din partea judec\u0103toarei T\u00een\u021bu Sonia Ionela \u0219i din partea complicilor ei, Lupa\u0219cu Dan ex judec\u0103tor, Cristian Mare\u0219 avocat, Andrada Cristina Onofrei avocat, Alexe Magdalena curator avocat la jurnalistul Petrache Ion, la publica\u021bia Edi\u021bie Special\u0103 Press<\/em><\/strong><\/p>\n<p>Dragii no\u0219tri cititori, continu\u0103m \u00een aceast\u0103 edi\u021bie cu un judec\u0103tor corupt, abuziv t\u00e2lhar Sonia Ionela T\u00een\u021bu, dar \u0219i cu complicii ei care au ajutat-o s\u0103 fac\u0103 chipurile un probatoriu perfect pentru daune morale \u00een valoare de 100.000 lei.<\/p>\n<figure id=\"attachment_5302\" aria-describedby=\"caption-attachment-5302\" style=\"width: 252px\" class=\"wp-caption alignleft\"><a href=\"http:\/\/www.editiespecialapress.ro\/wp\/wp-content\/uploads\/2018\/02\/Dan-Lupa\u0219cu-fost-judec\u0103tor-la-Curtea-de-Apel-Sec\u021bia-Penal\u0103-a-\u00eembulinat-o-.jpg\"><img loading=\"lazy\" decoding=\"async\" class=\" wp-image-5302\" src=\"http:\/\/www.editiespecialapress.ro\/wp\/wp-content\/uploads\/2018\/02\/Dan-Lupa\u0219cu-fost-judec\u0103tor-la-Curtea-de-Apel-Sec\u021bia-Penal\u0103-a-\u00eembulinat-o--400x266.jpg\" alt=\"\" width=\"252\" height=\"170\" \/><\/a><figcaption id=\"caption-attachment-5302\" class=\"wp-caption-text\">Dan Lupa\u0219cu &#8211; fost judec\u0103tor la Curtea de Apel, Sec\u021bia Penal\u0103, a \u00eembulinat-o<\/figcaption><\/figure>\n<p>Dup\u0103 cum a mai fost publicat\u0103 aceast\u0103 infractoare \u00een rob\u0103, Sonia Ionela T\u00een\u021bu de la sec\u021bia civil\u0103 a Tribunalului Arge\u0219, ea a continuat cu complicii ei s\u0103 pun\u0103 \u00een spinarea publica\u021biei Edi\u021bie Special\u0103 Press suma de 100.000 lei reprezent\u00e2nd daune morale. Publica\u021bia Edi\u021bie Special\u0103 Press, directorul Iulian Ratea \u0219i jurnalistul Petrache Ion au fost chema\u021bi \u00een judecat\u0103 de fostul judec\u0103tor Lupa\u0219cu Dan pentru publicarea unui articol unde Lupa\u0219cu Dan l-a achitat pe Dan Voiculescu zis Felix Motanul. Avem \u00eenregistr\u0103ri \u00eentre Lupa\u0219cu Dan \u0219i Felix Motanul Voiculescu \u00een care discutau despre achitarea tuturor infractorilor \u00een dosarul cu pricina \u0219i despre \u0219paga care \u00eei revenea lui Dan Lupa\u0219cu \u0219i judec\u0103toarei Viorica Costiniu, un milion de euro.<\/p>\n<p>S-a meritat ca Felix Motanul Voiculescu s\u0103 dea un milion de euro \u0219i s\u0103-l lase cu patrimoniul statului de 60.000.000 euro. Dar ghinionul a fost c\u0103 a fost condamnat la 10 ani de \u00eenchisoare \u0219i confiscarea patrimoniului statului \u00een valoare de 60.000.000 euro. Ce s-a g\u00e2ndit mizeria de judec\u0103tor, Lupa\u0219cu s\u0103 cheme \u00een judecat\u0103 pe jurnalistul Petrache Ion, pe directorul publica\u021biei Iulian Ratea \u0219i publica\u021bia Edi\u021bie Special\u0103 Press. Acest nemernic de judec\u0103tor s-a apucat s\u0103 intre \u00een calculatoarele Cur\u021bii de Apel Bucure\u0219ti, folosind programele speciale pentru identificarea persoanelor. A intrat \u00een mod abuziv \u00een baza de date a ORC Arge\u0219 \u0219i l-a identificat pe directorul Ratea, lu\u00e2ndu-i numele, anul na\u0219terii \u0219i calitatea din firma respectiv\u0103 precum \u0219i locul na\u0219terii \u0219i jude\u021bul. Toate aceste date furate de Lupa\u0219cu Dan, judec\u0103tor la acel timp \u00een cadrul Cur\u021bii de Apel Bucure\u0219ti, le-a folosit \u00een ac\u021biunea ce a formulat-o c\u0103tre Tribunalul Arge\u0219.<\/p>\n<figure id=\"attachment_5303\" aria-describedby=\"caption-attachment-5303\" style=\"width: 204px\" class=\"wp-caption alignright\"><a href=\"http:\/\/www.editiespecialapress.ro\/wp\/wp-content\/uploads\/2018\/02\/T\u00een\u021bu-Sonia-Ionela-de-fric\u0103-va-face-treaba-mare-pe-scaunul-din-birourile-procurorilor.png\"><img loading=\"lazy\" decoding=\"async\" class=\" wp-image-5303\" src=\"http:\/\/www.editiespecialapress.ro\/wp\/wp-content\/uploads\/2018\/02\/T\u00een\u021bu-Sonia-Ionela-de-fric\u0103-va-face-treaba-mare-pe-scaunul-din-birourile-procurorilor-220x300.png\" alt=\"\" width=\"204\" height=\"274\" \/><\/a><figcaption id=\"caption-attachment-5303\" class=\"wp-caption-text\">T\u00een\u021bu Sonia Ionela de fric\u0103 va face treaba mare pe scaunul din birourile procurorilor<\/figcaption><\/figure>\n<p>A intrat prin programe speciale tot de la calculatorul din birou \u0219i a vrut s\u0103-l identifice \u0219i pe jurnalistul Petrache Ion. Nu a reu\u0219it s\u0103-i ob\u021bin\u0103 datele \u0219i dup\u0103 aceea s-a adresat institu\u021biilor abilitate, la care i-au fost respinse toate solicit\u0103rile abuzive. Avoca\u021bii lui Dan Lupa\u0219cu au \u0219tiut de toate infrac\u021biunile lui Dan Lupa\u0219cu la care au folosit datele furate, date de identitate, domiciliu, anul na\u0219terii, locul na\u0219terii \u0219i calitatea pe care o avea \u0219i o are directorul Ratea \u00een firm\u0103, la ac\u021biunea abuziv\u0103. Jurnalistului Petrache nu i-a pus nici un domiciliu \u00een ac\u021biune, doar au scris: \u201ePetrache Ion, persoan\u0103 fizic\u0103 de na\u021bionalitate rom\u00e2n\u0103\u201d, de\u0219i Codul de Procedur\u0103 Civil\u0103 oblig\u0103 prin art.194.<\/p>\n<p>Art. 194 CPC \u2013 Cuprinsul cererii de chemare \u00een judecat\u0103<\/p>\n<p>\u201e Cererea de chemare \u00een judecat\u0103 va cuprinde:<\/p>\n<ol>\n<li>a) numele \u0219i prenumele, domiciliul sau re\u0219edin\u021ba p\u0103r\u021bilor, pentru persoane juridice denumirea \u0219i sediul lor.<\/li>\n<\/ol>\n<p>De asemenea, cererea va cuprinde \u0219i codul numeric personal sau dup\u0103 caz codul unic de \u00eenregistrare fiscal\u0103 etc.\u201d. Cererea de chemare \u00een judecat\u0103 trebuia respins\u0103 neav\u00e2nd datele de domiciliu, re\u015fedin\u0163a, cod numeric personal, nume verificat, conform prevederilor art. 194 CPC \u015fa.m.d. Pentru jurnalistul Petrache Ion nu au avut \u0219i nu au \u00een cererea de chemare \u00een judecat\u0103 nici date de domiciliu, na\u021bionalitea, re\u0219edin\u021ba sau codul numeric personal etc. Domnului director Ratea i-au furat toate datele \u0219i le-au folosit \u00een cererea de chemare \u00een judecat\u0103, judec\u0103toarea T\u00een\u021bu Sonia nu a vrut s\u0103 aud\u0103 de infrac\u021biunile lui Dan Lupa\u0219cu \u0219i ale avoca\u021bilor lui, a dispus audierea unui martor care nu a relatat c\u0103 l-ar fi v\u0103zut pe Dan Lupa\u0219cu suferind sau c\u0103 i-ar fi spus acesta ceva.<\/p>\n<figure id=\"attachment_5300\" aria-describedby=\"caption-attachment-5300\" style=\"width: 250px\" class=\"wp-caption alignleft\"><a href=\"http:\/\/www.editiespecialapress.ro\/wp\/wp-content\/uploads\/2018\/02\/Avocata-Andrada-Cristina-Onofrei-va-fi-condamnat\u0103-pentru-complicitate.png\"><img loading=\"lazy\" decoding=\"async\" class=\" wp-image-5300\" src=\"http:\/\/www.editiespecialapress.ro\/wp\/wp-content\/uploads\/2018\/02\/Avocata-Andrada-Cristina-Onofrei-va-fi-condamnat\u0103-pentru-complicitate-400x291.png\" alt=\"\" width=\"250\" height=\"184\" \/><\/a><figcaption id=\"caption-attachment-5300\" class=\"wp-caption-text\">Avocata Andrada Cristina Onofrei va fi condamnat\u0103 pentru complicitate<\/figcaption><\/figure>\n<p>Suferin\u021ba trebuie probat\u0103 cu martori sau cu documente medicale, nu po\u021bi aproba o sum\u0103 de 100.000 lei numai c\u0103 ar fi fost publicat Dan Lupa\u0219cu \u0219i c\u0103 ar fi vizualizat articolul nu \u0219tiu c\u00e2\u021bi. Oricum lui Dan Lupa\u0219cu, infractor periculos nu i se face repede r\u0103u dac\u0103-i publici infrac\u021biunile, pentru el conteaz\u0103 banii, \u0219paga primit\u0103 at\u00e2t de la Voiculescu precum \u0219i de la al\u021bi infractori. Aceast\u0103 infractoare T\u00een\u021bu era obligat\u0103 prin lege pentru nulitatea cererii conform art. 196 NCPC.<\/p>\n<p>Art. 196 \u2013 Nulitatea cererii<\/p>\n<p>\u201eCererea de chemare \u00een judecat\u0103 care nu cuprinde nume \u0219i prenume sau dup\u0103 caz denumirea oric\u0103rui dintre p\u00e2r\u00e2\u021bi, obiectul cererii, motivele de fapt ale acesteia ori semn\u0103tura p\u0103r\u021bilor sau a reprezentantului acesteia este nul\u0103\u201d<\/p>\n<p>St\u0103m \u0219i ne g\u00e2ndim dac\u0103 numele de Petrache Ion, nu este real, ce va face judec\u0103toarea T\u00een\u021bu \u0219i curatorul lui Petrache Ion. Lui Petrache Ion i s-a dat un curator Alecse Magdalena, o avocat\u0103 de doi bani jegoas\u0103 ca \u0219i T\u00een\u021bu. Dac\u0103 curatorul reprezint\u0103 o fantom\u0103, ce a f\u0103cut T\u00een\u021bu? Dac\u0103 nu reprezint\u0103 o fantom\u0103 de ce nu a respectat art. 194 NCPC unde se refer\u0103 c\u0103 reclamantul are obliga\u021bia s\u0103 formuleze cererea de chemare \u00een judecat\u0103 cu nume, prenume, real \u0219i verificat, domiciliu sau re\u0219edin\u021ba p\u0103r\u021bilor, codul numeric personal etc.<\/p>\n<figure id=\"attachment_5301\" aria-describedby=\"caption-attachment-5301\" style=\"width: 251px\" class=\"wp-caption alignright\"><a href=\"http:\/\/www.editiespecialapress.ro\/wp\/wp-content\/uploads\/2018\/02\/Avocatul-Cristian-Mare\u0219-va-fi-condamnat-pentru-complicitate-la-toate-infrac\u021biunile-.jpg\"><img loading=\"lazy\" decoding=\"async\" class=\" wp-image-5301\" src=\"http:\/\/www.editiespecialapress.ro\/wp\/wp-content\/uploads\/2018\/02\/Avocatul-Cristian-Mare\u0219-va-fi-condamnat-pentru-complicitate-la-toate-infrac\u021biunile-.jpg\" alt=\"\" width=\"251\" height=\"203\" \/><\/a><figcaption id=\"caption-attachment-5301\" class=\"wp-caption-text\">Avocatul Cristian Mare\u0219 va fi condamnat pentru complicitate la toate infrac\u021biunile<\/figcaption><\/figure>\n<p>De\u0219i institu\u021biile abilitate ale statului le-a respins identificarea numitului Petrache Ion, T\u00een\u021bu a continuat cu abuzul ordinar s\u0103 desemneze un curator pentru Petrache Ion \u0219i s\u0103-l citeze la sediul societ\u0103\u021bii, totul ilegal abuziv din partea judec\u0103torului T\u00een\u021bu. Dac\u0103 codul de procedur\u0103 civil\u0103 oblig\u0103 pe reclaman\u021bi s\u0103 treac\u0103 \u00een cererea de chemare \u00een judecat\u0103 toate datele p\u00e2r\u00e2tului, T\u00een\u021bu \u0219i curatorul a trimis la sediul societ\u0103\u021bii, sentin\u021ba lui Petrache Ion.<\/p>\n<p>A\u0219a cred ele c\u0103 le merge p\u00e2n\u0103 vor fi arestate pentru \u00eenc\u0103lcarea art. 6 CEDO, dreptul la un proces echitabil, abuz \u00een serviciu, fals intelectual, \u00een\u0219el\u0103ciune, constiturea unui grup infrac\u021bional organizat, sp\u0103larea banilor 100.000 lei etc. Cum au putut continua judecarea acestui dosar f\u0103r\u0103 s\u0103 aib\u0103 datele de identitate, datele de domiciliu, re\u0219edin\u021ba, codul numeric personal ce \u00eel reprezint\u0103 pe Petrache Ion \u0219i de unde \u0219tiu ele c\u0103 Petrache Ion e jurnalist, doar c\u0103 apare numele lui pe articol nu este de ajuns. Noi am dorit s\u0103 for\u021beze nota, abuzul, \u00een\u0219el\u0103ciunea etc. pentru a face dovada \u0219i de a \u00eenainta procurorilor dovezi \u0219i \u00eenc\u0103lc\u0103ri grave din partea lui T\u00een\u021bu \u0219i a complicilor ei. Jegoasa de T\u00een\u021bu \u0219i complicii ei vor face pu\u0219c\u0103rie pentru eliberarea sentin\u021bei abuzive cu \u00een\u0219el\u0103ciune de 100.000 lei. Cap de drac T\u00een\u021bu a \u00eenc\u0103lcat art. 6 CEDO \u0219i a intrat sub inciden\u021ba art.17 CEDO &#8211; Interzicerea abuzului de drept.<\/p>\n<figure id=\"attachment_5304\" aria-describedby=\"caption-attachment-5304\" style=\"width: 400px\" class=\"wp-caption aligncenter\"><a href=\"http:\/\/www.editiespecialapress.ro\/wp\/wp-content\/uploads\/2018\/02\/Tribunalul-Arge\u0219-de-tot-rahatul-vor-c\u0103dea-to\u021bi-judec\u0103torii-la-beciurile-domne\u0219ti.jpg\"><img loading=\"lazy\" decoding=\"async\" class=\"wp-image-5304 size-medium\" src=\"http:\/\/www.editiespecialapress.ro\/wp\/wp-content\/uploads\/2018\/02\/Tribunalul-Arge\u0219-de-tot-rahatul-vor-c\u0103dea-to\u021bi-judec\u0103torii-la-beciurile-domne\u0219ti-400x300.jpg\" alt=\"\" width=\"400\" height=\"300\" \/><\/a><figcaption id=\"caption-attachment-5304\" class=\"wp-caption-text\">Tribunalul Arge\u0219 de tot rahatul, vor c\u0103dea to\u021bi judec\u0103torii la beciurile domne\u0219ti<\/figcaption><\/figure>\n<p>\u00ce\u0219i va lua proasta o condamnare grea \u0219i complicii ei la fel. Directorul Iulian Ratea va formula, pl\u00e2ngere penal\u0103 la DNA Pite\u0219ti, la Parchetul de pe l\u00e2ng\u0103 Curtea de Apel Pite\u0219ti precum \u0219i la Parchetul de pe l\u00e2ng\u0103 Curtea de Apel Bucure\u0219ti, de asemenea \u0219i la CSM. Am avut r\u0103bdare s\u0103 a\u0219tept\u0103m p\u00e2n\u0103 la consumarea tuturor infrac\u021biunilor din partea lui T\u00een\u021bu, Lupa\u0219cu, avocata curator Alecse Magdalena, avoca\u021bii lui Lupa\u0219cu, Cristian Mare\u0219 \u0219i Andrada Cristina Onofrei. Suma de 100.000 lei le va fi prejudiciu la faptele penale a\u0219a c\u0103 s\u0103 nu se a\u0219tepte la condamn\u0103ri u\u0219oare. \u00cen acest caz s-a v\u0103zut tupeul curvelor din justi\u021bie \u0219i tupeul curvelor din Barourile Arge\u0219 \u0219i Bucure\u0219ti. Ce tupeu au acestea la infrac\u021biuni, p\u0103catul lor, \u00ee\u0219i vor primi \u0219i acatiste pe nume.<\/p>\n<p style=\"text-align: right;\"><em>Articol de Dan Roait\u0103\u00a0 \u00a0\u00a0<\/em><\/p>\n<p>&nbsp;<\/p>\n","protected":false},"excerpt":{"rendered":"<p>T\u00e2lh\u0103rie de 100.000 lei din partea judec\u0103toarei T\u00een\u021bu Sonia Ionela \u0219i din partea complicilor ei, Lupa\u0219cu Dan ex judec\u0103tor, Cristian Mare\u0219 avocat, Andrada Cristina Onofrei avocat, Alexe Magdalena curator avocat la jurnalistul Petrache Ion, la publica\u021bia Edi\u021bie Special\u0103 Press Dragii no\u0219tri cititori, continu\u0103m \u00een aceast\u0103 edi\u021bie cu un judec\u0103tor corupt, abuziv t\u00e2lhar Sonia Ionela T\u00een\u021bu, [&hellip;]<\/p>\n","protected":false},"author":2,"featured_media":5305,"comment_status":"closed","ping_status":"open","sticky":false,"template":"","format":"standard","meta":{"footnotes":""},"categories":[2],"tags":[712,667,668,633,682,713,669],"class_list":{"0":"post-5299","1":"post","2":"type-post","3":"status-publish","4":"format-standard","5":"has-post-thumbnail","7":"category-ancheta","8":"tag-alexe-magdalena","9":"tag-andrada-cristina-onofrei","10":"tag-cristian-mares","11":"tag-dan-lupascu","12":"tag-iulian-ratea","13":"tag-petrache-ion","14":"tag-tintu-sonia-ionela"},"_links":{"self":[{"href":"https:\/\/www.editiespecialapress.ro\/newtest\/wp-json\/wp\/v2\/posts\/5299","targetHints":{"allow":["GET"]}}],"collection":[{"href":"https:\/\/www.editiespecialapress.ro\/newtest\/wp-json\/wp\/v2\/posts"}],"about":[{"href":"https:\/\/www.editiespecialapress.ro\/newtest\/wp-json\/wp\/v2\/types\/post"}],"author":[{"embeddable":true,"href":"https:\/\/www.editiespecialapress.ro\/newtest\/wp-json\/wp\/v2\/users\/2"}],"replies":[{"embeddable":true,"href":"https:\/\/www.editiespecialapress.ro\/newtest\/wp-json\/wp\/v2\/comments?post=5299"}],"version-history":[{"count":0,"href":"https:\/\/www.editiespecialapress.ro\/newtest\/wp-json\/wp\/v2\/posts\/5299\/revisions"}],"wp:featuredmedia":[{"embeddable":true,"href":"https:\/\/www.editiespecialapress.ro\/newtest\/wp-json\/"}],"wp:attachment":[{"href":"https:\/\/www.editiespecialapress.ro\/newtest\/wp-json\/wp\/v2\/media?parent=5299"}],"wp:term":[{"taxonomy":"category","embeddable":true,"href":"https:\/\/www.editiespecialapress.ro\/newtest\/wp-json\/wp\/v2\/categories?post=5299"},{"taxonomy":"post_tag","embeddable":true,"href":"https:\/\/www.editiespecialapress.ro\/newtest\/wp-json\/wp\/v2\/tags?post=5299"}],"curies":[{"name":"wp","href":"https:\/\/api.w.org\/{rel}","templated":true}]}}