{"id":5319,"date":"2018-02-12T16:59:43","date_gmt":"2018-02-12T13:59:43","guid":{"rendered":"http:\/\/www.editiespecialapress.ro\/?p=5319"},"modified":"2018-02-12T16:59:43","modified_gmt":"2018-02-12T13:59:43","slug":"la-multi-ani-de-valentines-day-primaria-poiana-lacului","status":"publish","type":"post","link":"https:\/\/www.editiespecialapress.ro\/newtest\/2018\/02\/12\/la-multi-ani-de-valentines-day-primaria-poiana-lacului\/","title":{"rendered":"La Mul\u021bi ani de Valentine&#8217;s Day! &#8211; Prim\u0103ria Poiana Lacului"},"content":{"rendered":"<p>Ziua \u00cendr\u0103gosti\u0163ilor este un bun prilej pentru a-i demonstra persoanei iubite afec\u0163iunea \u015fi dragostea pe care o sim\u0163i\u0163i!\u00a0Dragostea e un munte pe care \u00eel urci r\u00e2z\u00e2nd \u015fi \u00eel cobori pl\u00e2ng\u00e2nd. E o taina pe care \u00eendr\u0103gosti\u0163ii o ascund de frica lumii\u2026. c\u00e2nd taina e descoperita dragostea se stinge ca un cli\u015feu fotografic expus la lumina. S\u0103 fi\u021bi iubi\u021bi!<\/p>\n<p style=\"text-align: right;\"><em><strong>Prim\u0103ria Poiana Lacului \u2013 AG,<\/strong><\/em><\/p>\n<p style=\"text-align: right;\"><em><strong>Primar Dumitrache Ion, angaja\u021bii prim\u0103riei \u0219i Consiliul Local<\/strong><\/em><\/p>\n","protected":false},"excerpt":{"rendered":"<p>Ziua \u00cendr\u0103gosti\u0163ilor este un bun prilej pentru a-i demonstra persoanei iubite afec\u0163iunea \u015fi dragostea pe care o sim\u0163i\u0163i!\u00a0Dragostea e un munte pe care \u00eel urci r\u00e2z\u00e2nd \u015fi \u00eel cobori pl\u00e2ng\u00e2nd. E o taina pe care \u00eendr\u0103gosti\u0163ii o ascund de frica lumii\u2026. c\u00e2nd taina e descoperita dragostea se stinge ca un cli\u015feu fotografic expus la lumina. [&hellip;]<\/p>\n","protected":false},"author":2,"featured_media":5321,"comment_status":"closed","ping_status":"open","sticky":false,"template":"","format":"standard","meta":{"footnotes":""},"categories":[4],"tags":[],"class_list":{"0":"post-5319","1":"post","2":"type-post","3":"status-publish","4":"format-standard","5":"has-post-thumbnail","7":"category-felicitari"},"_links":{"self":[{"href":"https:\/\/www.editiespecialapress.ro\/newtest\/wp-json\/wp\/v2\/posts\/5319","targetHints":{"allow":["GET"]}}],"collection":[{"href":"https:\/\/www.editiespecialapress.ro\/newtest\/wp-json\/wp\/v2\/posts"}],"about":[{"href":"https:\/\/www.editiespecialapress.ro\/newtest\/wp-json\/wp\/v2\/types\/post"}],"author":[{"embeddable":true,"href":"https:\/\/www.editiespecialapress.ro\/newtest\/wp-json\/wp\/v2\/users\/2"}],"replies":[{"embeddable":true,"href":"https:\/\/www.editiespecialapress.ro\/newtest\/wp-json\/wp\/v2\/comments?post=5319"}],"version-history":[{"count":0,"href":"https:\/\/www.editiespecialapress.ro\/newtest\/wp-json\/wp\/v2\/posts\/5319\/revisions"}],"wp:featuredmedia":[{"embeddable":true,"href":"https:\/\/www.editiespecialapress.ro\/newtest\/wp-json\/"}],"wp:attachment":[{"href":"https:\/\/www.editiespecialapress.ro\/newtest\/wp-json\/wp\/v2\/media?parent=5319"}],"wp:term":[{"taxonomy":"category","embeddable":true,"href":"https:\/\/www.editiespecialapress.ro\/newtest\/wp-json\/wp\/v2\/categories?post=5319"},{"taxonomy":"post_tag","embeddable":true,"href":"https:\/\/www.editiespecialapress.ro\/newtest\/wp-json\/wp\/v2\/tags?post=5319"}],"curies":[{"name":"wp","href":"https:\/\/api.w.org\/{rel}","templated":true}]}}