{"id":5347,"date":"2018-02-25T21:37:01","date_gmt":"2018-02-25T18:37:01","guid":{"rendered":"http:\/\/www.editiespecialapress.ro\/?p=5347"},"modified":"2018-02-25T21:37:01","modified_gmt":"2018-02-25T18:37:01","slug":"la-multi-ani-de-1-martie-primaria-oarja","status":"publish","type":"post","link":"https:\/\/www.editiespecialapress.ro\/newtest\/2018\/02\/25\/la-multi-ani-de-1-martie-primaria-oarja\/","title":{"rendered":"La mul\u021bi ani de 1 Martie! \u2013 Prim\u0103ria Oarja"},"content":{"rendered":"<p>Z\u00e2mbetul s\u0103 v\u0103 fie mereu bl\u00e2nd precum soarele prim\u0103verii. Inima s\u0103 v\u0103 tresar\u0103 mereu de bucurie la vederea primului ghiocel. Iar minunea rena\u0219terii naturii s\u0103 v\u0103 aduc\u0103 aminte c\u0103 \u00eentotdeauna mai exist\u0103 o speran\u0163\u0103. O prim\u0103vara ca-n povesti!<\/p>\n<p style=\"text-align: right;\"><em><strong><span id=\"yui_3_16_0_ym19_1_1482136924624_4467\">Prim\u0103ria Oarja AG, Primar B\u00eelea Constantin,<\/span>\u00a0 <\/strong><\/em><\/p>\n<p style=\"text-align: right;\"><em><strong><span id=\"yui_3_16_0_ym19_1_1482136924624_4469\">\u00eempreun\u0103 cu angaja\u021bii Prim\u0103riei \u0219i Consiliul Local<\/span><\/strong><\/em><\/p>\n","protected":false},"excerpt":{"rendered":"<p>Z\u00e2mbetul s\u0103 v\u0103 fie mereu bl\u00e2nd precum soarele prim\u0103verii. Inima s\u0103 v\u0103 tresar\u0103 mereu de bucurie la vederea primului ghiocel. Iar minunea rena\u0219terii naturii s\u0103 v\u0103 aduc\u0103 aminte c\u0103 \u00eentotdeauna mai exist\u0103 o speran\u0163\u0103. O prim\u0103vara ca-n povesti! Prim\u0103ria Oarja AG, Primar B\u00eelea Constantin,\u00a0 \u00eempreun\u0103 cu angaja\u021bii Prim\u0103riei \u0219i Consiliul Local<\/p>\n","protected":false},"author":2,"featured_media":5339,"comment_status":"closed","ping_status":"open","sticky":false,"template":"","format":"standard","meta":{"footnotes":""},"categories":[4],"tags":[],"class_list":{"0":"post-5347","1":"post","2":"type-post","3":"status-publish","4":"format-standard","5":"has-post-thumbnail","7":"category-felicitari"},"_links":{"self":[{"href":"https:\/\/www.editiespecialapress.ro\/newtest\/wp-json\/wp\/v2\/posts\/5347","targetHints":{"allow":["GET"]}}],"collection":[{"href":"https:\/\/www.editiespecialapress.ro\/newtest\/wp-json\/wp\/v2\/posts"}],"about":[{"href":"https:\/\/www.editiespecialapress.ro\/newtest\/wp-json\/wp\/v2\/types\/post"}],"author":[{"embeddable":true,"href":"https:\/\/www.editiespecialapress.ro\/newtest\/wp-json\/wp\/v2\/users\/2"}],"replies":[{"embeddable":true,"href":"https:\/\/www.editiespecialapress.ro\/newtest\/wp-json\/wp\/v2\/comments?post=5347"}],"version-history":[{"count":0,"href":"https:\/\/www.editiespecialapress.ro\/newtest\/wp-json\/wp\/v2\/posts\/5347\/revisions"}],"wp:featuredmedia":[{"embeddable":true,"href":"https:\/\/www.editiespecialapress.ro\/newtest\/wp-json\/"}],"wp:attachment":[{"href":"https:\/\/www.editiespecialapress.ro\/newtest\/wp-json\/wp\/v2\/media?parent=5347"}],"wp:term":[{"taxonomy":"category","embeddable":true,"href":"https:\/\/www.editiespecialapress.ro\/newtest\/wp-json\/wp\/v2\/categories?post=5347"},{"taxonomy":"post_tag","embeddable":true,"href":"https:\/\/www.editiespecialapress.ro\/newtest\/wp-json\/wp\/v2\/tags?post=5347"}],"curies":[{"name":"wp","href":"https:\/\/api.w.org\/{rel}","templated":true}]}}