{"id":538,"date":"2013-12-29T21:47:49","date_gmt":"2013-12-29T21:47:49","guid":{"rendered":"http:\/\/www.editiespecialapress.ro\/?p=538"},"modified":"2013-12-29T21:47:49","modified_gmt":"2013-12-29T21:47:49","slug":"ion-dumitrache-primar-poiana-lacului-urare-2014","status":"publish","type":"post","link":"https:\/\/www.editiespecialapress.ro\/newtest\/2013\/12\/29\/ion-dumitrache-primar-poiana-lacului-urare-2014\/","title":{"rendered":"Ion Dumitrache, primar Poiana Lacului, urare 2014"},"content":{"rendered":"<p>Fie ca iubirea, \u00een\u0163elepciunea, \u00eencrederea \u015fi generozitatea s\u0103 v\u0103 c\u0103l\u0103uzeasc\u0103 pa\u015fii \u00een noul an! La mul\u0163i ani \u00een 2014<\/p>\n<p style=\"text-align: right;\">Primaria Poiana Lacului, Arges<br \/>\nIon Dumitrache, Primar Poiana Lacului<\/p>\n","protected":false},"excerpt":{"rendered":"<p>Fie ca iubirea, \u00een\u0163elepciunea, \u00eencrederea \u015fi generozitatea s\u0103 v\u0103 c\u0103l\u0103uzeasc\u0103 pa\u015fii \u00een noul an! La mul\u0163i ani \u00een 2014 Primaria Poiana Lacului, Arges Ion Dumitrache, Primar Poiana Lacului<\/p>\n","protected":false},"author":2,"featured_media":519,"comment_status":"closed","ping_status":"open","sticky":false,"template":"","format":"standard","meta":{"footnotes":""},"categories":[4],"tags":[],"class_list":{"0":"post-538","1":"post","2":"type-post","3":"status-publish","4":"format-standard","5":"has-post-thumbnail","7":"category-felicitari"},"_links":{"self":[{"href":"https:\/\/www.editiespecialapress.ro\/newtest\/wp-json\/wp\/v2\/posts\/538","targetHints":{"allow":["GET"]}}],"collection":[{"href":"https:\/\/www.editiespecialapress.ro\/newtest\/wp-json\/wp\/v2\/posts"}],"about":[{"href":"https:\/\/www.editiespecialapress.ro\/newtest\/wp-json\/wp\/v2\/types\/post"}],"author":[{"embeddable":true,"href":"https:\/\/www.editiespecialapress.ro\/newtest\/wp-json\/wp\/v2\/users\/2"}],"replies":[{"embeddable":true,"href":"https:\/\/www.editiespecialapress.ro\/newtest\/wp-json\/wp\/v2\/comments?post=538"}],"version-history":[{"count":0,"href":"https:\/\/www.editiespecialapress.ro\/newtest\/wp-json\/wp\/v2\/posts\/538\/revisions"}],"wp:featuredmedia":[{"embeddable":true,"href":"https:\/\/www.editiespecialapress.ro\/newtest\/wp-json\/wp\/v2\/media\/519"}],"wp:attachment":[{"href":"https:\/\/www.editiespecialapress.ro\/newtest\/wp-json\/wp\/v2\/media?parent=538"}],"wp:term":[{"taxonomy":"category","embeddable":true,"href":"https:\/\/www.editiespecialapress.ro\/newtest\/wp-json\/wp\/v2\/categories?post=538"},{"taxonomy":"post_tag","embeddable":true,"href":"https:\/\/www.editiespecialapress.ro\/newtest\/wp-json\/wp\/v2\/tags?post=538"}],"curies":[{"name":"wp","href":"https:\/\/api.w.org\/{rel}","templated":true}]}}