{"id":540,"date":"2013-12-29T21:50:11","date_gmt":"2013-12-29T21:50:11","guid":{"rendered":"http:\/\/www.editiespecialapress.ro\/?p=540"},"modified":"2013-12-29T21:50:11","modified_gmt":"2013-12-29T21:50:11","slug":"ion-georgescu-primar-mioveni-urare-2014","status":"publish","type":"post","link":"https:\/\/www.editiespecialapress.ro\/newtest\/2013\/12\/29\/ion-georgescu-primar-mioveni-urare-2014\/","title":{"rendered":"Ion Georgescu, primar Mioveni, urare 2014"},"content":{"rendered":"<p>Frumuse\u0163ea iernii cu albul fulgilor de nea pres\u0103ra\u0163i peste g\u00e2ndurile noastre, cu dulcele ecou al colindelor, cu imaginea \u00een suflet a celor dragi, ne va petrece \u00eentr-un nou an \u00eemplini\u0163i, iubi\u0163i \u015fi ferici\u0163i. La Mul\u0163i Ani !!<\/p>\n<p style=\"text-align: right;\">Primaria Mioveni, Arges<br \/>\nIon Georgescu, Primar Mioveni<\/p>\n","protected":false},"excerpt":{"rendered":"<p>Frumuse\u0163ea iernii cu albul fulgilor de nea pres\u0103ra\u0163i peste g\u00e2ndurile noastre, cu dulcele ecou al colindelor, cu imaginea \u00een suflet a celor dragi, ne va petrece \u00eentr-un nou an \u00eemplini\u0163i, iubi\u0163i \u015fi ferici\u0163i. La Mul\u0163i Ani !! Primaria Mioveni, Arges Ion Georgescu, Primar Mioveni<\/p>\n","protected":false},"author":2,"featured_media":521,"comment_status":"closed","ping_status":"open","sticky":false,"template":"","format":"standard","meta":{"footnotes":""},"categories":[4],"tags":[],"class_list":{"0":"post-540","1":"post","2":"type-post","3":"status-publish","4":"format-standard","5":"has-post-thumbnail","7":"category-felicitari"},"_links":{"self":[{"href":"https:\/\/www.editiespecialapress.ro\/newtest\/wp-json\/wp\/v2\/posts\/540","targetHints":{"allow":["GET"]}}],"collection":[{"href":"https:\/\/www.editiespecialapress.ro\/newtest\/wp-json\/wp\/v2\/posts"}],"about":[{"href":"https:\/\/www.editiespecialapress.ro\/newtest\/wp-json\/wp\/v2\/types\/post"}],"author":[{"embeddable":true,"href":"https:\/\/www.editiespecialapress.ro\/newtest\/wp-json\/wp\/v2\/users\/2"}],"replies":[{"embeddable":true,"href":"https:\/\/www.editiespecialapress.ro\/newtest\/wp-json\/wp\/v2\/comments?post=540"}],"version-history":[{"count":0,"href":"https:\/\/www.editiespecialapress.ro\/newtest\/wp-json\/wp\/v2\/posts\/540\/revisions"}],"wp:featuredmedia":[{"embeddable":true,"href":"https:\/\/www.editiespecialapress.ro\/newtest\/wp-json\/wp\/v2\/media\/521"}],"wp:attachment":[{"href":"https:\/\/www.editiespecialapress.ro\/newtest\/wp-json\/wp\/v2\/media?parent=540"}],"wp:term":[{"taxonomy":"category","embeddable":true,"href":"https:\/\/www.editiespecialapress.ro\/newtest\/wp-json\/wp\/v2\/categories?post=540"},{"taxonomy":"post_tag","embeddable":true,"href":"https:\/\/www.editiespecialapress.ro\/newtest\/wp-json\/wp\/v2\/tags?post=540"}],"curies":[{"name":"wp","href":"https:\/\/api.w.org\/{rel}","templated":true}]}}