{"id":5416,"date":"2018-04-01T22:52:20","date_gmt":"2018-04-01T19:52:20","guid":{"rendered":"http:\/\/www.editiespecialapress.ro\/?p=5416"},"modified":"2018-04-01T22:52:20","modified_gmt":"2018-04-01T19:52:20","slug":"paste-fericit-primaria-oarja","status":"publish","type":"post","link":"https:\/\/www.editiespecialapress.ro\/newtest\/2018\/04\/01\/paste-fericit-primaria-oarja\/","title":{"rendered":"Pa\u0219te Fericit! &#8211; Prim\u0103ria Oarja"},"content":{"rendered":"<p>Fie ca lumina \u00cenvierii M\u00e2ntuitorului s\u0103 v\u0103 inunde casa \u015fi s\u0103 v\u0103 aduc\u0103 numai armonie, fericire, mult\u0103 iubire, pace \u015fi fericirea de a petrece aceste clipe magice al\u0103turi de cei dragi. Hristos a \u00eenviat! Pa\u015fte fericit!<\/p>\n<p style=\"text-align: right;\"><em><strong><span id=\"yui_3_16_0_ym19_1_1482136924624_4467\">Prim\u0103ria Oarja AG, Primar B\u00eelea Constantin,<\/span>\u00a0 <\/strong><\/em><\/p>\n<p style=\"text-align: right;\"><em><strong><span id=\"yui_3_16_0_ym19_1_1482136924624_4469\">\u00eempreun\u0103 cu angaja\u021bii Prim\u0103riei \u0219i Consiliul Loca<\/span><\/strong>l<\/em><\/p>\n","protected":false},"excerpt":{"rendered":"<p>Fie ca lumina \u00cenvierii M\u00e2ntuitorului s\u0103 v\u0103 inunde casa \u015fi s\u0103 v\u0103 aduc\u0103 numai armonie, fericire, mult\u0103 iubire, pace \u015fi fericirea de a petrece aceste clipe magice al\u0103turi de cei dragi. Hristos a \u00eenviat! Pa\u015fte fericit! Prim\u0103ria Oarja AG, Primar B\u00eelea Constantin,\u00a0 \u00eempreun\u0103 cu angaja\u021bii Prim\u0103riei \u0219i Consiliul Local<\/p>\n","protected":false},"author":2,"featured_media":5417,"comment_status":"closed","ping_status":"open","sticky":false,"template":"","format":"standard","meta":{"footnotes":""},"categories":[4],"tags":[],"class_list":{"0":"post-5416","1":"post","2":"type-post","3":"status-publish","4":"format-standard","5":"has-post-thumbnail","7":"category-felicitari"},"_links":{"self":[{"href":"https:\/\/www.editiespecialapress.ro\/newtest\/wp-json\/wp\/v2\/posts\/5416","targetHints":{"allow":["GET"]}}],"collection":[{"href":"https:\/\/www.editiespecialapress.ro\/newtest\/wp-json\/wp\/v2\/posts"}],"about":[{"href":"https:\/\/www.editiespecialapress.ro\/newtest\/wp-json\/wp\/v2\/types\/post"}],"author":[{"embeddable":true,"href":"https:\/\/www.editiespecialapress.ro\/newtest\/wp-json\/wp\/v2\/users\/2"}],"replies":[{"embeddable":true,"href":"https:\/\/www.editiespecialapress.ro\/newtest\/wp-json\/wp\/v2\/comments?post=5416"}],"version-history":[{"count":0,"href":"https:\/\/www.editiespecialapress.ro\/newtest\/wp-json\/wp\/v2\/posts\/5416\/revisions"}],"wp:featuredmedia":[{"embeddable":true,"href":"https:\/\/www.editiespecialapress.ro\/newtest\/wp-json\/"}],"wp:attachment":[{"href":"https:\/\/www.editiespecialapress.ro\/newtest\/wp-json\/wp\/v2\/media?parent=5416"}],"wp:term":[{"taxonomy":"category","embeddable":true,"href":"https:\/\/www.editiespecialapress.ro\/newtest\/wp-json\/wp\/v2\/categories?post=5416"},{"taxonomy":"post_tag","embeddable":true,"href":"https:\/\/www.editiespecialapress.ro\/newtest\/wp-json\/wp\/v2\/tags?post=5416"}],"curies":[{"name":"wp","href":"https:\/\/api.w.org\/{rel}","templated":true}]}}