{"id":5422,"date":"2018-04-01T22:56:53","date_gmt":"2018-04-01T19:56:53","guid":{"rendered":"http:\/\/www.editiespecialapress.ro\/?p=5422"},"modified":"2018-04-01T22:56:53","modified_gmt":"2018-04-01T19:56:53","slug":"paste-fericit-primaria-poiana-lacului-2","status":"publish","type":"post","link":"https:\/\/www.editiespecialapress.ro\/newtest\/2018\/04\/01\/paste-fericit-primaria-poiana-lacului-2\/","title":{"rendered":"Pa\u0219te Fericit! &#8211; Prim\u0103ria Poiana Lacului"},"content":{"rendered":"<p>Fie ca Sfintele S\u0103rb\u0103tori s\u0103 ne fac\u0103 via\u0163a mai frumoas\u0103, casa mai bogat\u0103 \u015fi masa \u00eenbel\u015fugat\u0103. Fie ca \u00cenvierea M\u00e2ntuitorului s\u0103 ne fac\u0103 s\u0103 aducem lumin\u0103, c\u0103ldur\u0103 \u015fi iubire \u00een suflet. V\u0103 dorim ca sfintele s\u0103rb\u0103tori de Pa\u0219te s\u0103 v\u0103 aduc\u0103 lini\u0219te \u00een suflet, mult\u0103 bucurie, s\u0103n\u0103tate, fericire \u0219i puterea de a d\u0103rui \u0219i ajuta semenii. Pa\u0219te fericit!<\/p>\n<p style=\"text-align: right;\"><strong>Prim\u0103ria Poiana Lacului (AG), <\/strong><\/p>\n<p style=\"text-align: right;\"><strong>Primar Dumitrache Ion \u00eempreun\u0103 cu angaja\u021bii Prim\u0103riei \u0219i Consiliul Local<\/strong><\/p>\n","protected":false},"excerpt":{"rendered":"<p>Fie ca Sfintele S\u0103rb\u0103tori s\u0103 ne fac\u0103 via\u0163a mai frumoas\u0103, casa mai bogat\u0103 \u015fi masa \u00eenbel\u015fugat\u0103. Fie ca \u00cenvierea M\u00e2ntuitorului s\u0103 ne fac\u0103 s\u0103 aducem lumin\u0103, c\u0103ldur\u0103 \u015fi iubire \u00een suflet. V\u0103 dorim ca sfintele s\u0103rb\u0103tori de Pa\u0219te s\u0103 v\u0103 aduc\u0103 lini\u0219te \u00een suflet, mult\u0103 bucurie, s\u0103n\u0103tate, fericire \u0219i puterea de a d\u0103rui \u0219i ajuta [&hellip;]<\/p>\n","protected":false},"author":2,"featured_media":5419,"comment_status":"closed","ping_status":"open","sticky":false,"template":"","format":"standard","meta":{"footnotes":""},"categories":[4],"tags":[],"class_list":{"0":"post-5422","1":"post","2":"type-post","3":"status-publish","4":"format-standard","5":"has-post-thumbnail","7":"category-felicitari"},"_links":{"self":[{"href":"https:\/\/www.editiespecialapress.ro\/newtest\/wp-json\/wp\/v2\/posts\/5422","targetHints":{"allow":["GET"]}}],"collection":[{"href":"https:\/\/www.editiespecialapress.ro\/newtest\/wp-json\/wp\/v2\/posts"}],"about":[{"href":"https:\/\/www.editiespecialapress.ro\/newtest\/wp-json\/wp\/v2\/types\/post"}],"author":[{"embeddable":true,"href":"https:\/\/www.editiespecialapress.ro\/newtest\/wp-json\/wp\/v2\/users\/2"}],"replies":[{"embeddable":true,"href":"https:\/\/www.editiespecialapress.ro\/newtest\/wp-json\/wp\/v2\/comments?post=5422"}],"version-history":[{"count":0,"href":"https:\/\/www.editiespecialapress.ro\/newtest\/wp-json\/wp\/v2\/posts\/5422\/revisions"}],"wp:featuredmedia":[{"embeddable":true,"href":"https:\/\/www.editiespecialapress.ro\/newtest\/wp-json\/"}],"wp:attachment":[{"href":"https:\/\/www.editiespecialapress.ro\/newtest\/wp-json\/wp\/v2\/media?parent=5422"}],"wp:term":[{"taxonomy":"category","embeddable":true,"href":"https:\/\/www.editiespecialapress.ro\/newtest\/wp-json\/wp\/v2\/categories?post=5422"},{"taxonomy":"post_tag","embeddable":true,"href":"https:\/\/www.editiespecialapress.ro\/newtest\/wp-json\/wp\/v2\/tags?post=5422"}],"curies":[{"name":"wp","href":"https:\/\/api.w.org\/{rel}","templated":true}]}}