{"id":5424,"date":"2018-04-01T22:59:17","date_gmt":"2018-04-01T19:59:17","guid":{"rendered":"http:\/\/www.editiespecialapress.ro\/?p=5424"},"modified":"2018-04-01T22:59:17","modified_gmt":"2018-04-01T19:59:17","slug":"paste-fericit-primaria-lunca-corbului","status":"publish","type":"post","link":"https:\/\/www.editiespecialapress.ro\/newtest\/2018\/04\/01\/paste-fericit-primaria-lunca-corbului\/","title":{"rendered":"Pa\u0219te Fericit! &#8211; Prim\u0103ria Lunca Corbului"},"content":{"rendered":"<p>Cu ocazia s\u0103rb\u0103torilor pascale\u00a0v\u0103 dorim ca \u00een aceste zile sfinte de s\u0103rb\u0103toare s\u0103 se reverse speran\u0163a, \u00een\u0163elegerea \u015fi bucuria \u00een sufletele \u0219i \u00een casele dumneavoastr\u0103. S\u0103rb\u0103toarea \u00cenvierii Domnului binecuv\u00e2ntat\u0103 de lumina sf\u00e2nt\u0103 s\u0103 aduc\u0103 sentimente calde, bog\u0103\u0163ie sufleteasc\u0103 \u015fi bun\u0103stare \u00eentr-un ou \u00eenro\u015fit de iubire \u015fi \u00eentr-un cozonac delicios precum voia bun\u0103. Pa\u0219te fericit!<\/p>\n<p style=\"text-align: right;\"><strong> Prim\u0103ria Lunca Corbului (AG), <\/strong><\/p>\n<p style=\"text-align: right;\"><strong> Primar Dr\u0103gan Gheorghe \u00eempreun\u0103 cu angaja\u021bii prim\u0103riei \u0219i Consiliul Local<\/strong><\/p>\n<p>&nbsp;<\/p>\n","protected":false},"excerpt":{"rendered":"<p>Cu ocazia s\u0103rb\u0103torilor pascale\u00a0v\u0103 dorim ca \u00een aceste zile sfinte de s\u0103rb\u0103toare s\u0103 se reverse speran\u0163a, \u00een\u0163elegerea \u015fi bucuria \u00een sufletele \u0219i \u00een casele dumneavoastr\u0103. S\u0103rb\u0103toarea \u00cenvierii Domnului binecuv\u00e2ntat\u0103 de lumina sf\u00e2nt\u0103 s\u0103 aduc\u0103 sentimente calde, bog\u0103\u0163ie sufleteasc\u0103 \u015fi bun\u0103stare \u00eentr-un ou \u00eenro\u015fit de iubire \u015fi \u00eentr-un cozonac delicios precum voia bun\u0103. Pa\u0219te fericit! Prim\u0103ria [&hellip;]<\/p>\n","protected":false},"author":2,"featured_media":5418,"comment_status":"closed","ping_status":"open","sticky":false,"template":"","format":"standard","meta":{"footnotes":""},"categories":[4],"tags":[],"class_list":{"0":"post-5424","1":"post","2":"type-post","3":"status-publish","4":"format-standard","5":"has-post-thumbnail","7":"category-felicitari"},"_links":{"self":[{"href":"https:\/\/www.editiespecialapress.ro\/newtest\/wp-json\/wp\/v2\/posts\/5424","targetHints":{"allow":["GET"]}}],"collection":[{"href":"https:\/\/www.editiespecialapress.ro\/newtest\/wp-json\/wp\/v2\/posts"}],"about":[{"href":"https:\/\/www.editiespecialapress.ro\/newtest\/wp-json\/wp\/v2\/types\/post"}],"author":[{"embeddable":true,"href":"https:\/\/www.editiespecialapress.ro\/newtest\/wp-json\/wp\/v2\/users\/2"}],"replies":[{"embeddable":true,"href":"https:\/\/www.editiespecialapress.ro\/newtest\/wp-json\/wp\/v2\/comments?post=5424"}],"version-history":[{"count":0,"href":"https:\/\/www.editiespecialapress.ro\/newtest\/wp-json\/wp\/v2\/posts\/5424\/revisions"}],"wp:featuredmedia":[{"embeddable":true,"href":"https:\/\/www.editiespecialapress.ro\/newtest\/wp-json\/"}],"wp:attachment":[{"href":"https:\/\/www.editiespecialapress.ro\/newtest\/wp-json\/wp\/v2\/media?parent=5424"}],"wp:term":[{"taxonomy":"category","embeddable":true,"href":"https:\/\/www.editiespecialapress.ro\/newtest\/wp-json\/wp\/v2\/categories?post=5424"},{"taxonomy":"post_tag","embeddable":true,"href":"https:\/\/www.editiespecialapress.ro\/newtest\/wp-json\/wp\/v2\/tags?post=5424"}],"curies":[{"name":"wp","href":"https:\/\/api.w.org\/{rel}","templated":true}]}}