{"id":5434,"date":"2018-04-04T09:20:06","date_gmt":"2018-04-04T06:20:06","guid":{"rendered":"http:\/\/www.editiespecialapress.ro\/?p=5434"},"modified":"2018-04-04T09:20:06","modified_gmt":"2018-04-04T06:20:06","slug":"paste-fericit-primaria-bogati","status":"publish","type":"post","link":"https:\/\/www.editiespecialapress.ro\/newtest\/2018\/04\/04\/paste-fericit-primaria-bogati\/","title":{"rendered":"Pa\u0219te Fericit! &#8211; Prim\u0103ria Boga\u021bi"},"content":{"rendered":"<p>Lumina Sfintei \u00cenvieri s\u0103 p\u0103trund\u0103 \u00een sufletul \u0219i \u00een inimile voastre bucur\u00e2ndu-v\u0103 de minunea \u00cenvierii Domnului nostru Iisus Hristos! Sfintele s\u0103rb\u0103tori de Pa\u0219te s\u0103 v\u0103 aduc\u0103 armonie \u00een cas\u0103 \u0219i \u00een g\u00e2nd, \u00eemp\u0103care \u0219i reg\u0103sirea \u00een\u021belepciunii \u00een s\u00e2nul familiei. Hristos a \u00eenviat!<\/p>\n<p>&nbsp;<\/p>\n<p style=\"text-align: right;\"><em><strong>Prim\u0103ria Boga\u021bi AG, Primar G\u00e2rleanu Ion,<\/strong><\/em><\/p>\n<p style=\"text-align: right;\"><em><strong>angaja\u021bii Prim\u0103riei \u0219i Consiliul Local\u00a0<\/strong><\/em><\/p>\n","protected":false},"excerpt":{"rendered":"<p>Lumina Sfintei \u00cenvieri s\u0103 p\u0103trund\u0103 \u00een sufletul \u0219i \u00een inimile voastre bucur\u00e2ndu-v\u0103 de minunea \u00cenvierii Domnului nostru Iisus Hristos! Sfintele s\u0103rb\u0103tori de Pa\u0219te s\u0103 v\u0103 aduc\u0103 armonie \u00een cas\u0103 \u0219i \u00een g\u00e2nd, \u00eemp\u0103care \u0219i reg\u0103sirea \u00een\u021belepciunii \u00een s\u00e2nul familiei. Hristos a \u00eenviat! &nbsp; Prim\u0103ria Boga\u021bi AG, Primar G\u00e2rleanu Ion, angaja\u021bii Prim\u0103riei \u0219i Consiliul Local\u00a0<\/p>\n","protected":false},"author":2,"featured_media":5435,"comment_status":"closed","ping_status":"open","sticky":false,"template":"","format":"standard","meta":{"footnotes":""},"categories":[4],"tags":[],"class_list":{"0":"post-5434","1":"post","2":"type-post","3":"status-publish","4":"format-standard","5":"has-post-thumbnail","7":"category-felicitari"},"_links":{"self":[{"href":"https:\/\/www.editiespecialapress.ro\/newtest\/wp-json\/wp\/v2\/posts\/5434","targetHints":{"allow":["GET"]}}],"collection":[{"href":"https:\/\/www.editiespecialapress.ro\/newtest\/wp-json\/wp\/v2\/posts"}],"about":[{"href":"https:\/\/www.editiespecialapress.ro\/newtest\/wp-json\/wp\/v2\/types\/post"}],"author":[{"embeddable":true,"href":"https:\/\/www.editiespecialapress.ro\/newtest\/wp-json\/wp\/v2\/users\/2"}],"replies":[{"embeddable":true,"href":"https:\/\/www.editiespecialapress.ro\/newtest\/wp-json\/wp\/v2\/comments?post=5434"}],"version-history":[{"count":0,"href":"https:\/\/www.editiespecialapress.ro\/newtest\/wp-json\/wp\/v2\/posts\/5434\/revisions"}],"wp:featuredmedia":[{"embeddable":true,"href":"https:\/\/www.editiespecialapress.ro\/newtest\/wp-json\/"}],"wp:attachment":[{"href":"https:\/\/www.editiespecialapress.ro\/newtest\/wp-json\/wp\/v2\/media?parent=5434"}],"wp:term":[{"taxonomy":"category","embeddable":true,"href":"https:\/\/www.editiespecialapress.ro\/newtest\/wp-json\/wp\/v2\/categories?post=5434"},{"taxonomy":"post_tag","embeddable":true,"href":"https:\/\/www.editiespecialapress.ro\/newtest\/wp-json\/wp\/v2\/tags?post=5434"}],"curies":[{"name":"wp","href":"https:\/\/api.w.org\/{rel}","templated":true}]}}