{"id":5511,"date":"2018-05-17T20:20:18","date_gmt":"2018-05-17T17:20:18","guid":{"rendered":"http:\/\/www.editiespecialapress.ro\/?p=5511"},"modified":"2018-05-17T20:20:18","modified_gmt":"2018-05-17T17:20:18","slug":"la-multi-ani-de-sf-constantin-si-elena-editie-speciala-press","status":"publish","type":"post","link":"https:\/\/www.editiespecialapress.ro\/newtest\/2018\/05\/17\/la-multi-ani-de-sf-constantin-si-elena-editie-speciala-press\/","title":{"rendered":"La mul\u021bi ani de Sf.Constantin \u0219i Elena! &#8211; Edi\u021bie Special\u0103 Press"},"content":{"rendered":"<p>Cu ocazia zilei onomastice, v\u0103 dorim cele mai calde ur\u0103ri de bine, un an de prosperitate, un veac de s\u0103n\u0103tate, fericire si iubire. La mul\u0163i ani \u015fi mult noroc in aceasta zi special\u0103. V\u0103 dorim s\u0103 vi se \u00eendeplineasc\u0103 toate dorin\u021bele \u0219i numai bucurii s\u0103 ave\u021bi!<\/p>\n<p style=\"text-align: right;\"><strong>Edi\u021bie Special\u0103 Press, <\/strong><\/p>\n<p><strong>\u00a0\u00a0\u00a0\u00a0\u00a0\u00a0\u00a0\u00a0\u00a0\u00a0\u00a0\u00a0\u00a0\u00a0\u00a0\u00a0\u00a0\u00a0\u00a0\u00a0\u00a0\u00a0\u00a0\u00a0\u00a0\u00a0\u00a0\u00a0\u00a0\u00a0\u00a0\u00a0\u00a0\u00a0\u00a0\u00a0\u00a0\u00a0\u00a0\u00a0\u00a0\u00a0\u00a0\u00a0\u00a0\u00a0\u00a0\u00a0\u00a0\u00a0\u00a0\u00a0\u00a0\u00a0\u00a0\u00a0\u00a0\u00a0\u00a0\u00a0\u00a0\u00a0\u00a0\u00a0\u00a0\u00a0\u00a0\u00a0\u00a0 Director General Iulian Ratea \u00eempreun\u0103 cu \u00eentreaga redac\u021bie<\/strong><\/p>\n","protected":false},"excerpt":{"rendered":"<p>Cu ocazia zilei onomastice, v\u0103 dorim cele mai calde ur\u0103ri de bine, un an de prosperitate, un veac de s\u0103n\u0103tate, fericire si iubire. La mul\u0163i ani \u015fi mult noroc in aceasta zi special\u0103. V\u0103 dorim s\u0103 vi se \u00eendeplineasc\u0103 toate dorin\u021bele \u0219i numai bucurii s\u0103 ave\u021bi! Edi\u021bie Special\u0103 Press, \u00a0\u00a0\u00a0\u00a0\u00a0\u00a0\u00a0\u00a0\u00a0\u00a0\u00a0\u00a0\u00a0\u00a0\u00a0\u00a0\u00a0\u00a0\u00a0\u00a0\u00a0\u00a0\u00a0\u00a0\u00a0\u00a0\u00a0\u00a0\u00a0\u00a0\u00a0\u00a0\u00a0\u00a0\u00a0\u00a0\u00a0\u00a0\u00a0\u00a0\u00a0\u00a0\u00a0\u00a0\u00a0\u00a0\u00a0\u00a0\u00a0\u00a0\u00a0\u00a0\u00a0\u00a0\u00a0\u00a0\u00a0\u00a0\u00a0\u00a0\u00a0\u00a0\u00a0\u00a0\u00a0\u00a0\u00a0\u00a0\u00a0 Director General Iulian Ratea \u00eempreun\u0103 [&hellip;]<\/p>\n","protected":false},"author":2,"featured_media":5514,"comment_status":"closed","ping_status":"open","sticky":false,"template":"","format":"standard","meta":{"footnotes":""},"categories":[4],"tags":[],"class_list":{"0":"post-5511","1":"post","2":"type-post","3":"status-publish","4":"format-standard","5":"has-post-thumbnail","7":"category-felicitari"},"_links":{"self":[{"href":"https:\/\/www.editiespecialapress.ro\/newtest\/wp-json\/wp\/v2\/posts\/5511","targetHints":{"allow":["GET"]}}],"collection":[{"href":"https:\/\/www.editiespecialapress.ro\/newtest\/wp-json\/wp\/v2\/posts"}],"about":[{"href":"https:\/\/www.editiespecialapress.ro\/newtest\/wp-json\/wp\/v2\/types\/post"}],"author":[{"embeddable":true,"href":"https:\/\/www.editiespecialapress.ro\/newtest\/wp-json\/wp\/v2\/users\/2"}],"replies":[{"embeddable":true,"href":"https:\/\/www.editiespecialapress.ro\/newtest\/wp-json\/wp\/v2\/comments?post=5511"}],"version-history":[{"count":0,"href":"https:\/\/www.editiespecialapress.ro\/newtest\/wp-json\/wp\/v2\/posts\/5511\/revisions"}],"wp:featuredmedia":[{"embeddable":true,"href":"https:\/\/www.editiespecialapress.ro\/newtest\/wp-json\/"}],"wp:attachment":[{"href":"https:\/\/www.editiespecialapress.ro\/newtest\/wp-json\/wp\/v2\/media?parent=5511"}],"wp:term":[{"taxonomy":"category","embeddable":true,"href":"https:\/\/www.editiespecialapress.ro\/newtest\/wp-json\/wp\/v2\/categories?post=5511"},{"taxonomy":"post_tag","embeddable":true,"href":"https:\/\/www.editiespecialapress.ro\/newtest\/wp-json\/wp\/v2\/tags?post=5511"}],"curies":[{"name":"wp","href":"https:\/\/api.w.org\/{rel}","templated":true}]}}