{"id":5516,"date":"2018-05-20T22:24:03","date_gmt":"2018-05-20T19:24:03","guid":{"rendered":"http:\/\/www.editiespecialapress.ro\/?p=5516"},"modified":"2018-05-20T22:24:03","modified_gmt":"2018-05-20T19:24:03","slug":"anulari-de-permise-zeci-de-mii-fara-hotarari-judecatoresti-definitive-anularile-fiind-dispuse-in-mod-abuziv-de-seful-serviciului-rutier-arges-etc","status":"publish","type":"post","link":"https:\/\/www.editiespecialapress.ro\/newtest\/2018\/05\/20\/anulari-de-permise-zeci-de-mii-fara-hotarari-judecatoresti-definitive-anularile-fiind-dispuse-in-mod-abuziv-de-seful-serviciului-rutier-arges-etc\/","title":{"rendered":"Anul\u0103ri de permise \u2013 zeci de mii f\u0103r\u0103 hot\u0103r\u00e2ri judec\u0103tore\u0219ti definitive, anul\u0103rile fiind dispuse \u00een mod abuziv de \u0219eful serviciului rutier Arge\u0219 etc."},"content":{"rendered":"<p>Infractorii Serviciului Rutier Arge\u0219, Comisar \u0219ef Badea Marian, Sub Comisar Anghel Mihai, infractorii Biroului Control Intern, Comisar \u0219ef P\u00e2rvu Laura, \u0218eful IPJ Arge\u0219 Gherghe Gabriel \u0219i fostul \u0219ef al IPJ Arge\u0219 Chestor Ispir Ionel<\/p>\n<p>Dragii no\u0219tri cititori, continu\u0103m \u00een aceast\u0103 edi\u021bie cu cei mai mari nemernici mili\u021bieni comuni\u0219ti care anuleaz\u0103 permisele de conducere de la ei putere.<\/p>\n<figure id=\"attachment_5518\" aria-describedby=\"caption-attachment-5518\" style=\"width: 262px\" class=\"wp-caption alignleft\"><a href=\"http:\/\/www.editiespecialapress.ro\/wp\/wp-content\/uploads\/2018\/05\/Badea-Marian-infractor-non-stop.jpg\"><img loading=\"lazy\" decoding=\"async\" class=\" wp-image-5518\" src=\"http:\/\/www.editiespecialapress.ro\/wp\/wp-content\/uploads\/2018\/05\/Badea-Marian-infractor-non-stop-400x266.jpg\" alt=\"\" width=\"262\" height=\"177\" \/><\/a><figcaption id=\"caption-attachment-5518\" class=\"wp-caption-text\">Badea Marian &#8211; infractor non-stop<\/figcaption><\/figure>\n<p>Fostul \u0219ef al IPJ Arge\u0219, Chestor Ispir Ionel, fostul \u0219ef al Serviciului Rutier Arge\u0219, Comisar \u0219ef Badea Marian, actualul \u0219ef al mili\u021biei rutiere Arge\u0219, comisar Anghel Mihai, \u0219ef birou control intern, Comisar \u0219ef P\u00e2rvu Laura \u0219i actualul \u0219ef al IPJ Arge\u0219, Comisar \u0219ef Gherghe Gabriel comit infrac\u021biuni grave din anul 2002 \u0219i p\u00e2n\u0103 \u00een prezent. Ace\u0219ti nemernici de mili\u021bieni comuni\u0219ti \u00ee\u0219i bat joc de to\u021bi cet\u0103\u021benii care au accidente rutiere. Au tupeul s\u0103 scrie \u00een hot\u0103r\u00e2rile pe care le iau pe cale administrativ\u0103 c\u0103, judec\u0103torii scriu \u00een decizii anularea permiselor de conducere la cei care au \u00eenc\u0103lcat normele rutiere. Judec\u0103torii nu scriu \u00een decizii c\u0103 se dispun anul\u0103rile permiselor, scriu doar \u00eencadr\u0103rile juridice pentru v\u0103t\u0103m\u0103ri corporale grave din culp\u0103. Mai scriu \u00een decizii c\u0103 inculpa\u021bii trebuie s\u0103 respecte un termen de \u00eencercare de doi, trei, patru ani. Fragment din decizie:<\/p>\n<p><em>\u201eImpune inculpatului obliga\u021bia s\u0103 nu mai conduc\u0103 nici un vehicul\u201d<\/em> \u2013 asta \u00eenseamn\u0103 c\u0103 nu mai pot conduce nici un vehicul c\u00e2t au termenul de \u00eencercare, nu s\u0103 nu mai conduc\u0103 niciodat\u0103 nici un vehicul. Ei au obliga\u021bia legal\u0103 ca dup\u0103 ce expir\u0103 termenul de \u00eencercare al inculpatului s\u0103 restituie permisul de conducere \u00een baza art. 113 alin. (1) din legea 195\/2002 R.<\/p>\n<figure id=\"attachment_5520\" aria-describedby=\"caption-attachment-5520\" style=\"width: 195px\" class=\"wp-caption alignright\"><a href=\"http:\/\/www.editiespecialapress.ro\/wp\/wp-content\/uploads\/2018\/05\/Gherghe-Gabriel-cel-mai-prost-infractor.jpg\"><img loading=\"lazy\" decoding=\"async\" class=\" wp-image-5520\" src=\"http:\/\/www.editiespecialapress.ro\/wp\/wp-content\/uploads\/2018\/05\/Gherghe-Gabriel-cel-mai-prost-infractor-261x300.jpg\" alt=\"\" width=\"195\" height=\"223\" \/><\/a><figcaption id=\"caption-attachment-5520\" class=\"wp-caption-text\">Gherghe Gabriel &#8211; cel mai prost infractor<\/figcaption><\/figure>\n<p>Art.113 alin. (1): <em>\u201ePermisul de conducere se restituie titularului la expirarea perioadei de suspendare\u201d<\/em> \u2013 Permisul de conducere trebuie restituit dup\u0103 expirarea termenului de \u00eencercare persoanei care a fost condamnat\u0103 cu suspendarea sub supraveghere a execut\u0103rii pedepsei. Ei ce fac, se apuc\u0103 s\u0103 anuleze permisele de conducere imediat dup\u0103 hot\u0103r\u00e2rile definitive, scriind \u00een mod abuziv c\u0103 judec\u0103torii au dispus anularea permisului de conducere pentru v\u0103t\u0103m\u0103ri corporale grave din culp\u0103. Judec\u0103torii \u00een decizii nu invoc\u0103 OUG 195\/2002 R, la to\u021bi inculpa\u021bii \u00eentruc\u00e2t nu consider\u0103 c\u0103 trebuie anulate permisele de conducere. Ace\u0219ti infractori fac pe judec\u0103torii \u0219i trec ei \u00een documentele pe care le \u00eentocmesc, anularea permiselor de conducere invoc\u00e2nd OUG 195\/2002 R art.114 alin. (1) lit. a).<\/p>\n<p>La art.116 alin. (1) din OUG 195\/2002 R ne indic\u0103 urm\u0103toarele:<\/p>\n<p>(1): <em>\u201ePersoana al c\u0103rei permis de conducere a fost anulat ca urmare a r\u0103m\u00e2nerii definitive a unei hot\u0103r\u00e2ri judec\u0103tore\u0219ti de condamnare pentru una dintre faptele prev\u0103zute la art. 114 alin. (1) \u0219i la art.115 alin. (1) se poate prezenta la examen pentru dob\u00e2ndirea unui nou permis de conducere pentru toate categoriile avute anterior\u201d<\/em>.<\/p>\n<figure id=\"attachment_5522\" aria-describedby=\"caption-attachment-5522\" style=\"width: 193px\" class=\"wp-caption alignleft\"><a href=\"http:\/\/www.editiespecialapress.ro\/wp\/wp-content\/uploads\/2018\/05\/Ispir-Ionel-jegul-jegurilor-infractor-\u0219i-pensionar.jpg\"><img loading=\"lazy\" decoding=\"async\" class=\" wp-image-5522\" src=\"http:\/\/www.editiespecialapress.ro\/wp\/wp-content\/uploads\/2018\/05\/Ispir-Ionel-jegul-jegurilor-infractor-\u0219i-pensionar.jpg\" alt=\"\" width=\"193\" height=\"182\" \/><\/a><figcaption id=\"caption-attachment-5522\" class=\"wp-caption-text\">Ispir Ionel &#8211; jegul jegurilor, infractor \u0219i pensionar<\/figcaption><\/figure>\n<p>Judec\u0103torii \u00een decizii nu au invocat aceast\u0103 ordonan\u021b\u0103 abuziv\u0103, invoc\u0103 articole de lege din Codul Penal \u0219i respect\u0103 Conven\u021bia European\u0103 cu privire la efectele interna\u021bionale ale interzicerii exercit\u0103rii dreptului de a conduce un vehicul cu motor, adoptat\u0103 la Bruxelles la 3 iunie 1976, ratificat\u0103 de Rom\u00e2nia prin Legea nr. 126\/1997. Conven\u021bia European\u0103 nu arat\u0103 c\u0103 se pot anula permisele de conducere la cet\u0103\u021benii din toate statele, arat\u0103 \u0219i oblig\u0103 doar interzicerea exercit\u0103rii dreptului de a conduce un vehicul cu motor. Odat\u0103 ce ai fost condamnat la o pedeaps\u0103 cu suspendare sub supraveghere, \u021bi s-a pus un termen de \u00eencercare deja ai fost pedepsit \u0219i ai stat f\u0103r\u0103 permis c\u00e2t timp a fost termenul de \u00eencercare. Asta nu \u00eenseamn\u0103 c\u0103 dup\u0103 ce se expir\u0103 termenul de \u00eencercare s\u0103 aplici o alt\u0103 sanc\u021biune, anularea permisului de conducere. Judec\u0103torii rom\u00e2ni au procedat \u0219i procedeaz\u0103 corect respect\u00e2nd Conven\u021bia European\u0103, dar \u0219efii de Servicii Rutiere \u0219i \u0219efii Inspectoratelor de Mili\u021bie trec la abuzuri, distrugeri de documente \u0219i de dosare. Aceast\u0103 lege, 195\/2002 R este eliberat\u0103 contra Conven\u021biei Europene, ea trebuie declarat\u0103 neconstitu\u021bional\u0103. Cine s\u0103 o fac\u0103?! Ministra Dan care \u00eei convine situa\u021bia infrac\u021bional\u0103 ce se petrece din 2002 \u0219i p\u00e2n\u0103 \u00een prezent.<\/p>\n<figure id=\"attachment_5517\" aria-describedby=\"caption-attachment-5517\" style=\"width: 228px\" class=\"wp-caption alignright\"><a href=\"http:\/\/www.editiespecialapress.ro\/wp\/wp-content\/uploads\/2018\/05\/Aldea-Mihail-cel-mai-mare-diversionist-\u00een-ordonan\u021be-nu-va-sc\u0103pa-nearestat-\u0219i-condamnat.jpg\"><img loading=\"lazy\" decoding=\"async\" class=\" wp-image-5517\" src=\"http:\/\/www.editiespecialapress.ro\/wp\/wp-content\/uploads\/2018\/05\/Aldea-Mihail-cel-mai-mare-diversionist-\u00een-ordonan\u021be-nu-va-sc\u0103pa-nearestat-\u0219i-condamnat-400x300.jpg\" alt=\"\" width=\"228\" height=\"173\" \/><\/a><figcaption id=\"caption-attachment-5517\" class=\"wp-caption-text\">Aldea Mihail &#8211; cel mai mare diversionist \u00een ordonan\u021be, nu va sc\u0103pa nearestat \u0219i condamnat<\/figcaption><\/figure>\n<p>V\u0103 prezent\u0103m art.203, alin. (1) din Hot\u0103r\u00e2rea de Guvern nr. 1391\/2006 pentru aprobarea Regulamentului de aplicare a Ordonan\u021bei de Urgen\u021b\u0103 nr.195\/2002.<\/p>\n<p>Art.203, alin.(1):<\/p>\n<p><em>\u201eAnularea permisului de conducere, \u00een cazurile prev\u0103zute la art. 114 alin. (1) din Ordonan\u021ba de urgen\u021b\u0103 nr. 195\/2002 republicat\u0103 se dispune:<\/em><\/p>\n<ol>\n<li><em>a) de \u0219eful serviciului poli\u021biei rutiere pe raza c\u0103reia a fost constatat\u0103 fapta \u00een baza hot\u0103r\u00e2rii judec\u0103tore\u0219ti r\u0103mas\u0103 definitiv\u0103, dispus\u0103 de o instan\u021b\u0103 din Rom\u00e2nia\u201d. <\/em><\/li>\n<\/ol>\n<p>\u00cenc\u0103 o dat\u0103 le ar\u0103t\u0103m la infractorii mili\u021biei Arge\u0219 c\u0103 numai instan\u021bele de judecat\u0103 pot dispune anularea permisului de conducere, nu \u0219efii de mili\u021bie sau \u0219efii de servicii rutiere. Dac\u0103 instan\u021bele de judecat\u0103 ar hot\u0103r\u00ee anularea permiselor de conducere \u0219i ar invoca OUG 195\/2002, atunci \u0219efii de servicii rutiere pot dispune anularea permiselor de conducere, p\u00e2n\u0103 atunci s\u0103-\u0219i pun\u0103 pofta \u00een cui mili\u021bienii escroci \u0219i abuzivi.<\/p>\n<figure id=\"attachment_5524\" aria-describedby=\"caption-attachment-5524\" style=\"width: 204px\" class=\"wp-caption alignleft\"><a href=\"http:\/\/www.editiespecialapress.ro\/wp\/wp-content\/uploads\/2018\/05\/Ministra-Dan-o-sp\u0103l\u0103cit\u0103-de-TR-proast\u0103-ca-\u0219i-D\u0103ncil\u0103-1.jpg\"><img loading=\"lazy\" decoding=\"async\" class=\" wp-image-5524\" src=\"http:\/\/www.editiespecialapress.ro\/wp\/wp-content\/uploads\/2018\/05\/Ministra-Dan-o-sp\u0103l\u0103cit\u0103-de-TR-proast\u0103-ca-\u0219i-D\u0103ncil\u0103-1-275x300.jpg\" alt=\"\" width=\"204\" height=\"221\" \/><\/a><figcaption id=\"caption-attachment-5524\" class=\"wp-caption-text\">Ministra Dan &#8211; o sp\u0103l\u0103cit\u0103 de TR, proast\u0103 ca \u0219i D\u0103ncil\u0103<\/figcaption><\/figure>\n<p>Ace\u0219ti escroci ai mili\u021biei Arge\u0219 nu-\u021bi comunic\u0103 la domiciliu c\u0103 \u021bi s-a anulat permisul de conducere, \u00eentruc\u00e2t cet\u0103\u021benii vor face contesta\u021bii la m\u0103surile abuzive. Se feresc \u0219i ascund pentru a nu ajunge contesta\u021biile la instan\u021bele de judecat\u0103, dac\u0103 v\u0103d judec\u0103torii m\u0103surile abuzive \u00ee\u0219i primesc sanc\u021biuni mili\u021bienii de nu le pot duce. De\u0219i art. 203, alin. (3) din HG nr. 1391\/2006 ne indic\u0103 urm\u0103toarele:<\/p>\n<p><em>\u201eM\u0103sura anul\u0103rii permisului de conducere se comunic\u0103 \u00een termen de cel mult 5 zile lucr\u0103toare titularului permisului de conducere la domiciliul acestuia pentru situa\u021biile prev\u0103zute la alin. (1)\u201d<\/em>.<\/p>\n<p>Mari jeguri de mili\u021bieni are Inspectoratul de Mili\u021bie Arge\u0219, dar mai mare jeg e ministra Dan care nu a trimis Corpul de Control s\u0103 verifice cele semnalate de noi. Dar cele mai mari jeguri sunt procurorii de la Parchetul de pe l\u00e2ng\u0103 Curtea de Apel Pite\u0219ti. Ace\u0219tia le-au dat clas\u0103ri pe capete la infractori. Cic\u0103 ar fi clasat cauzele pentru motivele urm\u0103toare:<\/p>\n<p><em>\u201eCum petentul a fost condamnat definitiv pentru comiterea unei infrac\u021biuni rutiere, av\u00e2nd ca urmare v\u0103t\u0103marea corporal\u0103 a unei persoane, organele de poli\u021bie erau obligate, conform textului legal men\u021bionat din OUG 195\/2002, s\u0103 dispun\u0103 anularea permisului de conducere. Nic\u0103ieri nu prevede c\u0103 doar instan\u021ba de judecat\u0103 este \u00een m\u0103sur\u0103 s\u0103 dispun\u0103 anularea permisului, norma aplicabil\u0103 viz\u00e2nd tocmai activitatea poli\u021bi\u0219tilor\u201d.<\/em><\/p>\n<figure id=\"attachment_5521\" aria-describedby=\"caption-attachment-5521\" style=\"width: 400px\" class=\"wp-caption aligncenter\"><a href=\"http:\/\/www.editiespecialapress.ro\/wp\/wp-content\/uploads\/2018\/05\/IPJ-Arge\u0219-func\u021bioneaz\u0103-pe-baz\u0103-de-mili\u021bieni-abuzivi-corup\u021bi-\u0219i-pro\u0219ti.jpg\"><img loading=\"lazy\" decoding=\"async\" class=\"size-medium wp-image-5521\" src=\"http:\/\/www.editiespecialapress.ro\/wp\/wp-content\/uploads\/2018\/05\/IPJ-Arge\u0219-func\u021bioneaz\u0103-pe-baz\u0103-de-mili\u021bieni-abuzivi-corup\u021bi-\u0219i-pro\u0219ti-400x187.jpg\" alt=\"\" width=\"400\" height=\"187\" \/><\/a><figcaption id=\"caption-attachment-5521\" class=\"wp-caption-text\">IPJ Arge\u0219 func\u021bioneaz\u0103 pe baz\u0103 de mili\u021bieni abuzivi, corup\u021bi \u0219i pro\u0219ti<\/figcaption><\/figure>\n<p>Asta scriu jegurile de procurori de la Parchetul Cur\u021bii de Apel Pite\u0219ti, la bie\u021bii cet\u0103\u021beni la care li s-a anulat permisele de conducere \u00een mod abuziv. Pro\u0219tii dac\u0103 nu au minte vai de picioarele lor. Oricum fac pe \u0219mecherii procuratorii de la Curte a\u0219teapt\u0103 s\u0103 fie sanc\u021biona\u021bi de instan\u021bele de judecat\u0103, precum \u0219i arest\u0103rile.<\/p>\n<p style=\"text-align: right;\">Articol de Ionu\u021b Radu<\/p>\n<p>&nbsp;<\/p>\n<p>&nbsp;<\/p>\n","protected":false},"excerpt":{"rendered":"<p>Infractorii Serviciului Rutier Arge\u0219, Comisar \u0219ef Badea Marian, Sub Comisar Anghel Mihai, infractorii Biroului Control Intern, Comisar \u0219ef P\u00e2rvu Laura, \u0218eful IPJ Arge\u0219 Gherghe Gabriel \u0219i fostul \u0219ef al IPJ Arge\u0219 Chestor Ispir Ionel Dragii no\u0219tri cititori, continu\u0103m \u00een aceast\u0103 edi\u021bie cu cei mai mari nemernici mili\u021bieni comuni\u0219ti care anuleaz\u0103 permisele de conducere de la [&hellip;]<\/p>\n","protected":false},"author":2,"featured_media":5519,"comment_status":"closed","ping_status":"open","sticky":false,"template":"","format":"standard","meta":{"footnotes":""},"categories":[2],"tags":[73,596,203,704,754,241,557,755],"class_list":{"0":"post-5516","1":"post","2":"type-post","3":"status-publish","4":"format-standard","5":"has-post-thumbnail","7":"category-ancheta","8":"tag-aldea-mihail","9":"tag-anghel-mihai","10":"tag-badea-marian","11":"tag-carmen-dan","12":"tag-gherghe-gabriel","13":"tag-ipj-arges","14":"tag-ispir-ionel","15":"tag-parvu-laura"},"_links":{"self":[{"href":"https:\/\/www.editiespecialapress.ro\/newtest\/wp-json\/wp\/v2\/posts\/5516","targetHints":{"allow":["GET"]}}],"collection":[{"href":"https:\/\/www.editiespecialapress.ro\/newtest\/wp-json\/wp\/v2\/posts"}],"about":[{"href":"https:\/\/www.editiespecialapress.ro\/newtest\/wp-json\/wp\/v2\/types\/post"}],"author":[{"embeddable":true,"href":"https:\/\/www.editiespecialapress.ro\/newtest\/wp-json\/wp\/v2\/users\/2"}],"replies":[{"embeddable":true,"href":"https:\/\/www.editiespecialapress.ro\/newtest\/wp-json\/wp\/v2\/comments?post=5516"}],"version-history":[{"count":0,"href":"https:\/\/www.editiespecialapress.ro\/newtest\/wp-json\/wp\/v2\/posts\/5516\/revisions"}],"wp:featuredmedia":[{"embeddable":true,"href":"https:\/\/www.editiespecialapress.ro\/newtest\/wp-json\/"}],"wp:attachment":[{"href":"https:\/\/www.editiespecialapress.ro\/newtest\/wp-json\/wp\/v2\/media?parent=5516"}],"wp:term":[{"taxonomy":"category","embeddable":true,"href":"https:\/\/www.editiespecialapress.ro\/newtest\/wp-json\/wp\/v2\/categories?post=5516"},{"taxonomy":"post_tag","embeddable":true,"href":"https:\/\/www.editiespecialapress.ro\/newtest\/wp-json\/wp\/v2\/tags?post=5516"}],"curies":[{"name":"wp","href":"https:\/\/api.w.org\/{rel}","templated":true}]}}