{"id":5530,"date":"2018-05-27T20:40:21","date_gmt":"2018-05-27T17:40:21","guid":{"rendered":"http:\/\/www.editiespecialapress.ro\/?p=5530"},"modified":"2018-05-27T20:40:21","modified_gmt":"2018-05-27T17:40:21","slug":"doctori-incompetenti-actioneaza-cu-rea-credinta-distrugeri-de-sanatate-infractiuni-pe-saturate","status":"publish","type":"post","link":"https:\/\/www.editiespecialapress.ro\/newtest\/2018\/05\/27\/doctori-incompetenti-actioneaza-cu-rea-credinta-distrugeri-de-sanatate-infractiuni-pe-saturate\/","title":{"rendered":"Doctori incompeten\u021bi ac\u021bioneaz\u0103 cu rea credin\u021b\u0103, distrugeri de s\u0103n\u0103tate, infrac\u021biuni pe s\u0103turate"},"content":{"rendered":"<p><strong><em>Director General dr. Rodica Simona C\u0103praru, dr. Mihaela Maz\u0103re, dr. Simona C\u00eerjaliu, dr. Corina Oancea, dr. Laura Ro\u0219u \u0219i dr. Carolina Conea de la Institutul Na\u021bional de Expertiz\u0103 Medical\u0103 \u0219i Recuperare a Capacit\u0103\u021bii de Munc\u0103 dau diagnosticuri fictive \u0219i distrug cet\u0103\u021benii Rom\u00e2niei<\/em><\/strong><\/p>\n<p>Dragii no\u0219tri cititori, continu\u0103m \u00een aceast\u0103 edi\u021bie cu cele mai mari infractoare doctore care dau diagnosticuri fictive \u0219i distrug cet\u0103\u021benii Rom\u00e2niei pentru a-\u0219i ap\u0103ra colegii doctori de la alte comisii de expertiz\u0103 medical\u0103 din provincie.<\/p>\n<figure id=\"attachment_5534\" aria-describedby=\"caption-attachment-5534\" style=\"width: 400px\" class=\"wp-caption aligncenter\"><a href=\"http:\/\/www.editiespecialapress.ro\/wp\/wp-content\/uploads\/2018\/05\/Institutul-Na\u0163ional-de-Expertiz\u0103-Medical\u0103-distruge-to\u0163i-cet\u0103\u021benii-Rom\u00e2niei.jpg\"><img loading=\"lazy\" decoding=\"async\" class=\"size-medium wp-image-5534\" src=\"http:\/\/www.editiespecialapress.ro\/wp\/wp-content\/uploads\/2018\/05\/Institutul-Na\u0163ional-de-Expertiz\u0103-Medical\u0103-distruge-to\u0163i-cet\u0103\u021benii-Rom\u00e2niei-400x300.jpg\" alt=\"\" width=\"400\" height=\"300\" \/><\/a><figcaption id=\"caption-attachment-5534\" class=\"wp-caption-text\">Institutul Na\u0163ional de Expertiz\u0103 Medical\u0103 distruge to\u0163i cet\u0103\u021benii Rom\u00e2niei<\/figcaption><\/figure>\n<p>Aceast\u0103 comisie superioar\u0103 a Institutului Na\u021bional de Expertiz\u0103 Medical\u0103 \u0219i Recuperare a Capacit\u0103\u021bii de Munc\u0103 format\u0103 din dr. Rodica Simona C\u0103praru, dr. Mihaela Maz\u0103re, dr. Simona C\u00eerjaliu, dr. Corina Oancea, dr. Laura Ro\u0219u \u0219i dr. Carolina Conea dau diagnosticuri fictive \u0219i scriu c\u0103 victimele au capacitatea de munc\u0103 p\u0103strat\u0103 \u0219i nu se \u00eencadreaz\u0103 \u00een grad de invaliditate. V\u0103 d\u0103m doar un mic exemplu din mii, zeci de mii de cazuri cu victime:<\/p>\n<figure id=\"attachment_5531\" aria-describedby=\"caption-attachment-5531\" style=\"width: 254px\" class=\"wp-caption alignleft\"><a href=\"http:\/\/www.editiespecialapress.ro\/wp\/wp-content\/uploads\/2018\/05\/Doctora-C\u0103praru-Simona-Rodica-ac\u0163ioneaz\u0103-ca-o-hien\u0103-sf\u00e2\u015fie-toate-victimele.png\"><img loading=\"lazy\" decoding=\"async\" class=\" wp-image-5531\" src=\"http:\/\/www.editiespecialapress.ro\/wp\/wp-content\/uploads\/2018\/05\/Doctora-C\u0103praru-Simona-Rodica-ac\u0163ioneaz\u0103-ca-o-hien\u0103-sf\u00e2\u015fie-toate-victimele-361x300.png\" alt=\"\" width=\"254\" height=\"213\" \/><\/a><figcaption id=\"caption-attachment-5531\" class=\"wp-caption-text\">Doctora C\u0103praru Simona Rodica ac\u0163ioneaz\u0103 ca o hien\u0103, sf\u00e2\u015fie toate victimele<\/figcaption><\/figure>\n<p>Victima acestora \u2013 P\u0103s\u0103rin Maria din Pite\u0219ti a solicitat o expertiz\u0103 medical\u0103 la acest Institut pentru a i se stabili gradul de invaliditate la ochiul drept \u0219i st\u00e2ng. Aceasta nu mai vede cu ochiul drept \u00eenc\u0103 din anul 2016, la aceast\u0103 or\u0103 nici at\u00e2t. Cu ochiul st\u00e2ng vede foarte pu\u021bin, acesta fiind afectat de condi\u021biile de munc\u0103 foarte grele \u0219i din cauza ochiului drept care este nul. Noi am trimis-o pe victim\u0103 la Spitalul Militar Universitar Central de Urgen\u021b\u0103 Dr. Carol Davila unde i s-a f\u0103cut investiga\u021bii, examen obiectiv, tomografii etc. Doctora Uliana Ochinciuc, medic specialist oftalmolog a emis un referat medical unde se arat\u0103 c\u0103:<\/p>\n<p><em>\u201ePlan de recuperare la ochiul drept \u2013 nu se poate recupera acuitatea vizual\u0103 dup\u0103 opera\u021bia de cataract\u0103. <\/em><em>Pronostic recuperator. O.D. f\u0103r\u0103 recuperare\u201d<\/em><\/p>\n<p>Mai scrie doamna doctor \u00een referatul medical c\u0103:<\/p>\n<p><em>\u201eBolnavul nu este recuperabil \u00een limitele duratei concediului medical prev\u0103zut de lege, propunem pensionarea de invaliditate temporar\u0103. <\/em><em>Acest referat pentru pensionare a fost eliberat la data de 12.04.2018\u201d.<\/em><\/p>\n<p>Iar pe 16.04.2018 victimei P\u0103s\u0103rin Maria i s-a mai eliberat un alt Referat Medical de c\u0103tre dr. Ioni\u021b\u0103 Gabriela de la Centrul de Diagnostic \u0219i Tratament Br\u0103tianu Pite\u0219ti:<\/p>\n<p><em>\u201ePronostic recuperator. O.D. \u2013 nul ; O.S. \u2013 leziunile sunt mult evolutive\u201d<\/em><\/p>\n<p>Am mers \u0219i noi cu d\u00e2nsa la mai mul\u021bi medici care i-au f\u0103cut investiga\u021bii, tomografii etc. \u0219i to\u021bi au spus c\u0103 ea nu mai vede deloc cu ochiul drept iar la ochiul st\u00e2ng are probleme. Pentru a nu r\u0103m\u00e2ne oarb\u0103 definitiv, d\u00e2nsa are nevoie de odihn\u0103, lini\u0219te, f\u0103r\u0103 a sta \u00een praf etc. Unde lucreaz\u0103 ea, condi\u021biile de munc\u0103 sunt foarte toxice, praf \u0219i efort fizic peste puterea unei femei. A fost trimis\u0103 de instan\u021ba de judecat\u0103 a Tribunalului Arge\u0219 la Institutul Na\u021bional de Expertiz\u0103 Medical\u0103 \u0219i Recuperare a Capacit\u0103\u021bii de Munc\u0103 pentru a fi examinat\u0103 at\u00e2t la ochiul drept precum \u0219i la cel st\u00e2ng. Medicii speciali\u0219ti oftalmologi au \u00eenceput s\u0103-i dea jeturi de spray \u00een ambii ochi p\u00e2n\u0103 s\u0103raca de ea nu mai putea vedea deloc nici cu ochiul st\u00e2ng. C\u00e2nd a \u00eentrebat de ce i se d\u0103 cu spray \u00een ochi, i s-a spus c\u0103 a\u0219a trebuie.<\/p>\n<figure id=\"attachment_5532\" aria-describedby=\"caption-attachment-5532\" style=\"width: 242px\" class=\"wp-caption alignright\"><a href=\"http:\/\/www.editiespecialapress.ro\/wp\/wp-content\/uploads\/2018\/05\/Doctora-Mihaela-Maz\u0103re-ac\u0163ioneaz\u0103-tot-ca-o-hien\u0103-\u0219i-sf\u00e2\u0219ie-victimele.png\"><img loading=\"lazy\" decoding=\"async\" class=\" wp-image-5532\" src=\"http:\/\/www.editiespecialapress.ro\/wp\/wp-content\/uploads\/2018\/05\/Doctora-Mihaela-Maz\u0103re-ac\u0163ioneaz\u0103-tot-ca-o-hien\u0103-\u0219i-sf\u00e2\u0219ie-victimele-371x300.png\" alt=\"\" width=\"242\" height=\"198\" \/><\/a><figcaption id=\"caption-attachment-5532\" class=\"wp-caption-text\">Doctora Mihaela Maz\u0103re ac\u0163ioneaz\u0103 tot ca o hien\u0103 \u0219i sf\u00e2\u0219ie victimele<\/figcaption><\/figure>\n<p>Biata femeie, de abia i-a revenit vederea la ochiul st\u00e2ng dup\u0103 circa 3 zile. La toate victimele care erau expertizate de ace\u0219ti speciali\u0219ti oftalmologi le d\u0103deau c\u00e2te un jet \u00een ochi, d\u00e2nsei i-au dat 5 jeturi puternice pentru a o distruge definitiv \u0219i la ochiul st\u00e2ng. I s-a spus de c\u0103tre aceast\u0103 comisie abuziv\u0103, c\u0103 are probleme mari dar poate s\u0103 munceasc\u0103 f\u0103r\u0103 probleme. \u00cen prim\u0103 faz\u0103 au recunoscut c\u0103 femeia e distrus\u0103 total la ochiul drept \u0219i la cel st\u00e2ng are probleme grave, poate pierde vederea \u0219i la ochiul st\u00e2ng. Aceste fufe de doctori\u021be abuzive au fost sunate de \u0219efii de comisii de expertiz\u0103 medical\u0103 de la Pite\u0219ti \u0219i Craiova iar dup\u0103 ce au discutat \u00eentre ei au luat hot\u0103r\u00e2rea de a o distruge pe victima P\u0103s\u0103rin Maria.<\/p>\n<p>Medicii abuzivi scriu \u00een Raportul de Expertiz\u0103 Medical\u0103:<\/p>\n<p>\u201e<em>Diagnostic Func\u021bional: Deficien\u021b\u0103 global\u0103 u\u0219oar\u0103 prin tulbur\u0103ri vizuale, tulbur\u0103ri \u00een realizarea mersului \u0219i ortostatismului prelungit.<\/em><\/p>\n<p><em>Incapacitate adaptiv\u0103: 40%<\/em><\/p>\n<p><em>Diagnosticul capacit\u0103\u021bii de munc\u0103: capacitatea de munc\u0103 p\u0103strat\u0103<\/em><\/p>\n<p><em>Grad de invaliditate: Nu se \u00eencadreaz\u0103 \u00een grad de invaliditate\u201d<\/em><\/p>\n<p>Doamna P\u0103s\u0103rin Maria este bolnav\u0103, nu mai vede cu ochiul drept de nici un fel, vede negru iar cu ochiul st\u00e2ng vede din ce \u00een ce mai r\u0103u. Tratamentul nu o ajut\u0103 cu nimic, din contr\u0103, \u00eei face mai r\u0103u. Ace\u0219ti 6 medici au hot\u0103r\u00e2t s\u0103 o \u021bin\u0103 la serviciu pe P\u0103s\u0103rin Maria p\u00e2n\u0103 va r\u0103m\u00e2ne oarb\u0103 definitiv, adic\u0103 \u0219i la ochiul st\u00e2ng, deja ochiul drept fiind nul. Mari criminali de medici, vor r\u0103spunde penal \u0219i vor fi condamna\u021bi la ani grei de pu\u0219c\u0103rie pentru distrugerea s\u0103n\u0103t\u0103\u021bii victimei P\u0103s\u0103rin Maria. S\u0103 la\u0219i un om orb pe tot restul vie\u021bii nu e u\u0219or, ace\u0219ti criminali de medici au f\u0103cut-o. Au trecut peste toate Referatele Medicale \u0219i au hot\u0103r\u00e2t distrugerea victimei P\u0103s\u0103rin Maria. Femeia mai sufer\u0103 \u0219i de alte boli cardiace etc. Nu se \u0219tie c\u00e2nd face vreun infarct sau vreo como\u021bie cerebral\u0103. E at\u00e2t de agitat\u0103 \u0219i de sup\u0103rat\u0103 \u00eenc\u00e2t ne-am speriat \u0219i noi c\u0103 i se poate \u00eent\u00e2mpla ceva mai r\u0103u. Directorul Iulian Ratea o s\u0103 fie \u00eemputernicit prin procur\u0103, o s\u0103 formuleze o pl\u00e2ngere penal\u0103 la Parchet pentru a fi cercetate penal toate doctorele abuzive \u0219i criminale. Lui P\u0103s\u0103rin Maria i se va face o expertiz\u0103 medico-legal\u0103 unde se va constata c\u0103 aceste 6 doctore i-au distrus s\u0103n\u0103tatea \u0219i vor s\u0103 o omoare oblig\u00e2nd-o s\u0103 presteze servicii de munc\u0103 \u00een condi\u021bii grele, toxice \u0219i mizerabile. Victima nu mai poate rezista, sau dac\u0103 mai poate nu se \u0219tie c\u00e2nd o s\u0103 cad\u0103 sau dac\u0103 \u00ee\u0219i va mai reveni vreodat\u0103.<\/p>\n<figure id=\"attachment_5533\" aria-describedby=\"caption-attachment-5533\" style=\"width: 400px\" class=\"wp-caption aligncenter\"><a href=\"http:\/\/www.editiespecialapress.ro\/wp\/wp-content\/uploads\/2018\/05\/Doctorele-Simona-C\u00e2rjan-Oancea-Corina-Ro\u015fu-Laura-\u015fi-Conea-Carolina-hiene-\u00een-grup-sf\u00e2\u015fie-toate-victimele-care-le-intr\u0103-\u00een-cabinete.jpg\"><img loading=\"lazy\" decoding=\"async\" class=\"size-medium wp-image-5533\" src=\"http:\/\/www.editiespecialapress.ro\/wp\/wp-content\/uploads\/2018\/05\/Doctorele-Simona-C\u00e2rjan-Oancea-Corina-Ro\u015fu-Laura-\u015fi-Conea-Carolina-hiene-\u00een-grup-sf\u00e2\u015fie-toate-victimele-care-le-intr\u0103-\u00een-cabinete-400x205.jpg\" alt=\"\" width=\"400\" height=\"205\" \/><\/a><figcaption id=\"caption-attachment-5533\" class=\"wp-caption-text\">Doctorele Simona C\u00e2rjan, Oancea Corina, Ro\u015fu Laura \u015fi Conea Carolina hiene \u00een grup sf\u00e2\u015fie toate victimele care le intr\u0103 \u00een cabinete<\/figcaption><\/figure>\n<p>C\u00e2t\u0103 demen\u021b\u0103 s\u0103 ai s\u0103 chinui o victim\u0103 \u0219i s\u0103 hot\u0103r\u0103\u0219ti s\u0103 o distrugi pentru tot restul vie\u021bii sau s\u0103 o omori trimi\u021b\u00e2nd-o la serviciu grav bolnav\u0103. Ca aceast\u0103 victim\u0103 sunt mii, zeci de mii care le trec prin m\u00e2n\u0103 la aceste criminale. Aceste doctore comuniste fasciste vor face pu\u0219c\u0103rie f\u0103r\u0103 nici o problem\u0103. Nu ne \u00eempiedic\u0103 nimeni s\u0103 ne ocup\u0103m bine de ele, ce vor trage asasinele nici prin cap nu le trece. Le-a sunat directorul Iulian Ratea pentru a le \u00eentreba de ce distrug victime! Ele au r\u0103spuns: \u201easta am hot\u0103r\u00e2t, noi r\u0103spundem pentru ceea ce facem, nu presa\u201d. Asta spunem \u0219i noi, vor r\u0103spunde penal de penal \u0219i vor fi condamnate la ani grei de pu\u0219c\u0103rie, ba\u0219ca \u0219i pl\u0103\u021bi grele la victime. Mai criminale ca astea nu am \u00eent\u00e2lnit, dar r\u0103splata va fi pe m\u0103sura relei credin\u021be \u0219i a infrac\u021biunilor comise. Le ur\u0103m spor la infrac\u021biuni!<\/p>\n<p style=\"text-align: right;\">Articol de Cristi P\u0103tra\u0219cu<\/p>\n<p>&nbsp;<\/p>\n","protected":false},"excerpt":{"rendered":"<p>Director General dr. Rodica Simona C\u0103praru, dr. Mihaela Maz\u0103re, dr. Simona C\u00eerjaliu, dr. Corina Oancea, dr. Laura Ro\u0219u \u0219i dr. Carolina Conea de la Institutul Na\u021bional de Expertiz\u0103 Medical\u0103 \u0219i Recuperare a Capacit\u0103\u021bii de Munc\u0103 dau diagnosticuri fictive \u0219i distrug cet\u0103\u021benii Rom\u00e2niei Dragii no\u0219tri cititori, continu\u0103m \u00een aceast\u0103 edi\u021bie cu cele mai mari infractoare doctore [&hellip;]<\/p>\n","protected":false},"author":2,"featured_media":5535,"comment_status":"closed","ping_status":"open","sticky":false,"template":"","format":"standard","meta":{"footnotes":""},"categories":[2],"tags":[756,757,758,759,760,761,762,763],"class_list":{"0":"post-5530","1":"post","2":"type-post","3":"status-publish","4":"format-standard","5":"has-post-thumbnail","7":"category-ancheta","8":"tag-dr-carolina-conea","9":"tag-dr-corina-oancea","10":"tag-dr-laura-rosu","11":"tag-dr-mihaela-mazare","12":"tag-dr-rodica-simona-capraru","13":"tag-dr-simona-cirjaliu","14":"tag-institutul-national-de-expertiza-medicala-si-recuperare-a-capacitatii-de-munca","15":"tag-pasarin-maria"},"_links":{"self":[{"href":"https:\/\/www.editiespecialapress.ro\/newtest\/wp-json\/wp\/v2\/posts\/5530","targetHints":{"allow":["GET"]}}],"collection":[{"href":"https:\/\/www.editiespecialapress.ro\/newtest\/wp-json\/wp\/v2\/posts"}],"about":[{"href":"https:\/\/www.editiespecialapress.ro\/newtest\/wp-json\/wp\/v2\/types\/post"}],"author":[{"embeddable":true,"href":"https:\/\/www.editiespecialapress.ro\/newtest\/wp-json\/wp\/v2\/users\/2"}],"replies":[{"embeddable":true,"href":"https:\/\/www.editiespecialapress.ro\/newtest\/wp-json\/wp\/v2\/comments?post=5530"}],"version-history":[{"count":0,"href":"https:\/\/www.editiespecialapress.ro\/newtest\/wp-json\/wp\/v2\/posts\/5530\/revisions"}],"wp:featuredmedia":[{"embeddable":true,"href":"https:\/\/www.editiespecialapress.ro\/newtest\/wp-json\/"}],"wp:attachment":[{"href":"https:\/\/www.editiespecialapress.ro\/newtest\/wp-json\/wp\/v2\/media?parent=5530"}],"wp:term":[{"taxonomy":"category","embeddable":true,"href":"https:\/\/www.editiespecialapress.ro\/newtest\/wp-json\/wp\/v2\/categories?post=5530"},{"taxonomy":"post_tag","embeddable":true,"href":"https:\/\/www.editiespecialapress.ro\/newtest\/wp-json\/wp\/v2\/tags?post=5530"}],"curies":[{"name":"wp","href":"https:\/\/api.w.org\/{rel}","templated":true}]}}