{"id":5537,"date":"2018-06-03T22:12:03","date_gmt":"2018-06-03T19:12:03","guid":{"rendered":"http:\/\/www.editiespecialapress.ro\/?p=5537"},"modified":"2018-06-03T22:12:03","modified_gmt":"2018-06-03T19:12:03","slug":"cex-ul-psd-a-ordonat-la-ccr-eliberarea-unei-decizii-abuzive-pentru-inlaturarea-din-functie-a-sefei-dna-laura-codruta-kovesi","status":"publish","type":"post","link":"https:\/\/www.editiespecialapress.ro\/newtest\/2018\/06\/03\/cex-ul-psd-a-ordonat-la-ccr-eliberarea-unei-decizii-abuzive-pentru-inlaturarea-din-functie-a-sefei-dna-laura-codruta-kovesi\/","title":{"rendered":"CEX-ul PSD a ordonat la CCR eliberarea unei decizii abuzive pentru \u00eenl\u0103turarea din func\u0163ie a \u0219efei DNA \u2013 Laura Codru\u021ba Kovesi"},"content":{"rendered":"<p><strong><em>CEX-ul PSD a ordonat la CCR revocarea din func\u021bie a \u0219efei DNA \u2013 Laura Codru\u021ba Kovesi, decizie ilegal\u0103 \u0219i abuziv\u0103<\/em><\/strong><\/p>\n<p>Dragii no\u0219tri cititori, continu\u0103m \u00een aceast\u0103 edi\u021bie cu 8 judec\u0103tori ai Cur\u021bii Constitu\u021bionale Rom\u00e2ne, incompeten\u021bi, abuzivi, comuni\u015fti fasci\u015fti executori. Pre\u0219edinte: Valer Dorneanu, Judec\u0103tori: Marian Enache, Petre L\u0103z\u0103roiu, Mircea \u0218tefan Minea, Daniel Marius Morar, Mona Maria Pivniceru, Simona Maya Teodoroiu \u0219i Varga Attila.<\/p>\n<figure id=\"attachment_5543\" aria-describedby=\"caption-attachment-5543\" style=\"width: 234px\" class=\"wp-caption alignleft\"><a href=\"http:\/\/www.editiespecialapress.ro\/wp\/wp-content\/uploads\/2018\/06\/Tudorel-cel-mai-mare-infractor.jpg\"><img loading=\"lazy\" decoding=\"async\" class=\" wp-image-5543\" src=\"http:\/\/www.editiespecialapress.ro\/wp\/wp-content\/uploads\/2018\/06\/Tudorel-cel-mai-mare-infractor-300x300.jpg\" alt=\"\" width=\"234\" height=\"234\" \/><\/a><figcaption id=\"caption-attachment-5543\" class=\"wp-caption-text\">Tudorel cel mai mare infractor<\/figcaption><\/figure>\n<p>CEX-ul PSD a hot\u0103r\u00e2t \u00een tain\u0103 execu\u021bia \u0219efei DNA Laura Codru\u021ba Kovesi. L-a \u00eenaintare l-au b\u0103gat pe \u201eturi-buri\u201d ministrul justi\u021biei \u2013 Tudorel Toader. Acesta lucr\u00e2nd ani mul\u021bi ca judec\u0103tor \u00een cadrul CCR s-a deplasat subtil la colegii lui pentru a le propune s\u0103 elibereze o decizie abuziv\u0103 contrar\u0103 Constitu\u021biei Rom\u00e2niei, contrar\u0103 tuturor procedurilor legale, precum \u0219i cu \u00eenc\u0103lcarea tuturor normelor de drept interna\u021bionale, de asemenea \u0219i cu \u00eenc\u0103lcarea Conven\u021biei pentru Ap\u0103rarea Drepturilor Omului. Judec\u0103torii infractori ai CCR au devenit al doilea CEX PSD, mare nenorocire pentru toate institu\u021biile Rom\u00e2niei. \u201eTuri-buri\u201d, ministrul justi\u021biei Tudorel a \u00eencercat \u00een prim\u0103 faz\u0103 s\u0103 conving\u0103 judec\u0103torii CSM pentru a o sanc\u021biona pe \u0219efa DNA, Laura Codru\u021ba Kovesi sau mai bine spus ob\u021binerea unei hot\u0103r\u00e2ri CSM cu excluderea din Magistratur\u0103 \u00eens\u0103 lui \u201eturi-buri\u201d nu i-a ie\u0219it manevra CEX PSD la CSM. Infractorul Tudorel, chipurile ministrul justi\u021biei, i s-a dat din nou ordin de c\u0103tre CEX-ul PSD pentru a \u00eenainta la CCR o solicitare de revocare a \u0219efei DNA Laura Codru\u021ba Kovesi. CEX-ul PSD i-a spus lui Tudorel: <em>\u201eapeleaz\u0103 la to\u021bi colegii t\u0103i \u0219i ob\u021bine decizia de revocare a Laurei Codru\u021ba Kovesi<\/em><em>\u201d<\/em><em>.<\/em><\/p>\n<p>Tudorel s-a \u0219i apucat de treab\u0103 imediat solicit\u00e2nd fo\u0219tilor colegi din cadrul CCR s\u0103 emit\u0103 o decizie de revocare \u00eempotriva victimei Laura Codru\u021ba Kovesi. Toate informa\u021biile vin din interiorul CEX PSD \u0219i din cadrul CCR. \u201eTuri-buri\u201d Tudorel se crede mare \u0219mecher convertit, dar e un fraier des\u0103v\u00e2r\u0219it. Acest fraier de Ministru al Justi\u021biei Rom\u00e2ne a uitat c\u0103 el nu poate cere revocarea din func\u021bie a unui procuror sau judec\u0103tor, numai dac\u0103 hot\u0103r\u0103\u0219te plenul CSM sau vreun complet de judecat\u0103 al \u00cenaltei Cur\u021bi de Casa\u021bie \u0219i Justi\u021bie. Acest fraier convertit a s\u0103rit toate procedurile ca tovar\u0103\u0219ul r\u0103posat Nicolae Ceau\u0219escu.<\/p>\n<figure id=\"attachment_5541\" aria-describedby=\"caption-attachment-5541\" style=\"width: 259px\" class=\"wp-caption alignright\"><a href=\"http:\/\/www.editiespecialapress.ro\/wp\/wp-content\/uploads\/2018\/06\/Liviu-Dragnea-\u0219eful-CEX-ului-infractor-bolnav-psihic.jpg\"><img loading=\"lazy\" decoding=\"async\" class=\" wp-image-5541\" src=\"http:\/\/www.editiespecialapress.ro\/wp\/wp-content\/uploads\/2018\/06\/Liviu-Dragnea-\u0219eful-CEX-ului-infractor-bolnav-psihic-400x282.jpg\" alt=\"\" width=\"259\" height=\"186\" \/><\/a><figcaption id=\"caption-attachment-5541\" class=\"wp-caption-text\">Liviu Dragnea, \u0219eful CEX-ului, infractor bolnav psihic<\/figcaption><\/figure>\n<p>Pentru a putea cere el revocarea \u0219efei DNA sau a vreunui magistrat are nevoie de hot\u0103r\u00e2rile CSM sau de decizii ale judec\u0103torilor de la ICCJ. \u201eTuri-buri\u201d \u0219i-a prins g\u00e2tul \u00eentre CSM \u0219i ICCJ, cum va sc\u0103pa numai el \u0219tie, noi \u00eel vom sesiza at\u00e2t pe el precum \u0219i pe judec\u0103torii infractori ai CCR la Parchetul de pe l\u00e2ng\u0103 ICCJ. Nici o lege rom\u00e2n\u0103 nu \u00eei permite s\u0103 dispun\u0103 el direct sanc\u021biuni \u00eempotriva magistra\u021bilor rom\u00e2ni. Aceste sanc\u021biuni de revocare sau de sanc\u021bionare a vreunui magistrat le poate stabili legal inspectorii, procurorii \u0219i inspectorii judec\u0103tori din cadrul CSM. Dup\u0103 aceea, hot\u0103r\u00e2rea definitiv\u0103 o ia plenul CSM sau ICCJ. Competen\u021ba legal\u0103 a lui \u201eturi-buri\u201d vine dup\u0103 toate aceste proceduri \u0219i hot\u0103r\u00e2ri definitive. Tudorel trebuie s\u0103 aib\u0103 ori o hot\u0103r\u00e2re a CSM, ori o hot\u0103r\u00e2re a ICCJ pentru a dispune revocarea vreunui magistrat. El a procedat ca r\u0103posatul Nicolae Ceau\u0219escu, direct cu func\u021bii depline de executare. Pentru revocarea doamnei Kovesi s-a str\u00e2ns o sum\u0103 \u00een cadrul CEX PSD de aproximativ 50 de milioane de euro.<\/p>\n<figure id=\"attachment_5538\" aria-describedby=\"caption-attachment-5538\" style=\"width: 207px\" class=\"wp-caption alignleft\"><a href=\"http:\/\/www.editiespecialapress.ro\/wp\/wp-content\/uploads\/2018\/06\/C\u0103lin-Popescu-T\u0103riceanu-a-f\u0103cut-blatul-cu-judec\u0103torii-de-la-ICCJ-achitare-garantat\u0103-probe-pe-s\u0103turate.jpg\"><img loading=\"lazy\" decoding=\"async\" class=\" wp-image-5538\" src=\"http:\/\/www.editiespecialapress.ro\/wp\/wp-content\/uploads\/2018\/06\/C\u0103lin-Popescu-T\u0103riceanu-a-f\u0103cut-blatul-cu-judec\u0103torii-de-la-ICCJ-achitare-garantat\u0103-probe-pe-s\u0103turate-311x300.jpg\" alt=\"\" width=\"207\" height=\"200\" \/><\/a><figcaption id=\"caption-attachment-5538\" class=\"wp-caption-text\">C\u0103lin Popescu T\u0103riceanu a f\u0103cut blatul cu judec\u0103torii de la ICCJ, achitare garantat\u0103, probe pe s\u0103turate<\/figcaption><\/figure>\n<p>Din informa\u021biile noastre a reie\u015fit c\u0103, unele sume au plecat spre judec\u0103torii CCR. E greu s\u0103 \u00eei prinzi pe nenoroci\u021bii de judec\u0103tori, dar r\u0103m\u00e2n alte infrac\u021biuni grave precum:<\/p>\n<p><em>\u201eArt.397 \u2013 Ac\u021biuni \u00eempotriva ordinii constitu\u021bionale <\/em><\/p>\n<p><em>Alin. (2): \u00centreprinderea de ac\u021biuni violente \u00eempotriva persoanelor sau bunurilor s\u0103v\u00e2r\u0219ite de mai multe persoane \u00eempreun\u0103 \u00een scopul schimb\u0103rii ordinii constitu\u021bionale ori al \u00eengreun\u0103rii sau \u00eempiedic\u0103rii exercit\u0103rii puterii de stat, dac\u0103 se pune \u00een pericol securitatea na\u021bional\u0103 se pedepse\u0219te cu \u00eenchisoare de la 10 la 20 de ani \u0219i interzicerea exercit\u0103rii unor drepturi.<\/em><\/p>\n<p><em>Art.404 \u2013 Comunicarea de informa\u021bii false<\/em><\/p>\n<p><em>Comunicarea sau r\u0103sp\u00e2ndirea prin orice mijloace, de \u0219tiri, date sau informa\u021bii false ori de documente falsificate, cunosc\u00e2nd caracterul fals al acestora, dac\u0103 prin aceasta se pune \u00een pericol securitatea na\u021bional\u0103, se pedepse\u0219tecu\u00a0 \u00eenchisoare de la unu la 5 ani\u201d.<\/em><\/p>\n<p>Acestea sunt infrac\u021biunile pe care le-au comis Ministrul Tudorel, judec\u0103torii CCR \u0219i CEX-ul PSD, precum \u0219i posturile TV Antena 3, RTV \u0219i B1 TV. Infrac\u021biunile lor sunt infrac\u021biuni contra securit\u0103\u021bii na\u021bionale. SRI-ul are competen\u021b\u0103 de cercetare cu procurorii din cadrul Parchetului General. Trebuie s\u0103 dispun\u0103 cercet\u0103ri de urgen\u021b\u0103 \u00eentruc\u00e2t institu\u021bia DNA nu mai e l\u0103sat\u0103 s\u0103 \u00ee\u0219i desf\u0103\u0219oare activitatea, aceasta fiind institu\u021bie a statului nu CEX-ul lui Dragnea. DNA-ul nu mai lucreaz\u0103 de doi ani de zile din cauza acestor infractori, acesta e interesul PSD-i\u0219tilor pentru a putea fura prin direc\u021biile economice ale Prim\u0103riilor, toate bugetele care se str\u00e2ng anual, precum \u0219i bugetele date de guvern.<\/p>\n<figure id=\"attachment_5539\" aria-describedby=\"caption-attachment-5539\" style=\"width: 343px\" class=\"wp-caption aligncenter\"><a href=\"http:\/\/www.editiespecialapress.ro\/wp\/wp-content\/uploads\/2018\/06\/Curtea-Constitu\u021bional\u0103-de-tot-rahatul-elibereaz\u0103-decizii-abuzive-blocheaz\u0103-institu\u021bii-etc..jpg\"><img loading=\"lazy\" decoding=\"async\" class=\" wp-image-5539\" src=\"http:\/\/www.editiespecialapress.ro\/wp\/wp-content\/uploads\/2018\/06\/Curtea-Constitu\u021bional\u0103-de-tot-rahatul-elibereaz\u0103-decizii-abuzive-blocheaz\u0103-institu\u021bii-etc.-400x266.jpg\" alt=\"\" width=\"343\" height=\"232\" \/><\/a><figcaption id=\"caption-attachment-5539\" class=\"wp-caption-text\">Curtea Constitu\u021bional\u0103 de tot rahatul, elibereaz\u0103 decizii abuzive, blocheaz\u0103 institu\u021bii etc.<\/figcaption><\/figure>\n<p>DNA-ul are dosare la cercet\u0103ri cu prejudicii mari de bani, ace\u0219ti infractori PSD-i\u0219ti \u0219i CCR-i\u0219ti \u00eempiedic\u0103 tot, prin diferite tehnici, precum cu decizia abuziv\u0103, ilegal\u0103 \u0219i neconstitu\u021bional\u0103 a CCR. Diferi\u021bi PSD-i\u0219ti, Ministrul Tudorel \u0219i cele 3 posturi TV men\u021bionate, amenin\u021b\u0103 procurorii DNA de aproximativ 2 ani de zile. Se v\u0103d inten\u021biile acestora, diversiunile mizerabile \u0219i toate \u00eenc\u0103lc\u0103rile care duc spre punerea \u00een pericol a securit\u0103\u021bii na\u021bionale, sl\u0103birea bun\u0103st\u0103rii economice a \u021b\u0103rii, \u00eempiedicarea institu\u021biei de a mai func\u021biona \u0219.a.m.d. S-au dus nenoroci\u021bii PSD cu ministrul Tudorel la diferi\u021bi judec\u0103tori ai \u00cenaltei Cur\u021bi de Casa\u021bie \u0219i Justi\u021bie pun\u00e2nd la cale distrugerea dosarelor DNA, prin a da achit\u0103ri \u00een mas\u0103 la to\u021bi infractorii PSD. Din verific\u0103rile noastre la dosarele PSD-i\u0219tilor a reie\u0219it c\u0103 erau probe suficiente de condamn\u0103ri \u0219i de recuperare a prejudiciilor. Pentru a-\u0219i bate PSD-i\u0219tii joc de DNA, asta tehnic\u0103 au folosit. Dar mai mari pro\u0219ti ca judec\u0103torii ICCJ s\u0103 te une\u0219ti cu infractorii PSD nu s-a mai pomenit pe tot globul p\u0103m\u00e2ntesc. PSD-i\u0219tii au corupt 3 televiziuni: Antena 3, RTV \u0219i B1 TV precum \u0219i 8 judec\u0103tori ai CCR \u0219i pe to\u021bi judec\u0103torii ICCJ.<\/p>\n<p>\u00cen ce \u021bar\u0103 tr\u0103im!!!??? \u021aara infractorilor PSD!!!<\/p>\n<figure id=\"attachment_5540\" aria-describedby=\"caption-attachment-5540\" style=\"width: 215px\" class=\"wp-caption alignright\"><a href=\"http:\/\/www.editiespecialapress.ro\/wp\/wp-content\/uploads\/2018\/06\/Daniel-Marius-Morar-cel-mai-mare-infractor-s-a-dat-cu-PSD-i\u0219tii.jpg\"><img loading=\"lazy\" decoding=\"async\" class=\"size-medium wp-image-5540\" src=\"http:\/\/www.editiespecialapress.ro\/wp\/wp-content\/uploads\/2018\/06\/Daniel-Marius-Morar-cel-mai-mare-infractor-s-a-dat-cu-PSD-i\u0219tii-215x300.jpg\" alt=\"\" width=\"215\" height=\"300\" \/><\/a><figcaption id=\"caption-attachment-5540\" class=\"wp-caption-text\">Daniel Marius Morar, cel mai mare infractor, s-a dat cu PSD-i\u0219tii<\/figcaption><\/figure>\n<p>Numai SRI-ul, Parchetul General, Pre\u0219edintele Rom\u00e2niei \u0219i poporul mai pot face ordine \u00een \u021bara infractorilor PSD. SRI-ul a fost \u00eenl\u0103turat de la monitoriz\u0103ri \u00een mod abuziv tot cu o decizie diversionist\u0103 contra normelor europene, contra Conven\u021biei pentru Ap\u0103rarea Drepturilor Omului, precum \u0219i contra Constitu\u021biei Rom\u00e2niei. Bun\u0103starea economic\u0103 a \u021b\u0103rii intr\u0103 \u00een competen\u021ba SRI-ului. C\u00e2nd se sl\u0103be\u0219te bun\u0103starea economic\u0103 a \u021b\u0103rii (atunci c\u00e2nd fur\u0103 PSD-i\u0219tii la greu), SRI-ul are competen\u021b\u0103 de cercetare pentru infrac\u021biuni contra securit\u0103\u021bii na\u021bionale. Numai CCR-ul \u0219i Guvernul Ciolo\u0219 au hot\u0103r\u00e2t \u00een mod abuziv s\u0103 ia competen\u021ba SRI pentru a putea fura to\u021bi infractorii bugetele de la Prim\u0103rii, banii din conturile Consiliilor Jude\u021bene etc.<\/p>\n<p>\u00cencheiem acest articol \u0219i \u00eei termin\u0103m cu acest articol. Solicit\u0103m sesizarea din oficiu a Procurorului General al Parchetului de pe l\u00e2ng\u0103 ICCJ, mai solicit\u0103m sesizarea din oficiu a Directorului SRI precum \u0219i sesizarea din oficiu a Pre\u0219edintelui Statului \u0219i a tuturor \u0219efilor de institu\u021bii competente pentru a lua m\u0103surile legale ce se impun.<\/p>\n<p><em>\u00a0<\/em><em>Articol de Cristi Predescu <\/em><\/p>\n<p>&nbsp;<\/p>\n","protected":false},"excerpt":{"rendered":"<p>CEX-ul PSD a ordonat la CCR revocarea din func\u021bie a \u0219efei DNA \u2013 Laura Codru\u021ba Kovesi, decizie ilegal\u0103 \u0219i abuziv\u0103 Dragii no\u0219tri cititori, continu\u0103m \u00een aceast\u0103 edi\u021bie cu 8 judec\u0103tori ai Cur\u021bii Constitu\u021bionale Rom\u00e2ne, incompeten\u021bi, abuzivi, comuni\u015fti fasci\u015fti executori. Pre\u0219edinte: Valer Dorneanu, Judec\u0103tori: Marian Enache, Petre L\u0103z\u0103roiu, Mircea \u0218tefan Minea, Daniel Marius Morar, Mona Maria [&hellip;]<\/p>\n","protected":false},"author":2,"featured_media":5542,"comment_status":"closed","ping_status":"open","sticky":false,"template":"","format":"standard","meta":{"footnotes":""},"categories":[2],"tags":[764,230,275,765,303,304,305,308,309,232,766],"class_list":{"0":"post-5537","1":"post","2":"type-post","3":"status-publish","4":"format-standard","5":"has-post-thumbnail","7":"category-ancheta","8":"tag-cex-ul-psd","9":"tag-daniel-marius-morar","10":"tag-liviu-dragnea","11":"tag-marian-enache","12":"tag-mircea-stefan-minea","13":"tag-mona-maria-pivniceru","14":"tag-petre-lazaroiu","15":"tag-simona-maya-teodoroiu","16":"tag-tudorel-toader","17":"tag-valer-dorneanu","18":"tag-varga-attila"},"_links":{"self":[{"href":"https:\/\/www.editiespecialapress.ro\/newtest\/wp-json\/wp\/v2\/posts\/5537","targetHints":{"allow":["GET"]}}],"collection":[{"href":"https:\/\/www.editiespecialapress.ro\/newtest\/wp-json\/wp\/v2\/posts"}],"about":[{"href":"https:\/\/www.editiespecialapress.ro\/newtest\/wp-json\/wp\/v2\/types\/post"}],"author":[{"embeddable":true,"href":"https:\/\/www.editiespecialapress.ro\/newtest\/wp-json\/wp\/v2\/users\/2"}],"replies":[{"embeddable":true,"href":"https:\/\/www.editiespecialapress.ro\/newtest\/wp-json\/wp\/v2\/comments?post=5537"}],"version-history":[{"count":0,"href":"https:\/\/www.editiespecialapress.ro\/newtest\/wp-json\/wp\/v2\/posts\/5537\/revisions"}],"wp:featuredmedia":[{"embeddable":true,"href":"https:\/\/www.editiespecialapress.ro\/newtest\/wp-json\/"}],"wp:attachment":[{"href":"https:\/\/www.editiespecialapress.ro\/newtest\/wp-json\/wp\/v2\/media?parent=5537"}],"wp:term":[{"taxonomy":"category","embeddable":true,"href":"https:\/\/www.editiespecialapress.ro\/newtest\/wp-json\/wp\/v2\/categories?post=5537"},{"taxonomy":"post_tag","embeddable":true,"href":"https:\/\/www.editiespecialapress.ro\/newtest\/wp-json\/wp\/v2\/tags?post=5537"}],"curies":[{"name":"wp","href":"https:\/\/api.w.org\/{rel}","templated":true}]}}