{"id":5566,"date":"2018-06-24T21:22:29","date_gmt":"2018-06-24T18:22:29","guid":{"rendered":"http:\/\/www.editiespecialapress.ro\/?p=5566"},"modified":"2018-06-24T21:22:29","modified_gmt":"2018-06-24T18:22:29","slug":"liviu-dragnea-nu-fa-apel-ca-ti-iei-5-ani-cu-spor-florin-iordache-distrugatorul-codului-penal-si-al-codului-de-procedura-penala","status":"publish","type":"post","link":"https:\/\/www.editiespecialapress.ro\/newtest\/2018\/06\/24\/liviu-dragnea-nu-fa-apel-ca-ti-iei-5-ani-cu-spor-florin-iordache-distrugatorul-codului-penal-si-al-codului-de-procedura-penala\/","title":{"rendered":"Liviu Dragnea nu f\u0103 Apel c\u0103-\u021bi iei 5 ani cu spor. Florin Iordache, distrug\u0103torul Codului Penal \u0219i al Codului de Procedur\u0103 Penal\u0103"},"content":{"rendered":"<p><strong>Dragnea nu f\u0103 Apel, c\u0103-\u021bi iei 5 ani cu spor, Iordache Florin a distrus Codul Penal \u0219i Codul de Procedur\u0103 Penal\u0103, va r\u0103spunde tot penal<\/strong><\/p>\n<p>Dragii no\u0219tri cititori continu\u0103m \u00een aceast\u0103 edi\u021bie cu cele dou\u0103 jeguri penale \u2013 Dragnea \u0219i Iordache.<\/p>\n<figure id=\"attachment_5570\" aria-describedby=\"caption-attachment-5570\" style=\"width: 400px\" class=\"wp-caption aligncenter\"><a href=\"http:\/\/www.editiespecialapress.ro\/wp\/wp-content\/uploads\/2018\/06\/Liviu-Dragnea-dac\u0103-face-Apel-\u00ee\u0219i-ia-5-ani-cu-spor.jpg\"><img loading=\"lazy\" decoding=\"async\" class=\"size-medium wp-image-5570\" src=\"http:\/\/www.editiespecialapress.ro\/wp\/wp-content\/uploads\/2018\/06\/Liviu-Dragnea-dac\u0103-face-Apel-\u00ee\u0219i-ia-5-ani-cu-spor-400x271.jpg\" alt=\"\" width=\"400\" height=\"271\" \/><\/a><figcaption id=\"caption-attachment-5570\" class=\"wp-caption-text\">Liviu Dragnea, dac\u0103 face Apel \u00ee\u0219i ia 5 ani cu spor<\/figcaption><\/figure>\n<p>Infractorul Liviu Dragnea le-a amenin\u021bat pe cele ce le-a angajat fictiv, pentru a declara \u00een mod mincinos la Completul de Judecat\u0103 al ICCJ. Completul de Judecat\u0103 a fost informat c\u0103 Liviu Dragnea le-a amenin\u021bat \u00een mod repetat pe angajatele fictiv, le-a pus s\u0103-\u0219i schimbe declara\u021biile pentru a-l sc\u0103pa de r\u0103spunderea penal\u0103. Din informa\u021biile noastre se mai re\u021bine c\u0103, Liviu Dragnea le-a oferit angajatelor fictiv sume de bani foarte mari. Nemernicul de Liviu Dragnea le-a c\u0103utat non-stop pe cele angajate fictiv \u00een timpul procesului \u0219i a reu\u0219it s\u0103 le ademeneasc\u0103 cu sume foarte mari de bani pentru a-\u0219i schimba declara\u021biile \u00een fa\u021ba Completului de Judecat\u0103. Dobitocul mai are \u0219i tupeu s\u0103 fac\u0103 pe victima politruc\u0103 \u0219i s\u0103 declare \u00een fa\u021ba jurnali\u0219tilor c\u0103 ce condamnare mai e asta, au fost demontate toate declara\u021biile celor ce-l incriminau de fapte penale grave. Fraierul de Dragnea acuza completul de judecat\u0103 \u0219i procurorii de abuz dar procurorii DNA \u0219i judec\u0103torii sunt mai informa\u021bi dec\u00e2t el, a\u0219a c\u0103 demonul de Liviu Dragnea nu i-a putut p\u0103c\u0103li. Tare prost mai e acest PSD-ist, s\u0103 pl\u0103te\u0219ti bani grei la angajatele fictiv iar dup\u0103 aceea s-o trag\u0103 \u0219i ele din plin. Au avut noroc c\u0103 nu sunt martore, dac\u0103 erau martore erau condamnate pentru m\u0103rturie mincinoas\u0103, dar oricum o vor trage r\u0103u de tot. Cum e posibil ca la procurorii DNA s\u0103 m\u0103rturise\u0219ti adev\u0103rul \u0219i dup\u0103 ce te amenin\u021b\u0103 Liviu Dragnea \u0219i te pl\u0103te\u0219te cu bani grei s\u0103 \u00ee\u021bi schimbi total declara\u021bia.<\/p>\n<figure id=\"attachment_5568\" aria-describedby=\"caption-attachment-5568\" style=\"width: 243px\" class=\"wp-caption alignleft\"><a href=\"http:\/\/www.editiespecialapress.ro\/wp\/wp-content\/uploads\/2018\/06\/Florin-Iordache-maimu\u021boiul-de-plu\u0219-al-lui-Dragnea-dobitoc-ca-\u0219i-Dan-Diaconescu-am\u00e2ndoi-din-Caracal.jpg\"><img loading=\"lazy\" decoding=\"async\" class=\" wp-image-5568\" src=\"http:\/\/www.editiespecialapress.ro\/wp\/wp-content\/uploads\/2018\/06\/Florin-Iordache-maimu\u021boiul-de-plu\u0219-al-lui-Dragnea-dobitoc-ca-\u0219i-Dan-Diaconescu-am\u00e2ndoi-din-Caracal-373x300.jpg\" alt=\"\" width=\"243\" height=\"197\" \/><\/a><figcaption id=\"caption-attachment-5568\" class=\"wp-caption-text\">Florin Iordache, maimu\u021boiul de plu\u0219 al lui Dragnea, dobitoc ca \u0219i Dan Diaconescu, am\u00e2ndoi din Caracal<\/figcaption><\/figure>\n<p>Liviu Dragnea a fost condamnat la pu\u021bini ani de pu\u0219c\u0103rie, probe sunt destule pentru o condamnare de 5 ani cu executare. Av\u00e2nd condamnarea cu suspendare la aceast\u0103 or\u0103, el trebuia arestat \u00eentruc\u00e2t a mai comis o nou\u0103 infrac\u021biune. Tr\u0103ie\u0219te nenorocitul din mila completului de judecat\u0103 care nu a dispus revocarea \u0219i la pedeapsa cu suspendare. Oricum i le va pune \u00een spate pe toate, completul de Apel al ICCJ. Fraierul de Liviu Dragnea \u0219i-a \u00eenr\u0103ut\u0103\u021bit situa\u021bia \u00een dosar prin a le amenin\u021ba \u0219i pl\u0103ti pe angajatele fictiv. Dac\u0103 era un fraier de\u0219tept, l\u0103sa fetele s\u0103-\u0219i men\u021bin\u0103 declara\u021biile pe care le d\u0103duser\u0103 la DNA, nefor\u021bate de nimeni \u0219i neamenin\u021bate. \u00ce\u0219i lua prostul o pedeaps\u0103 mai mic\u0103 \u0219i venea mai devreme acas\u0103. Oricum lui nu-i prea place s\u0103 stea pe-acas\u0103. Dac\u0103 va face Apel \u00ee\u0219i va lua cel pu\u021bin 5 ani de zile, dac\u0103 o las\u0103 a\u0219a cum a c\u0103zut va fi mai devreme acas\u0103. Fraierul de Liviu Dragnea insist\u0103 la achitare, asta d\u0103 dovad\u0103 c\u0103 e bolnav psihic. Cu at\u00e2tea probe la dosar \u0219i mai ales c\u0103 a mai comis o nou\u0103 infrac\u021biune de amenin\u021bare \u00eempotriva celor ce le-a angajat fictiv \u0219i pe deasupra le-a \u0219i pl\u0103tit cu bani grei pentru a-\u0219i schimba declara\u021biile \u00een totalitate, 5 ani cu executare e pu\u021bin pentru Liviu Dragnea.<\/p>\n<figure id=\"attachment_5569\" aria-describedby=\"caption-attachment-5569\" style=\"width: 277px\" class=\"wp-caption alignright\"><a href=\"http:\/\/www.editiespecialapress.ro\/wp\/wp-content\/uploads\/2018\/06\/Judec\u0103torii-de-la-ICCJ-au-fost-la-\u00een\u0103l\u021bime-n-au-pus-botul-la-f\u0103c\u0103turile-lui-Dragnea.jpg\"><img loading=\"lazy\" decoding=\"async\" class=\" wp-image-5569\" src=\"http:\/\/www.editiespecialapress.ro\/wp\/wp-content\/uploads\/2018\/06\/Judec\u0103torii-de-la-ICCJ-au-fost-la-\u00een\u0103l\u021bime-n-au-pus-botul-la-f\u0103c\u0103turile-lui-Dragnea-400x248.jpg\" alt=\"\" width=\"277\" height=\"175\" \/><\/a><figcaption id=\"caption-attachment-5569\" class=\"wp-caption-text\">Judec\u0103torii de la ICCJ au fost la \u00een\u0103l\u021bime, n-au pus botul la f\u0103c\u0103turile lui Dragnea<\/figcaption><\/figure>\n<p>Dac\u0103 ne sup\u0103r\u0103 un pic o s\u0103-i trimitem \u0219i martori care au auzit amenin\u021b\u0103rile lui Liviu \u00eempotriva angajatelor fictiv. Sumele de bani pe care le-a dat angajatelor fictiv, vor reie\u0219i din declara\u021biile martorilor. \u0218i ele vor recunoa\u0219te dac\u0103 vor fi bine audiate. Infractorul Dragnea l-a amenin\u021bat \u0219i pe Florin Iordache, \u0219eful Comisiei pentru legile justi\u021biei pentru a distruge articole de lege din Codul Penal, precum abuzul \u00een serviciu \u0219.a.m.d. L-a mai amenin\u021bat pe Florin Iordache \u0219i i-a impus s\u0103 anuleze multe articole din Codul de Procedur\u0103 Penal\u0103 pentru a fi favoriza\u021bi mul\u021bi infractori ca el. Denun\u021bul unei fapte penale s\u0103 fie f\u0103cut \u00een circa 6 luni de zile. Pentru a nu mai avea dosare penale Dragnea, T\u0103riceanu \u0219.a.m.d. \u0219i de a nu mai putea sesiza denun\u021b\u0103torii faptele penale ale lui Dragnea, T\u0103riceanu etc., au hot\u0103r\u00e2t s\u0103 anuleze articole din Codul de Procedur\u0103 Penal\u0103 \u0219i au f\u0103cut un articol \u00een care denun\u021b\u0103torii pot denun\u021ba faptele penale timp de 6 luni de zile. Ei oricum au fapte penale \u00een decursul a 15 ani de zile a\u0219a c\u0103 nu vor mai r\u0103spunde penal \u00eentruc\u00e2t denun\u021b\u0103torul are la dispozi\u021bie s\u0103 denun\u021be faptele penale \u00een circa 6 luni de zile. S-au pus la ad\u0103post \u0219i sunt siguri c\u0103 nu vor mai avea dosare penale din urm\u0103.<\/p>\n<figure id=\"attachment_5572\" aria-describedby=\"caption-attachment-5572\" style=\"width: 223px\" class=\"wp-caption alignleft\"><a href=\"http:\/\/www.editiespecialapress.ro\/wp\/wp-content\/uploads\/2018\/06\/Victor-Ciutacu-cel-mai-mare-diversionist-\u0103sta-a-anulat-art.17-CEDO-cu-infractorii-lui-.jpg\"><img loading=\"lazy\" decoding=\"async\" class=\" wp-image-5572\" src=\"http:\/\/www.editiespecialapress.ro\/wp\/wp-content\/uploads\/2018\/06\/Victor-Ciutacu-cel-mai-mare-diversionist-\u0103sta-a-anulat-art.17-CEDO-cu-infractorii-lui--287x300.jpg\" alt=\"\" width=\"223\" height=\"233\" \/><\/a><figcaption id=\"caption-attachment-5572\" class=\"wp-caption-text\">Victor Ciutacu, cel mai mare diversionist, \u0103sta a anulat art.17 CEDO cu infractorii lui<\/figcaption><\/figure>\n<p>\u021aip\u0103 to\u021bi neciopli\u021bii \u00een direct la RTV \u00een frunte cu infractorul Ciutacu Victor c\u0103 abuzul \u00een serviciu a fost desfiin\u021bat prin decizia CCR ceea ce este cu totul neadev\u0103rat. \u00cen dosarul lui Liviu Dragnea au fost re\u021binute fapte de delapidare, \u00een\u0219el\u0103ciune, fals intelectual, abuz \u00een serviciu etc. Abuzul \u00een serviciu e re\u021binut numai dac\u0103 ai \u0219i alte fapte penale, a\u0219a c\u0103 la Liviu Dragnea a fost totul legal \u0219i o condamnare legal\u0103. Judec\u0103torii competen\u021bi \u0219i necorup\u021bi de Liviu Dragnea au \u021binut cont \u0219i de art. 17 CEDO \u2013 Interzicerea Abuzului de Drept.<\/p>\n<p><u>Art. 17 CEDO<\/u>\u00a0 &#8211; <em>\u201eNici o dispozi\u021bie din prezenta conven\u021bie nu poate fi interpretat\u0103 ca implic\u00e2nd un stat, un grup sau un individ, un drept oarecare de a desf\u0103\u0219ura o activitate sau de a \u00eendeplini un act ce urm\u0103re\u0219te distrugerea drepturilor sau a libert\u0103\u021bilor recunoscute de prezenta conven\u021bie sau de a aduce limit\u0103ri mai ample acestor drepturi \u0219i libert\u0103\u021bii dec\u00e2t acelea prev\u0103zute de aceast\u0103 conven\u021bie\u201d.<\/em><\/p>\n<p>To\u021bi care s-au implicat \u00een anularea art.297 NCP &#8211; abuzul \u00een serviciu intr\u0103 sub inciden\u021ba art.17 CEDO. To\u021bi care au eliberat decizii CCR \u0219i Ordonan\u021be abuzive vor fi cerceta\u021bi pentru \u00eenc\u0103lcarea Conven\u021biei pentru Ap\u0103rarea Drepturilor Omului \u00een special pentru \u00eenc\u0103lcarea art.17 CEDO etc. Ace\u0219ti distrug\u0103tori de Cod Penal \u0219i de Cod de Procedur\u0103 Penal\u0103 vor fi condamna\u021bi la ani grei de pu\u0219c\u0103rie. Comuni\u0219tii PSD \u0219i comuni\u0219tii televiziunilor Antena 3, RTV \u0219i B1 TV au dorit \u0219i doresc din tot sufletul s\u0103 nu mai r\u0103spund\u0103 penal dac\u0103 fur\u0103 bugetele de la institu\u021bii anual. \u0102sta e tot interesul PSD-i\u0219tilor comuni\u0219ti \u0219i al televiziunilor comuniste PSD-iste. Au f\u0103cut \u00een a\u0219a fel s\u0103 pun\u0103 m\u00e2na pe bugetul statului \u0219i s\u0103-l fure cu p\u0103l\u0103ria sus. Nici vorb\u0103 s\u0103 r\u0103spund\u0103 penal, s-au pus la punct cu anularea abuzului \u00een serviciu, pot fura oric\u00e2t \u0219i oric\u00e2nd. Dac\u0103 au fost \u00een stare s\u0103 voteze OUG 13, v\u0103 \u00eenchipui\u021bi ce nenoroci\u0163i pot fi ace\u0219ti comuni\u0219ti fasci\u0219ti.<\/p>\n<figure id=\"attachment_5567\" aria-describedby=\"caption-attachment-5567\" style=\"width: 400px\" class=\"wp-caption aligncenter\"><a href=\"http:\/\/www.editiespecialapress.ro\/wp\/wp-content\/uploads\/2018\/06\/Camera-Deputa\u021bilor-e-de-tot-r\u00e2sul.jpg\"><img loading=\"lazy\" decoding=\"async\" class=\"size-medium wp-image-5567\" src=\"http:\/\/www.editiespecialapress.ro\/wp\/wp-content\/uploads\/2018\/06\/Camera-Deputa\u021bilor-e-de-tot-r\u00e2sul-400x251.jpg\" alt=\"\" width=\"400\" height=\"251\" \/><\/a><figcaption id=\"caption-attachment-5567\" class=\"wp-caption-text\">Camera Deputa\u021bilor e de tot r\u00e2sul<\/figcaption><\/figure>\n<p>\u0218eful Comisiei, Florin Iordache e maimu\u021boiul lui Dragnea, unde \u00eel pune acolo st\u0103, face ce i se dicteaz\u0103 de dictatorul comunist Liviu Dragnea. Comuni\u0219tii PSD sunt foarte periculo\u0219i c\u00e2nd pun m\u00e2na pe bugetele statului \u00ee\u0219i fac de cap, fur\u0103 tot \u0219i dup\u0103 aceea anuleaz\u0103 articole de lege din Codul Penal \u0219i din Codul de Procedur\u0103 Penal\u0103 pentru a nu mai r\u0103spunde penal. Sunt tehnici pentru a-\u0219i feri pielea de pu\u0219c\u0103rie, dar cu mintea noastr\u0103 s\u0103 nu se pun\u0103. Avem ac de cojocul lor. Rom\u00e2nii au votat PSD, acum a\u0219a le trebuie. Oricum nu ai ce vota, numai partide de doi lei.<\/p>\n<p style=\"text-align: right;\">Articol de Liviu Po\u0219irc\u0103<\/p>\n<p>&nbsp;<\/p>\n<p>&nbsp;<\/p>\n","protected":false},"excerpt":{"rendered":"<p>Dragnea nu f\u0103 Apel, c\u0103-\u021bi iei 5 ani cu spor, Iordache Florin a distrus Codul Penal \u0219i Codul de Procedur\u0103 Penal\u0103, va r\u0103spunde tot penal Dragii no\u0219tri cititori continu\u0103m \u00een aceast\u0103 edi\u021bie cu cele dou\u0103 jeguri penale \u2013 Dragnea \u0219i Iordache. Infractorul Liviu Dragnea le-a amenin\u021bat pe cele ce le-a angajat fictiv, pentru a declara [&hellip;]<\/p>\n","protected":false},"author":2,"featured_media":5571,"comment_status":"closed","ping_status":"open","sticky":false,"template":"","format":"standard","meta":{"footnotes":""},"categories":[2],"tags":[771,687,772,275,467],"class_list":{"0":"post-5566","1":"post","2":"type-post","3":"status-publish","4":"format-standard","5":"has-post-thumbnail","7":"category-ancheta","8":"tag-camera-deputatilor","9":"tag-florin-iordache","10":"tag-inalta-curte-de-casatie-si-justitie","11":"tag-liviu-dragnea","12":"tag-victor-ciutacu"},"_links":{"self":[{"href":"https:\/\/www.editiespecialapress.ro\/newtest\/wp-json\/wp\/v2\/posts\/5566","targetHints":{"allow":["GET"]}}],"collection":[{"href":"https:\/\/www.editiespecialapress.ro\/newtest\/wp-json\/wp\/v2\/posts"}],"about":[{"href":"https:\/\/www.editiespecialapress.ro\/newtest\/wp-json\/wp\/v2\/types\/post"}],"author":[{"embeddable":true,"href":"https:\/\/www.editiespecialapress.ro\/newtest\/wp-json\/wp\/v2\/users\/2"}],"replies":[{"embeddable":true,"href":"https:\/\/www.editiespecialapress.ro\/newtest\/wp-json\/wp\/v2\/comments?post=5566"}],"version-history":[{"count":0,"href":"https:\/\/www.editiespecialapress.ro\/newtest\/wp-json\/wp\/v2\/posts\/5566\/revisions"}],"wp:featuredmedia":[{"embeddable":true,"href":"https:\/\/www.editiespecialapress.ro\/newtest\/wp-json\/"}],"wp:attachment":[{"href":"https:\/\/www.editiespecialapress.ro\/newtest\/wp-json\/wp\/v2\/media?parent=5566"}],"wp:term":[{"taxonomy":"category","embeddable":true,"href":"https:\/\/www.editiespecialapress.ro\/newtest\/wp-json\/wp\/v2\/categories?post=5566"},{"taxonomy":"post_tag","embeddable":true,"href":"https:\/\/www.editiespecialapress.ro\/newtest\/wp-json\/wp\/v2\/tags?post=5566"}],"curies":[{"name":"wp","href":"https:\/\/api.w.org\/{rel}","templated":true}]}}