{"id":5598,"date":"2018-07-18T20:25:15","date_gmt":"2018-07-18T17:25:15","guid":{"rendered":"http:\/\/www.editiespecialapress.ro\/?p=5598"},"modified":"2018-07-18T20:25:15","modified_gmt":"2018-07-18T17:25:15","slug":"la-multi-ani-de-sfantul-ilie-editie-speciala-press-2","status":"publish","type":"post","link":"https:\/\/www.editiespecialapress.ro\/newtest\/2018\/07\/18\/la-multi-ani-de-sfantul-ilie-editie-speciala-press-2\/","title":{"rendered":"La Mul\u021bi Ani de Sf\u00e2ntul Ilie! &#8211; Edi\u021bie Special\u0103 Press"},"content":{"rendered":"<p>Fie ca din aceast\u0103 zi sf\u00e2nt\u0103, \u00een drumul lin al vie\u021bii\u00a0 s\u0103 r\u0103sar\u0103 mereu c\u00e2te-o raz\u0103 de soare care s\u0103 v\u0103 aduc\u0103 fericire \u0219i bucurie, s-ave\u0163i parte de toat\u0103 distrac\u0163ia \u015fi emo\u0163ia specific\u0103 acestei zile, iar \u00eentreaga zi s\u0103 v\u0103 fie binecuv\u00e2ntat\u0103 cu fericire, bucurie, raze de soare \u015fi prietenie. La Mul\u0163i Ani cu ocazia Sf\u00e2ntului Ilie \u015fi s\u0103 v\u0103 fie ziua plin\u0103 de minuni!<\/p>\n<p style=\"text-align: right;\"><strong>Edi\u021bie Special\u0103 Press, <\/strong><\/p>\n<p style=\"text-align: right;\"><strong>Director General Iulian Ratea \u00eempreun\u0103 cu \u00eentreaga redac\u021bie<\/strong><\/p>\n<p>&nbsp;<\/p>\n","protected":false},"excerpt":{"rendered":"<p>Fie ca din aceast\u0103 zi sf\u00e2nt\u0103, \u00een drumul lin al vie\u021bii\u00a0 s\u0103 r\u0103sar\u0103 mereu c\u00e2te-o raz\u0103 de soare care s\u0103 v\u0103 aduc\u0103 fericire \u0219i bucurie, s-ave\u0163i parte de toat\u0103 distrac\u0163ia \u015fi emo\u0163ia specific\u0103 acestei zile, iar \u00eentreaga zi s\u0103 v\u0103 fie binecuv\u00e2ntat\u0103 cu fericire, bucurie, raze de soare \u015fi prietenie. La Mul\u0163i Ani cu ocazia [&hellip;]<\/p>\n","protected":false},"author":2,"featured_media":5599,"comment_status":"closed","ping_status":"open","sticky":false,"template":"","format":"standard","meta":{"footnotes":""},"categories":[4],"tags":[],"class_list":{"0":"post-5598","1":"post","2":"type-post","3":"status-publish","4":"format-standard","5":"has-post-thumbnail","7":"category-felicitari"},"_links":{"self":[{"href":"https:\/\/www.editiespecialapress.ro\/newtest\/wp-json\/wp\/v2\/posts\/5598","targetHints":{"allow":["GET"]}}],"collection":[{"href":"https:\/\/www.editiespecialapress.ro\/newtest\/wp-json\/wp\/v2\/posts"}],"about":[{"href":"https:\/\/www.editiespecialapress.ro\/newtest\/wp-json\/wp\/v2\/types\/post"}],"author":[{"embeddable":true,"href":"https:\/\/www.editiespecialapress.ro\/newtest\/wp-json\/wp\/v2\/users\/2"}],"replies":[{"embeddable":true,"href":"https:\/\/www.editiespecialapress.ro\/newtest\/wp-json\/wp\/v2\/comments?post=5598"}],"version-history":[{"count":0,"href":"https:\/\/www.editiespecialapress.ro\/newtest\/wp-json\/wp\/v2\/posts\/5598\/revisions"}],"wp:featuredmedia":[{"embeddable":true,"href":"https:\/\/www.editiespecialapress.ro\/newtest\/wp-json\/"}],"wp:attachment":[{"href":"https:\/\/www.editiespecialapress.ro\/newtest\/wp-json\/wp\/v2\/media?parent=5598"}],"wp:term":[{"taxonomy":"category","embeddable":true,"href":"https:\/\/www.editiespecialapress.ro\/newtest\/wp-json\/wp\/v2\/categories?post=5598"},{"taxonomy":"post_tag","embeddable":true,"href":"https:\/\/www.editiespecialapress.ro\/newtest\/wp-json\/wp\/v2\/tags?post=5598"}],"curies":[{"name":"wp","href":"https:\/\/api.w.org\/{rel}","templated":true}]}}