{"id":5602,"date":"2018-07-18T20:15:52","date_gmt":"2018-07-18T17:15:52","guid":{"rendered":"http:\/\/www.editiespecialapress.ro\/?p=5602"},"modified":"2018-07-18T20:15:52","modified_gmt":"2018-07-18T17:15:52","slug":"la-multi-ani-de-sfantul-ilie-primaria-poiana-lacului-2","status":"publish","type":"post","link":"https:\/\/www.editiespecialapress.ro\/newtest\/2018\/07\/18\/la-multi-ani-de-sfantul-ilie-primaria-poiana-lacului-2\/","title":{"rendered":"La multi ani de Sf\u00e2ntul Ilie! &#8211; Prim\u0103ria Poiana Lacului"},"content":{"rendered":"<p>Cu ocazia s\u0103rb\u0103torii acestei zi speciale, v\u0103 dorim o or\u0103 de lini\u015fte, o zi senin\u0103, o s\u0103pt\u0103m\u00e2n\u0103 de bucurii, o luna de \u00eempliniri, un an de prosperitate, un veac de s\u0103n\u0103tate, fericire \u015fi iubire. Multe realiz\u0103ri \u015fi tot ce v\u0103 dori\u0163i l\u00e2ng\u0103 cei dragi!\u00a0La mul\u0163i ani, Ilie, Iliu\u0163\u0103, Lie, Ilie\u015f, Iliu\u0163\u0103, Eliade, Eliana, Ilinca. Mult\u0103 s\u0103n\u0103tate!<\/p>\n<p style=\"text-align: right;\"><strong>Prim\u0103ria Poiana Lacului (AG), <\/strong><\/p>\n<p style=\"text-align: right;\"><strong>Primar Dumitrache Ion \u00eempreun\u0103 cu angaja\u021bii Prim\u0103riei \u0219i Consiliul Local<\/strong><\/p>\n","protected":false},"excerpt":{"rendered":"<p>Cu ocazia s\u0103rb\u0103torii acestei zi speciale, v\u0103 dorim o or\u0103 de lini\u015fte, o zi senin\u0103, o s\u0103pt\u0103m\u00e2n\u0103 de bucurii, o luna de \u00eempliniri, un an de prosperitate, un veac de s\u0103n\u0103tate, fericire \u015fi iubire. Multe realiz\u0103ri \u015fi tot ce v\u0103 dori\u0163i l\u00e2ng\u0103 cei dragi!\u00a0La mul\u0163i ani, Ilie, Iliu\u0163\u0103, Lie, Ilie\u015f, Iliu\u0163\u0103, Eliade, Eliana, Ilinca. Mult\u0103 [&hellip;]<\/p>\n","protected":false},"author":2,"featured_media":5608,"comment_status":"closed","ping_status":"open","sticky":false,"template":"","format":"standard","meta":{"footnotes":""},"categories":[4],"tags":[],"class_list":{"0":"post-5602","1":"post","2":"type-post","3":"status-publish","4":"format-standard","5":"has-post-thumbnail","7":"category-felicitari"},"_links":{"self":[{"href":"https:\/\/www.editiespecialapress.ro\/newtest\/wp-json\/wp\/v2\/posts\/5602","targetHints":{"allow":["GET"]}}],"collection":[{"href":"https:\/\/www.editiespecialapress.ro\/newtest\/wp-json\/wp\/v2\/posts"}],"about":[{"href":"https:\/\/www.editiespecialapress.ro\/newtest\/wp-json\/wp\/v2\/types\/post"}],"author":[{"embeddable":true,"href":"https:\/\/www.editiespecialapress.ro\/newtest\/wp-json\/wp\/v2\/users\/2"}],"replies":[{"embeddable":true,"href":"https:\/\/www.editiespecialapress.ro\/newtest\/wp-json\/wp\/v2\/comments?post=5602"}],"version-history":[{"count":0,"href":"https:\/\/www.editiespecialapress.ro\/newtest\/wp-json\/wp\/v2\/posts\/5602\/revisions"}],"wp:featuredmedia":[{"embeddable":true,"href":"https:\/\/www.editiespecialapress.ro\/newtest\/wp-json\/"}],"wp:attachment":[{"href":"https:\/\/www.editiespecialapress.ro\/newtest\/wp-json\/wp\/v2\/media?parent=5602"}],"wp:term":[{"taxonomy":"category","embeddable":true,"href":"https:\/\/www.editiespecialapress.ro\/newtest\/wp-json\/wp\/v2\/categories?post=5602"},{"taxonomy":"post_tag","embeddable":true,"href":"https:\/\/www.editiespecialapress.ro\/newtest\/wp-json\/wp\/v2\/tags?post=5602"}],"curies":[{"name":"wp","href":"https:\/\/api.w.org\/{rel}","templated":true}]}}