{"id":5610,"date":"2018-07-22T21:54:17","date_gmt":"2018-07-22T18:54:17","guid":{"rendered":"http:\/\/www.editiespecialapress.ro\/?p=5610"},"modified":"2018-07-22T21:54:17","modified_gmt":"2018-07-22T18:54:17","slug":"avocatul-dragos-bogdan-de-la-baroul-bucuresti-respectiv-stoica-asociatii-au-intrat-cu-programe-speciale-la-onrc-bucuresti-si-au-furat-toate-documentele-sc-editie-speciala-press-srl-precum-si-toate-d","status":"publish","type":"post","link":"https:\/\/www.editiespecialapress.ro\/newtest\/2018\/07\/22\/avocatul-dragos-bogdan-de-la-baroul-bucuresti-respectiv-stoica-asociatii-au-intrat-cu-programe-speciale-la-onrc-bucuresti-si-au-furat-toate-documentele-sc-editie-speciala-press-srl-precum-si-toate-d\/","title":{"rendered":"Avocatul Drago\u0219 Bogdan de la Baroul Bucure\u0219ti respectiv Stoica &#038; Asocia\u021bii, a intrat cu programe speciale la ONRC Bucure\u0219ti \u0219i a furat toate documentele SC Edi\u021bie Special\u0103 Press SRL precum \u0219i toate datele ce \u00eel reprezint\u0103 pe directorul general Iulian Ratea etc."},"content":{"rendered":"<p><strong><em>Avocatul Drago\u0219 Bogdan de la Stoica &amp; Asocia\u021bii \u2013 Bucure\u0219ti a intrat cu programe speciale \u00een baza de date de la ONRC Bucure\u0219ti, a copiat statutul societ\u0103\u021bii Edi\u021bie Special\u0103 Press SRL \u0219i toate informa\u021biile de identificare ale asocia\u021bilor, sediului social, sedii secundare, punctele de lucru, drepturi de proprietate, situa\u021bii financiare, reprezenta\u021bii ac\u021bionari, persoane \u00eemputernicite, curator, curator special, Cenzori\/Auditori Persoane Juridice, Cenzori\/Auditori Persoane Fizice, activitatea principal\u0103, activit\u0103\u021bi secundare \u0219.a.m.d.<\/em><\/strong><\/p>\n<p>Dragii no\u0219tri cititori, continu\u0103m \u00een aceast\u0103 edi\u021bie cu cel mai mare infractor avocat Drago\u0219 Bogdan de la Baroul Bucure\u0219ti respectiv Stoica &amp; Asocia\u021bii care a furat cu programe speciale de la ONRC Bucure\u0219ti toate informa\u021biile de identificare ale SC Edi\u021bie Special\u0103 Press SRL \u0219.a.m.d.<\/p>\n<figure id=\"attachment_5612\" aria-describedby=\"caption-attachment-5612\" style=\"width: 233px\" class=\"wp-caption alignright\"><a href=\"http:\/\/www.editiespecialapress.ro\/wp\/wp-content\/uploads\/2018\/07\/Drago\u0219-Bogdan-un-mare-infractor-cleptoman.png\"><img loading=\"lazy\" decoding=\"async\" class=\" wp-image-5612\" src=\"http:\/\/www.editiespecialapress.ro\/wp\/wp-content\/uploads\/2018\/07\/Drago\u0219-Bogdan-un-mare-infractor-cleptoman.png\" alt=\"\" width=\"233\" height=\"226\" \/><\/a><figcaption id=\"caption-attachment-5612\" class=\"wp-caption-text\">Drago\u0219 Bogdan, un mare infractor cleptoman<\/figcaption><\/figure>\n<p>Acest avocat onanist Drago\u0219 Bogdan a avut tupeul de retard s\u0103 fure toate informa\u021biile de identificare ale SC Edi\u021bie Special\u0103 Press SRL, ale asocia\u021bilor \u0219i toate documentele pe care le are SC Edi\u021bie Special\u0103 Press SRL. Cleptomanul Drago\u0219 Bogdan anul acesta a intrat prin programe speciale la ONRC Bucure\u0219ti \u0219i a copiat (furat) toate documentele ce reprezint\u0103 SC Edi\u021bie Special\u0103 Press SRL, asocia\u021bii, date de identitate, domicilii, locurile de na\u0219tere etc. Aceste documente ob\u021binute \u00een mod fraudulos con\u021bin urm\u0103toarele informa\u021bii de identificare:<\/p>\n<p>\u201e<em>Furnizare Informa\u021bii Edi\u021bie Special\u0103 Press SRL<\/em><\/p>\n<ol>\n<li><em> Sediul Social<\/em><\/li>\n<li><em> Capital Social<\/em><\/li>\n<li><em> Natur\u0103 Capital<\/em><\/li>\n<li><em> Asocia\u021bi Persoane Juridice<\/em><\/li>\n<li><em> Asocia\u021bi Persoane Fizice<\/em><\/li>\n<\/ol>\n<p><em>Calitatea<\/em><\/p>\n<p><em>Cet\u0103\u021benie<\/em><\/p>\n<p><em>Stare civil\u0103<\/em><\/p>\n<p><em>Data \u0219i locul na\u0219terii<\/em><\/p>\n<p><em>Sex<\/em><\/p>\n<p><em>Aport la Capital<\/em><\/p>\n<p><em>Aport v\u0103rsat total<\/em><\/p>\n<p><em>Aport v\u0103rsat<\/em><\/p>\n<p><em>Num\u0103r p\u0103r\u021bi sociale<\/em><\/p>\n<p><em>Cot\u0103 la participare, beneficii \u0219i pierderi<\/em><\/p>\n<p><em>Reprezentant ac\u021bionar\/asociat\/membru (persoan\u0103 juridic\u0103)<\/em><\/p>\n<p><em>Persoane \u00eemputernicite (Persoane Fizice)<\/em><\/p>\n<p><em>Calitate: administratori<\/em><\/p>\n<p><em>Func\u021bie:<\/em><\/p>\n<p><em>Data \u0219i locul na\u0219terii<\/em><\/p>\n<p><em>Puteri<\/em><\/p>\n<p><em>Data numirii \u00een func\u021bie<\/em><\/p>\n<p><em>Durat\u0103 mandat<\/em><\/p>\n<p><em>Dat\u0103 depunere specimen semn\u0103tur\u0103<\/em><\/p>\n<p><em>Persoane \u00eemputernicite (Persoane juridice)<\/em><\/p>\n<p><em>Administratori judiciari\/Lichidatori (Persoane juridice)<\/em><\/p>\n<p><em>Curator\/Curator Special<\/em><\/p>\n<p><em>Cenzori\/Auditori Persoane juridice<\/em><\/p>\n<p><em>Cenzori\/Auditori Persoane Fizice<\/em><\/p>\n<p><em>Activitate principal\u0103<\/em><\/p>\n<p><em>Activit\u0103\u021bi secundare\u201d\u2026 <\/em>\u0219i tot statutul societ\u0103\u021bii.<\/p>\n<p>\u00cen documentul furat de avocat arat\u0103 complet\u0103rile de date, noi nu le putem da. La \u00eencheierea documentului scrie urm\u0103toarele: \u201eInforma\u021biile sunt eliberate din Registrul Comer\u021bului Central, computerizat, \u021binut de Oficiul Na\u021bional al Registrului Comer\u021bului \u0219i au la baz\u0103 \u00eenregistr\u0103rile existente \u00een acesta p\u00e2n\u0103 la data de 31.01.2018. Pentru furnizarea acestor informa\u021bii a fost perceput\u0103 suma de 20.0 RON. Raport general \u00een data de 31.01.2018, 10:24:45. Folosirea \u00een alte scopuri dec\u00e2t cele pentru care a fost solicitat, contrafacerea prezentului document constituie infrac\u021biune \u0219i se pedepse\u0219te conform legii. Acest document nu a fost semnat de organul emitent \u0219i nici \u0219tampilat de institu\u021bia ONRC Bucure\u0219ti\u201d. Are un antet cu litere mari pe fiecare pagin\u0103 cu ONRC \u0219i un nr.: 167970.<\/p>\n<figure id=\"attachment_5615\" aria-describedby=\"caption-attachment-5615\" style=\"width: 277px\" class=\"wp-caption alignleft\"><a href=\"http:\/\/www.editiespecialapress.ro\/wp\/wp-content\/uploads\/2018\/07\/Valeriu-Stoica-ex-ministru-al-Justi\u021biei-va-pl\u0103ti-bani-grei-pentru-infrac\u021biunile-cleptomanului.jpg\"><img loading=\"lazy\" decoding=\"async\" class=\" wp-image-5615\" src=\"http:\/\/www.editiespecialapress.ro\/wp\/wp-content\/uploads\/2018\/07\/Valeriu-Stoica-ex-ministru-al-Justi\u021biei-va-pl\u0103ti-bani-grei-pentru-infrac\u021biunile-cleptomanului-400x275.jpg\" alt=\"\" width=\"277\" height=\"194\" \/><\/a><figcaption id=\"caption-attachment-5615\" class=\"wp-caption-text\">Valeriu Stoica ex-ministru al Justi\u021biei va pl\u0103ti bani grei pentru infrac\u021biunile cleptomanului<\/figcaption><\/figure>\n<p>Dac\u0103 solicita\u021bi la ONRC un document ca Administrator al Societ\u0103\u021bii, documentul de\u021bine anteturi ale \u0219tampilelor, data eliber\u0103rii etc.\u00a0 Aceste date de comunicare intr\u0103 sub inciden\u021ba Legii nr. 677\/2001 pentru protec\u021bia persoanelor cu privire la prelucrarea datelor cu caracter personal \u0219i libera circula\u021bie a acestor date cu modific\u0103rile \u0219i complet\u0103rile ulterioare, iar comunicarea acestora se face, \u00een conformitate cu prevederile art.8 alin. (1), cu consim\u021b\u0103m\u00e2ntul persoanelor vizate dat \u00een mod expres sau dac\u0103 exist\u0103 o dispozi\u021bie legal\u0103. Reprezentan\u021bii institu\u021biilor Direc\u021biei Generale pentru Eviden\u021ba Persoanelor mai arat\u0103 \u00een comunic\u0103ri: \u201edatele cu caracter personal pot fi comunicate Instan\u021bei de Judecat\u0103 pe rolul c\u0103reia se va afla dosarul la cererea expres\u0103 a acesteia, \u00een m\u0103sura \u00een care adresa cuprinde toate elementele care pot duce la identificarea corect\u0103 a persoanelor (CNP sau seria \u0219i num\u0103rul actului de identitate \u2013 criterii unice sau data \u0219i locul na\u0219terii, prenume p\u0103rin\u021bi, o adres\u0103 de domiciliu cunoscut\u0103).<\/p>\n<figure id=\"attachment_5611\" aria-describedby=\"caption-attachment-5611\" style=\"width: 400px\" class=\"wp-caption aligncenter\"><a href=\"http:\/\/www.editiespecialapress.ro\/wp\/wp-content\/uploads\/2018\/07\/Baroul-Bucure\u0219ti-plin-cu-infractori-cleptomani.jpg\"><img loading=\"lazy\" decoding=\"async\" class=\"wp-image-5611 size-medium\" src=\"http:\/\/www.editiespecialapress.ro\/wp\/wp-content\/uploads\/2018\/07\/Baroul-Bucure\u0219ti-plin-cu-infractori-cleptomani-400x210.jpg\" alt=\"\" width=\"400\" height=\"210\" \/><\/a><figcaption id=\"caption-attachment-5611\" class=\"wp-caption-text\">Baroul Bucure\u0219ti, plin cu infractori cleptomani<\/figcaption><\/figure>\n<p>Institu\u021bia ONRC Bucure\u0219ti nu a dat acestui avocat infractor acest document. El sus\u021bine c\u0103 de la aceast\u0103 institu\u021bie l-ar fi luat. Cleptomanul avocat nu \u0219tie ce s\u0103 mai mint\u0103. Programele speciale de violare a tuturor adreselor de e-mail sau de violare a tuturor website-urilor \u0219i-au spus cuv\u00e2ntul. Avocatul cleptoman, retard crede c\u0103 noi nu \u0219tim c\u00e2nd a intrat el \u00een mod fraudulos la website \u0219i la adresa de e-mail a ONRC Bucure\u0219ti. Tare dobitoc mai e acest onanist avocat Drago\u0219 Bogdan de la Stoica &amp; Asocia\u021bii. Masochistul Drago\u0219 Bogdan va fi b\u0103tut cu biciul lui de la partidele de masochism \u0219i va recunoa\u0219te tot ceea ce a comis. Acest document furat a ajuns la un complet de judecat\u0103. Am sesizat judec\u0103torul pentru a-i formula o sesizare la Parchetul de pe l\u00e2ng\u0103 Curtea de Apel Bucure\u0219ti. El a\u0219a a crezut c\u0103 se poate ob\u021bine date pentru societate \u0219i date pentru persoane fizice etc. prin folosirea de programe speciale \u0219i de a viola website-uri \u0219i adrese de e-mail. Cel mai mare infractor al Baroului Bucure\u0219ti este acest avocat retard, \u0219eful lui e fostul Ministru de Justi\u021bie Valeriu Stoica care \u00eel are la Stoica &amp; Asocia\u021bii. Noi \u00eel cunoa\u0219tem foarte bine pe Valeriu Stoica, e un om care nu-i plac m\u0103g\u0103riile sau furturile.<\/p>\n<figure id=\"attachment_5614\" aria-describedby=\"caption-attachment-5614\" style=\"width: 466px\" class=\"wp-caption aligncenter\"><a href=\"http:\/\/www.editiespecialapress.ro\/wp\/wp-content\/uploads\/2018\/07\/Stoica-Asocia\u021bii-vor-pl\u0103ti-pentru-cleptoman.png\"><img loading=\"lazy\" decoding=\"async\" class=\"wp-image-5614\" src=\"http:\/\/www.editiespecialapress.ro\/wp\/wp-content\/uploads\/2018\/07\/Stoica-Asocia\u021bii-vor-pl\u0103ti-pentru-cleptoman-400x133.png\" alt=\"\" width=\"466\" height=\"164\" \/><\/a><figcaption id=\"caption-attachment-5614\" class=\"wp-caption-text\">Stoica &amp; Asocia\u021bii vor pl\u0103ti pentru cleptoman<\/figcaption><\/figure>\n<p>Cu aceast\u0103 ocazie infrac\u021bional\u0103 credem c\u0103-l va \u00eenl\u0103tura pe acest infractor Drago\u0219 Bogdan de la Stoica &amp; Asocia\u021bii. Dac\u0103 nu-l va \u00eenl\u0103tura oricum nu o s\u0103 mai poat\u0103 profesa \u00eentruc\u00e2t va fi condamnat pentru toate infrac\u021biunile comise. Oricum el comite infrac\u021biuni zilnic p\u00e2n\u0103 la arestare. Sper\u0103m s\u0103 ne premieze pentru prinderea lui la website-ul \u0219i la adresa de e-mail a ONRC Bucure\u0219ti. Aceast\u0103 mizerie de infractor doar at\u00e2t a putut s\u0103 ne arate, pe viitor poate mai mult. Aceast\u0103 dejec\u021bie va sta \u00een ANP cel pu\u021bin 5 ani. Va pl\u0103ti bietul ex ministru Stoica pentru el daune materiale \u0219i daune morale la greu. Suntem obliga\u021bi s\u0103-i aplic\u0103m o corec\u021bie \u0219i s\u0103-i percepem impozitul pe prostie. Ne \u00eembog\u0103\u021bim cu fraieri din \u0103\u0219tia, tot s\u0103 comit\u0103 infrac\u021biuni. Acest escroc nu-\u0219i d\u0103 numele, \u0219i-a pus doar prenume.<\/p>\n<p style=\"text-align: right;\">Articol de Petrescu Mihai<\/p>\n","protected":false},"excerpt":{"rendered":"<p>Avocatul Drago\u0219 Bogdan de la Stoica &amp; Asocia\u021bii \u2013 Bucure\u0219ti a intrat cu programe speciale \u00een baza de date de la ONRC Bucure\u0219ti, a copiat statutul societ\u0103\u021bii Edi\u021bie Special\u0103 Press SRL \u0219i toate informa\u021biile de identificare ale asocia\u021bilor, sediului social, sedii secundare, punctele de lucru, drepturi de proprietate, situa\u021bii financiare, reprezenta\u021bii ac\u021bionari, persoane \u00eemputernicite, curator, [&hellip;]<\/p>\n","protected":false},"author":2,"featured_media":5613,"comment_status":"closed","ping_status":"open","sticky":false,"template":"","format":"standard","meta":{"footnotes":""},"categories":[2],"tags":[632,779,780,781,782],"class_list":{"0":"post-5610","1":"post","2":"type-post","3":"status-publish","4":"format-standard","5":"has-post-thumbnail","7":"category-ancheta","8":"tag-barou-bucuresti","9":"tag-dragos-bogdan","10":"tag-editie-speciala-press","11":"tag-stoica-asociatii","12":"tag-valeriu-stoica"},"_links":{"self":[{"href":"https:\/\/www.editiespecialapress.ro\/newtest\/wp-json\/wp\/v2\/posts\/5610","targetHints":{"allow":["GET"]}}],"collection":[{"href":"https:\/\/www.editiespecialapress.ro\/newtest\/wp-json\/wp\/v2\/posts"}],"about":[{"href":"https:\/\/www.editiespecialapress.ro\/newtest\/wp-json\/wp\/v2\/types\/post"}],"author":[{"embeddable":true,"href":"https:\/\/www.editiespecialapress.ro\/newtest\/wp-json\/wp\/v2\/users\/2"}],"replies":[{"embeddable":true,"href":"https:\/\/www.editiespecialapress.ro\/newtest\/wp-json\/wp\/v2\/comments?post=5610"}],"version-history":[{"count":0,"href":"https:\/\/www.editiespecialapress.ro\/newtest\/wp-json\/wp\/v2\/posts\/5610\/revisions"}],"wp:featuredmedia":[{"embeddable":true,"href":"https:\/\/www.editiespecialapress.ro\/newtest\/wp-json\/"}],"wp:attachment":[{"href":"https:\/\/www.editiespecialapress.ro\/newtest\/wp-json\/wp\/v2\/media?parent=5610"}],"wp:term":[{"taxonomy":"category","embeddable":true,"href":"https:\/\/www.editiespecialapress.ro\/newtest\/wp-json\/wp\/v2\/categories?post=5610"},{"taxonomy":"post_tag","embeddable":true,"href":"https:\/\/www.editiespecialapress.ro\/newtest\/wp-json\/wp\/v2\/tags?post=5610"}],"curies":[{"name":"wp","href":"https:\/\/api.w.org\/{rel}","templated":true}]}}