{"id":5638,"date":"2018-08-10T22:59:02","date_gmt":"2018-08-10T19:59:02","guid":{"rendered":"http:\/\/www.editiespecialapress.ro\/?p=5638"},"modified":"2018-08-10T22:59:02","modified_gmt":"2018-08-10T19:59:02","slug":"la-multi-ani-de-sfanta-maria-primaria-rociu-3","status":"publish","type":"post","link":"https:\/\/www.editiespecialapress.ro\/newtest\/2018\/08\/10\/la-multi-ani-de-sfanta-maria-primaria-rociu-3\/","title":{"rendered":"La Mul\u021bi Ani de Sf\u00e2nta Maria! &#8211; Prim\u0103ria Rociu"},"content":{"rendered":"<p>\u00cen aceast\u0103 zi special\u0103, v\u0103 transmitem cele mai sincere ur\u0103ri. S\u0103 ave\u021bi o via\u021b\u0103 plin\u0103 de lucruri bune iar Sf\u00e2nta Maria al c\u0103rei nume \u00eel purta\u021bi s\u0103 v\u0103 ocroteasc\u0103 mereu. \u00cen aceast\u0103 zi de mare s\u0103rb\u0103toare primi\u021bi din partea noastr\u0103 cele mai sincere ur\u0103ri de bine, s\u0103n\u0103tate, mult noroc si \u00eemplinirea tuturor dorin\u021belor. Dumnezeu s\u0103 v\u0103 c\u0103l\u0103uzeasc\u0103 in tot ceea ce face\u021bi. La mul\u021bi ani de ziua numelui vostru!<\/p>\n<p style=\"text-align: right;\"><strong> Prim\u0103ria Rociu (AG), <\/strong><\/p>\n<p style=\"text-align: right;\"><strong> Primar B\u0103l\u0103\u0219oiu Aurel \u00eempreun\u0103 cu angaja\u021bii prim\u0103riei \u0219i Consiliul Local<\/strong><\/p>\n","protected":false},"excerpt":{"rendered":"<p>\u00cen aceast\u0103 zi special\u0103, v\u0103 transmitem cele mai sincere ur\u0103ri. S\u0103 ave\u021bi o via\u021b\u0103 plin\u0103 de lucruri bune iar Sf\u00e2nta Maria al c\u0103rei nume \u00eel purta\u021bi s\u0103 v\u0103 ocroteasc\u0103 mereu. \u00cen aceast\u0103 zi de mare s\u0103rb\u0103toare primi\u021bi din partea noastr\u0103 cele mai sincere ur\u0103ri de bine, s\u0103n\u0103tate, mult noroc si \u00eemplinirea tuturor dorin\u021belor. Dumnezeu s\u0103 [&hellip;]<\/p>\n","protected":false},"author":2,"featured_media":5639,"comment_status":"closed","ping_status":"open","sticky":false,"template":"","format":"standard","meta":{"footnotes":""},"categories":[4],"tags":[],"class_list":{"0":"post-5638","1":"post","2":"type-post","3":"status-publish","4":"format-standard","5":"has-post-thumbnail","7":"category-felicitari"},"_links":{"self":[{"href":"https:\/\/www.editiespecialapress.ro\/newtest\/wp-json\/wp\/v2\/posts\/5638","targetHints":{"allow":["GET"]}}],"collection":[{"href":"https:\/\/www.editiespecialapress.ro\/newtest\/wp-json\/wp\/v2\/posts"}],"about":[{"href":"https:\/\/www.editiespecialapress.ro\/newtest\/wp-json\/wp\/v2\/types\/post"}],"author":[{"embeddable":true,"href":"https:\/\/www.editiespecialapress.ro\/newtest\/wp-json\/wp\/v2\/users\/2"}],"replies":[{"embeddable":true,"href":"https:\/\/www.editiespecialapress.ro\/newtest\/wp-json\/wp\/v2\/comments?post=5638"}],"version-history":[{"count":0,"href":"https:\/\/www.editiespecialapress.ro\/newtest\/wp-json\/wp\/v2\/posts\/5638\/revisions"}],"wp:featuredmedia":[{"embeddable":true,"href":"https:\/\/www.editiespecialapress.ro\/newtest\/wp-json\/"}],"wp:attachment":[{"href":"https:\/\/www.editiespecialapress.ro\/newtest\/wp-json\/wp\/v2\/media?parent=5638"}],"wp:term":[{"taxonomy":"category","embeddable":true,"href":"https:\/\/www.editiespecialapress.ro\/newtest\/wp-json\/wp\/v2\/categories?post=5638"},{"taxonomy":"post_tag","embeddable":true,"href":"https:\/\/www.editiespecialapress.ro\/newtest\/wp-json\/wp\/v2\/tags?post=5638"}],"curies":[{"name":"wp","href":"https:\/\/api.w.org\/{rel}","templated":true}]}}